{"id":14849,"date":"2018-04-05T15:34:52","date_gmt":"2018-04-05T15:34:52","guid":{"rendered":"https:\/\/moir.org.co\/web\/?p=14849"},"modified":"2018-04-05T15:34:52","modified_gmt":"2018-04-05T15:34:52","slug":"forjemos-riqueza","status":"publish","type":"post","link":"https:\/\/moir.com.co\/web\/forjemos-riqueza\/","title":{"rendered":"Forjemos riqueza"},"content":{"rendered":"<p><strong>Jos\u00e9 Rafael Espinel P\u00e1ez, C\u00facuta, abril 5 de 2018<\/strong><\/p>\n<p>Si tenemos en cuenta que la producci\u00f3n de los medios de subsistencia, como alimentos, ropa y vivienda y los instrumentos para producirlos, junto con el orden social en que viven los hombres en cada \u00e9poca y pa\u00eds determinados, son los factores principales para ver la historia, entenderemos de d\u00f3nde venimos y para d\u00f3nde vamos<em>.<\/em><\/p>\n<p>Despu\u00e9s de la comunidad primitiva, el salvajismo y la barbarie, en la llamada civilizaci\u00f3n se fue conformando el Estado. Se cree que para resolver las contradicciones entre los individuos, con el fin de tener una vida mejor, pero la verdad es que en el esclavismo, los amos oprim\u00edan a los esclavos, en el feudalismo, los terratenientes a los campesinos, en el capitalismo productivo, la burgues\u00eda a los obreros. Ahora bien, es bueno recordar que la burgues\u00eda en su primera etapa fue revolucionaria, aunque engendrando una creciente desigualdad.<\/p>\n<p>Estamos ahora en la era del capitalismo financiero, que se rige por el agio y la especulaci\u00f3n y explota a toda la sociedad. Vemos as\u00ed como el Estado, con todas sus instituciones, ha servido y sirve para que la clase en el poder exprima, en su beneficio, a las dem\u00e1s clases sociales.<\/p>\n<p>Desafortunadamente para Colombia, los que nos descubrieron trajeron el atraso feudal y no el progreso capitalista. Quedamos en el peor de los mundos, sufrimos los males del capitalismo pero no gozamos de sus ventajas. Primero el feudalismo y ahora el capital financiero no han permitido que produzcamos en la ciudad y el campo lo que el pueblo necesita. No puede ser, por ejemplo, que camisetas amarillas de la Selecci\u00f3n Colombia, orgullo nacional, no se fabriquen en el pa\u00eds.<\/p>\n<p>Han vendido la idea de que sigamos con el modelo extractivista que nos impusieron los espa\u00f1oles, cuando les d\u00e1bamos oro y ellos nos daban espejitos, abalorios y chucher\u00edas, y el agro solo exportaba quina y otros pocos productos. Seguimos igual, sometidos a un modelo extractivo que promueve la exportaci\u00f3n de materias primas sin valor agregado, principalmente la miner\u00eda, no importa si afecta el agua y el medio ambiente. Los TLC nos someten a que importemos todo lo que nuestros productores de la ciudad y el campo pueden producir y, como taparrabos, se nos dice que para competir con los pa\u00edses desarrollados exportemos algunos frutos tropicales y ex\u00f3ticos, pitaya, uchuvas, aguacates\u2026<\/p>\n<p>Para completar, en el actual debate presidencial, los m\u00e1ximos exponentes de los \u201cmismos con las mismas\u201d, Iv\u00e1n Duque y Vargas Lleras, no critican el agio y la especulaci\u00f3n financiera, cuando en la actualidad la usura \u201clegal\u201d est\u00e1 en el 31,02 %, y los intereses autorizados al microcr\u00e9dito en 51,1%. <a href=\"https:\/\/bit.ly\/2gJBuVT\">https:\/\/bit.ly\/2gJBuVT<\/a> Esto sin hablar de los pr\u00e9stamos \u201cgota a gota\u201d.<\/p>\n<p>Levantando como bandera principal la educaci\u00f3n, cambiemos el paradigma de la especulaci\u00f3n por el de la producci\u00f3n, en concreto, defendiendo nuestro mercado interno, apoyando a los productores de la ciudad y el campo, creando puestos de trabajo productivos, pues es industrializando al pa\u00eds y apoyando el agro como forjamos riqueza, que es la base para mejorar la salud, la educaci\u00f3n, la vivienda, etc.<\/p>\n<p>No perdamos esta oportunidad de empezar un cambio en pos de una mejor calidad de vida. Su voto, insumiso y consciente, es importante. Con Fajardo, Se puede.<\/p>\n","protected":false},"excerpt":{"rendered":"<p>Jos\u00e9 Rafael Espinel P\u00e1ez, C\u00facuta, abril 5 de 2018 Si tenemos en cuenta que la producci\u00f3n de los medios de subsistencia, como alimentos, ropa y vivienda y los instrumentos para producirlos, junto con el orden social en que viven los hombres en cada \u00e9poca y pa\u00eds determinados, son los factores principales para ver la historia, [&hellip;]<\/p>\n","protected":false},"author":1,"featured_media":14831,"comment_status":"open","ping_status":"open","sticky":false,"template":"","format":"standard","meta":{"advanced_seo_description":"","jetpack_seo_html_title":"","jetpack_seo_noindex":false,"_jetpack_memberships_contains_paid_content":false,"footnotes":""},"categories":[114,102,97,98],"tags":[],"class_list":["post-14849","post","type-post","status-publish","format-standard","has-post-thumbnail","hentry","category-agro","category-economia","category-imperialismo-y-neoliberalismo","category-politica"],"jetpack_featured_media_url":"https:\/\/i0.wp.com\/moir.com.co\/web\/wp-content\/uploads\/2018\/04\/fajardo.jpeg?fit=300%2C168&ssl=1","jetpack-related-posts":[{"id":3168,"url":"https:\/\/moir.com.co\/web\/sobre-el-estado-1\/","url_meta":{"origin":14849,"position":0},"title":"SOBRE EL ESTADO [1]","author":"admin","date":"junio 1, 2009","format":false,"excerpt":"Camaradas, el tema de la charla de hoy, de acuerdo con el plan trazado por ustedes que me ha sido comunicado, es el Estado. Ignoro hasta qu\u00e9 punto est\u00e1n ustedes al tanto de este tema. Si no me equivoco, sus cursos acaban de iniciarse, y por primera vez abordar\u00e1n sistem\u00e1ticamente\u2026","rel":"","context":"En \u00abVLAD\u00cdMIR ILICH LENIN\u00bb","block_context":{"text":"VLAD\u00cdMIR ILICH LENIN","link":"https:\/\/moir.com.co\/web\/category\/marxismo\/vladimir-ilich-lenin\/"},"img":{"alt_text":"","src":"","width":0,"height":0},"classes":[]},{"id":4910,"url":"https:\/\/moir.com.co\/web\/alma-de-esclavos\/","url_meta":{"origin":14849,"position":1},"title":"Alma de esclavos","author":"admin","date":"octubre 19, 2010","format":false,"excerpt":"CON EXCEPCIONES HONROSAS COmo la de Horacio Serpa, gobernador de Santander que en defensa de las regal\u00edas regionales ofrece rendir cuentas de lo suyo y pide c\u00e1rcel para los corruptos, no son gobernantes de provincia y sus compinches de la motosierra los \u00fanicos usurpadores de estos recursos. Tambi\u00e9n las multinacionales\u2026","rel":"","context":"En \u00abRevista de Prensa\u00bb","block_context":{"text":"Revista de Prensa","link":"https:\/\/moir.com.co\/web\/category\/prensa\/revista-de-prensa\/"},"img":{"alt_text":"","src":"","width":0,"height":0},"classes":[]},{"id":19385,"url":"https:\/\/moir.com.co\/web\/la-lucha-de-las-mujeres-en-la-historia-de-las-sociedades\/","url_meta":{"origin":14849,"position":2},"title":"La lucha de las mujeres en la historia de las sociedades","author":"admin","date":"diciembre 6, 2021","format":false,"excerpt":"Mar\u00eda Antonieta Cano, Bogot\u00e1, diciembre 3 de 2021 La mujer en las comunidades primitivas\u00a0 La opresi\u00f3n de la mujer es el resultado de un hecho social e hist\u00f3rico, no siempre fue as\u00ed, durante millones de a\u00f1os la humanidad vivi\u00f3 en una sociedad igualitaria donde la cooperaci\u00f3n y la solidaridad eran\u2026","rel":"","context":"En \u00abEconom\u00eda\u00bb","block_context":{"text":"Econom\u00eda","link":"https:\/\/moir.com.co\/web\/category\/temas\/economia\/"},"img":{"alt_text":"","src":"https:\/\/i0.wp.com\/moir.com.co\/web\/wp-content\/uploads\/2021\/12\/Mujeresdiacontraviolencia.jpeg.jpeg?fit=1200%2C800&ssl=1&resize=350%2C200","width":350,"height":200,"srcset":"https:\/\/i0.wp.com\/moir.com.co\/web\/wp-content\/uploads\/2021\/12\/Mujeresdiacontraviolencia.jpeg.jpeg?fit=1200%2C800&ssl=1&resize=350%2C200 1x, https:\/\/i0.wp.com\/moir.com.co\/web\/wp-content\/uploads\/2021\/12\/Mujeresdiacontraviolencia.jpeg.jpeg?fit=1200%2C800&ssl=1&resize=525%2C300 1.5x, https:\/\/i0.wp.com\/moir.com.co\/web\/wp-content\/uploads\/2021\/12\/Mujeresdiacontraviolencia.jpeg.jpeg?fit=1200%2C800&ssl=1&resize=700%2C400 2x, https:\/\/i0.wp.com\/moir.com.co\/web\/wp-content\/uploads\/2021\/12\/Mujeresdiacontraviolencia.jpeg.jpeg?fit=1200%2C800&ssl=1&resize=1050%2C600 3x"},"classes":[]},{"id":17914,"url":"https:\/\/moir.com.co\/web\/las-ensenanzas-de-una-revolucion\/","url_meta":{"origin":14849,"position":3},"title":"Las ense\u00f1anzas de una revoluci\u00f3n","author":"admin","date":"agosto 13, 2019","format":false,"excerpt":"Gustavo Quesada, Bogot\u00e1, agosto de 2019 Hay toda una tendencia historiogr\u00e1fica que presenta nuestra Revoluci\u00f3n de Independencia (1810-1819) como una guerra civil o como la respuesta de la \u201caristocracia criolla\u201d y sus redes de parentesco, a la coyuntura (1808-1810: invasi\u00f3n napole\u00f3nica, abdicaci\u00f3n de Carlos IV y Fernando VII, nombramiento de\u2026","rel":"","context":"En \u00abHistoria\u00bb","block_context":{"text":"Historia","link":"https:\/\/moir.com.co\/web\/category\/temas\/historia\/"},"img":{"alt_text":"","src":"","width":0,"height":0},"classes":[]},{"id":22494,"url":"https:\/\/moir.com.co\/web\/la-lucha-de-las-mujeres-en-la-historia-de-las-sociedades%ef%bf%bc\/","url_meta":{"origin":14849,"position":4},"title":"La lucha de las mujeres en la historia de las sociedades\ufffc","author":"admin","date":"agosto 5, 2022","format":false,"excerpt":"La lucha de las mujeres en la historia de las sociedades Compartir publicaci\u00f3n Mar\u00eda Antonieta Cano, Bogot\u00e1, noviembre de 2021La mujer en las comunidades primitivas\u00a0La opresi\u00f3n de la mujer es el resultado de un hecho social e hist\u00f3rico, no siempre fue as\u00ed, durante millones de a\u00f1os la humanidad vivi\u00f3 en\u2026","rel":"","context":"En \u00abEducaci\u00f3n\u00bb","block_context":{"text":"Educaci\u00f3n","link":"https:\/\/moir.com.co\/web\/category\/temas\/educacion\/"},"img":{"alt_text":"","src":"https:\/\/i0.wp.com\/moir.com.co\/web\/wp-content\/uploads\/2020\/08\/MariaAntonietaCanoNoAlternancia.jpg?fit=960%2C960&ssl=1&resize=350%2C200","width":350,"height":200,"srcset":"https:\/\/i0.wp.com\/moir.com.co\/web\/wp-content\/uploads\/2020\/08\/MariaAntonietaCanoNoAlternancia.jpg?fit=960%2C960&ssl=1&resize=350%2C200 1x, https:\/\/i0.wp.com\/moir.com.co\/web\/wp-content\/uploads\/2020\/08\/MariaAntonietaCanoNoAlternancia.jpg?fit=960%2C960&ssl=1&resize=525%2C300 1.5x, https:\/\/i0.wp.com\/moir.com.co\/web\/wp-content\/uploads\/2020\/08\/MariaAntonietaCanoNoAlternancia.jpg?fit=960%2C960&ssl=1&resize=700%2C400 2x"},"classes":[]},{"id":4063,"url":"https:\/\/moir.com.co\/web\/la-tragedia-de-haiti-entre-la-catastrofe-del-terremoto-y-la-calamidad-del-saqueo-imperialista\/","url_meta":{"origin":14849,"position":5},"title":"La tragedia de Hait\u00ed: entre la cat\u00e1strofe del terremoto y la calamidad del saqueo imperialista","author":"admin","date":"febrero 8, 2010","format":false,"excerpt":"I Hait\u00ed, ocupa la parte occidental de la Isla la Espa\u00f1ola, el primer territorio donde Col\u00f3n a nombre de la Corona fund\u00f3 los primeros asentamientos coloniales. A finales del siglo XVII, el territorio haitiano paso a ser posesi\u00f3n de los franceses quienes la convirtieron en la m\u00e1s rica colonia de\u2026","rel":"","context":"En \u00abTemas\u00bb","block_context":{"text":"Temas","link":"https:\/\/moir.com.co\/web\/category\/temas\/"},"img":{"alt_text":"","src":"","width":0,"height":0},"classes":[]}],"jetpack_sharing_enabled":true,"_links":{"self":[{"href":"https:\/\/moir.com.co\/web\/wp-json\/wp\/v2\/posts\/14849","targetHints":{"allow":["GET"]}}],"collection":[{"href":"https:\/\/moir.com.co\/web\/wp-json\/wp\/v2\/posts"}],"about":[{"href":"https:\/\/moir.com.co\/web\/wp-json\/wp\/v2\/types\/post"}],"author":[{"embeddable":true,"href":"https:\/\/moir.com.co\/web\/wp-json\/wp\/v2\/users\/1"}],"replies":[{"embeddable":true,"href":"https:\/\/moir.com.co\/web\/wp-json\/wp\/v2\/comments?post=14849"}],"version-history":[{"count":1,"href":"https:\/\/moir.com.co\/web\/wp-json\/wp\/v2\/posts\/14849\/revisions"}],"predecessor-version":[{"id":14850,"href":"https:\/\/moir.com.co\/web\/wp-json\/wp\/v2\/posts\/14849\/revisions\/14850"}],"wp:featuredmedia":[{"embeddable":true,"href":"https:\/\/moir.com.co\/web\/wp-json\/wp\/v2\/media\/14831"}],"wp:attachment":[{"href":"https:\/\/moir.com.co\/web\/wp-json\/wp\/v2\/media?parent=14849"}],"wp:term":[{"taxonomy":"category","embeddable":true,"href":"https:\/\/moir.com.co\/web\/wp-json\/wp\/v2\/categories?post=14849"},{"taxonomy":"post_tag","embeddable":true,"href":"https:\/\/moir.com.co\/web\/wp-json\/wp\/v2\/tags?post=14849"}],"curies":[{"name":"wp","href":"https:\/\/api.w.org\/{rel}","templated":true}]}}