{"id":14821,"date":"2018-04-03T18:50:28","date_gmt":"2018-04-03T18:50:28","guid":{"rendered":"https:\/\/moir.org.co\/web\/?p=14821"},"modified":"2018-04-03T18:50:28","modified_gmt":"2018-04-03T18:50:28","slug":"derrotemos-los-dogmatismos","status":"publish","type":"post","link":"https:\/\/moir.com.co\/web\/derrotemos-los-dogmatismos\/","title":{"rendered":"Derrotemos los dogmatismos"},"content":{"rendered":"<p><strong>Libardo G\u00f3mez S\u00e1nchez, Neiva, abril 2 de 2018<\/strong><\/p>\n<p>No cabe duda que este es un pa\u00eds muy complejo, transcurrida la semana Santa que tuvo numeroso p\u00fablico para las iglesias y\u00a0 para los centros de diversi\u00f3n, nos preguntamos que quieren los colombianos para los pr\u00f3ximos cuatro a\u00f1os. En medio de una escalada de noticias de desastres ambientales, como el fat\u00eddico derrame de petr\u00f3leo del pozo Lizama; de nuevos asesinatos de l\u00edderes sociales comprometidos con reclamos de diferentes comunidades; cifras que confirman los resultados negativos de la econom\u00eda, una tasa de desempleo cercana al 11% seg\u00fan la metodolog\u00eda oficial que oculta otro tanto de econom\u00eda informal; nuevas denuncias de casos aterradores de corrupci\u00f3n con los recursos p\u00fablicos y una campa\u00f1a electoral en la que priman los ep\u00edtetos y las mentiras, con tal de desacreditar al contradictor y un electorado acr\u00edtico, desentendido de las propuestas de los candidatos, que constituyen el insumo b\u00e1sico para entender, cu\u00e1l es el camino \u00a0por el que pretenden conducir nuestro futuro inmediato.<\/p>\n<p>&nbsp;<\/p>\n<p>En los corrillos a diario se escuchan quejas por la falta de trabajo y oportunidades, maldiciones por el p\u00e9simo servicio de salud, lamentaciones por el precario nivel de la educaci\u00f3n p\u00fablica y privada, decepci\u00f3n por la descomposici\u00f3n de los \u00f3rganos institucionales que no contribuyen al bienestar general y por el contrario agravan las desigualdades; sin embargo, la respuesta de las mayor\u00edas es darle la espalda a los procesos que definen las pol\u00edticas y los gobernantes o incluso mantener a los mismos, con el argumento del temor \u00a0a los cambios.<\/p>\n<p>&nbsp;<\/p>\n<p>Las encuestas\u00a0 hoy \u00a0las lideran quienes encarnan dos opciones que se presentan como opuestas y que parad\u00f3jicamente se encuentran, porque coinciden en ofrecer un pa\u00eds que excluye al contrario; resolver los innumerables problemas que nos aquejan requiere del concurso de las mayor\u00edas, de aquellos que independientemente de su credo pol\u00edtico o religioso, tengan la capacidad de liderar procesos que construyan pa\u00eds, dentro del marco de una pol\u00edtica de soberan\u00eda e independencia, que comprenda que los capitales extranjeros sirven siempre y cuando no trunquen ni \u00a0sustituyan la iniciativa nacional; que la naturaleza es un bien preciado que hay que intervenir, porque se requiere y porque es la \u00fanica forma de conocerla para tratarla mejor, as\u00ed como es necesario ir al espacio para apropiarnos de \u00e9l; solo alt\u00edsimos niveles del conocimiento nos permitir\u00e1n resolver con acierto las expectativas de nuestra naci\u00f3n diversa, sin copiar las formulas propuestas por otros dise\u00f1adas en contextos y situaciones diferentes; \u00a0sin los apasionamientos del pasado podremos escoger mejor lo que nos conviene a todos.<\/p>\n","protected":false},"excerpt":{"rendered":"<p>Libardo G\u00f3mez S\u00e1nchez, Neiva, abril 2 de 2018 No cabe duda que este es un pa\u00eds muy complejo, transcurrida la semana Santa que tuvo numeroso p\u00fablico para las iglesias y\u00a0 para los centros de diversi\u00f3n, nos preguntamos que quieren los colombianos para los pr\u00f3ximos cuatro a\u00f1os. En medio de una escalada de noticias de desastres [&hellip;]<\/p>\n","protected":false},"author":1,"featured_media":14582,"comment_status":"open","ping_status":"open","sticky":false,"template":"","format":"standard","meta":{"advanced_seo_description":"","jetpack_seo_html_title":"","jetpack_seo_noindex":false,"_jetpack_memberships_contains_paid_content":false,"footnotes":""},"categories":[102,97,98],"tags":[],"class_list":["post-14821","post","type-post","status-publish","format-standard","has-post-thumbnail","hentry","category-economia","category-imperialismo-y-neoliberalismo","category-politica"],"jetpack_featured_media_url":"https:\/\/i0.wp.com\/moir.com.co\/web\/wp-content\/uploads\/2018\/02\/predialconfiscatorio.jpeg?fit=250%2C201&ssl=1","jetpack-related-posts":[{"id":15437,"url":"https:\/\/moir.com.co\/web\/la-economia-naranja-sin-madurar\/","url_meta":{"origin":14821,"position":0},"title":"La econom\u00eda naranja sin madurar","author":"admin","date":"julio 16, 2018","format":false,"excerpt":"Guillermo Maya, El Tiempo, Bogot\u00e1 D.C., 14 de julio de 2018 Hay que promover el talento nacional, pero las fuerzas del mercado no lo har\u00e1n por s\u00ed solas. \u2018La econom\u00eda naranja, una oportunidad infinita\u2019 es el libro que el presidente electo 2018-2022, Iv\u00e1n Duque y su coautor, Felipe Buitrago, publicaron\u2026","rel":"","context":"En \u00abArtes\u00bb","block_context":{"text":"Artes","link":"https:\/\/moir.com.co\/web\/category\/temas\/artes\/"},"img":{"alt_text":"","src":"https:\/\/i0.wp.com\/moir.com.co\/web\/wp-content\/uploads\/2018\/07\/economianaranja.png?fit=352%2C352&ssl=1&resize=350%2C200","width":350,"height":200},"classes":[]},{"id":2909,"url":"https:\/\/moir.com.co\/web\/iii-caracteristicas-historicas-de-china\/","url_meta":{"origin":14821,"position":1},"title":"III. CARACTERISTICAS HISTORICAS DE CHINA","author":"admin","date":"abril 1, 2009","format":false,"excerpt":"Queremos forjar una nueva cultura de la naci\u00f3n china, pero \u00bfqu\u00e9 tipo de cultura debe ser \u00e9sta? Una cultura dada (como forma ideol\u00f3gica) es el reflejo de la pol\u00edtica y la econom\u00eda de una sociedad determinada y, a su vez, influye y act\u00faa en gran medida sobre \u00e9stas; la econom\u00eda\u2026","rel":"","context":"Entrada similar","block_context":{"text":"Entrada similar","link":""},"img":{"alt_text":"","src":"","width":0,"height":0},"classes":[]},{"id":17759,"url":"https:\/\/moir.com.co\/web\/patrimonio-publico-nacional-al-mejor-postor\/","url_meta":{"origin":14821,"position":2},"title":"Patrimonio P\u00fablico Nacional al mejor postor","author":"admin","date":"julio 16, 2019","format":false,"excerpt":"Norman Alarc\u00f3n Rodas, Barranquilla, julio 12 de 2019 La palabra patrimonio viene prestada del lat\u00edn patrimonium \u2018bienes heredados de los padres\u2019. Si le agregamos p\u00fablico quiere decir lo que heredamos de la sociedad, ya sean bienes materiales, espirituales, tangibles e intangibles, provenientes de las generaciones que nos han antecedido y\u2026","rel":"","context":"En \u00abEconom\u00eda\u00bb","block_context":{"text":"Econom\u00eda","link":"https:\/\/moir.com.co\/web\/category\/temas\/economia\/"},"img":{"alt_text":"","src":"","width":0,"height":0},"classes":[]},{"id":2912,"url":"https:\/\/moir.com.co\/web\/vi-la-economia-de-nueva-democracia\/","url_meta":{"origin":14821,"position":3},"title":"VI. LA ECONOMIA DE NUEVA DEMOCRACIA","author":"admin","date":"abril 1, 2009","format":false,"excerpt":"La rep\u00fablica de este tipo que se establezca en China debe ser de nueva democracia no s\u00f3lo en su pol\u00edtica, sino tambi\u00e9n en su econom\u00eda. Los grandes bancos y las grandes empresas industriales y comerciales deben ser propiedad estatal en esta rep\u00fablica. \"Todas las empresas, pertenecientes a chinos o extranjeros,\u2026","rel":"","context":"Entrada similar","block_context":{"text":"Entrada similar","link":""},"img":{"alt_text":"","src":"","width":0,"height":0},"classes":[]},{"id":2917,"url":"https:\/\/moir.com.co\/web\/xi-la-cultura-de-nueva-democracia\/","url_meta":{"origin":14821,"position":4},"title":"XI. LA CULTURA DE NUEVA DEMOCRACIA","author":"admin","date":"abril 1, 2009","format":false,"excerpt":"Hemos explicado arriba las caracter\u00edsticas hist\u00f3ricas de la pol\u00edtica china en el nuevo per\u00edodo y la cuesti\u00f3n de la rep\u00fablica de nueva democracia. Ahora podemos pasar a la cuesti\u00f3n de la cultura. Una cultura dada es el reflejo, en el plano ideol\u00f3gico, de la pol\u00edtica y la econom\u00eda de una\u2026","rel":"","context":"Entrada similar","block_context":{"text":"Entrada similar","link":""},"img":{"alt_text":"","src":"","width":0,"height":0},"classes":[]},{"id":16326,"url":"https:\/\/moir.com.co\/web\/video-concejal-manuel-sarmiento-presenta-nuevas-pruebas-de-la-ilegalidad-del-metro-elevado\/","url_meta":{"origin":14821,"position":5},"title":"Video: Concejal Manuel Sarmiento presenta nuevas pruebas de la ilegalidad del metro elevado","author":"admin","date":"noviembre 4, 2018","format":"video","excerpt":"Bogot\u00e1, noviembre 1 de\u00a0 2018","rel":"","context":"En \u00abBogot\u00e1\u00bb","block_context":{"text":"Bogot\u00e1","link":"https:\/\/moir.com.co\/web\/category\/temas\/bogota\/"},"img":{"alt_text":"","src":"","width":0,"height":0},"classes":[]}],"jetpack_sharing_enabled":true,"_links":{"self":[{"href":"https:\/\/moir.com.co\/web\/wp-json\/wp\/v2\/posts\/14821","targetHints":{"allow":["GET"]}}],"collection":[{"href":"https:\/\/moir.com.co\/web\/wp-json\/wp\/v2\/posts"}],"about":[{"href":"https:\/\/moir.com.co\/web\/wp-json\/wp\/v2\/types\/post"}],"author":[{"embeddable":true,"href":"https:\/\/moir.com.co\/web\/wp-json\/wp\/v2\/users\/1"}],"replies":[{"embeddable":true,"href":"https:\/\/moir.com.co\/web\/wp-json\/wp\/v2\/comments?post=14821"}],"version-history":[{"count":1,"href":"https:\/\/moir.com.co\/web\/wp-json\/wp\/v2\/posts\/14821\/revisions"}],"predecessor-version":[{"id":14822,"href":"https:\/\/moir.com.co\/web\/wp-json\/wp\/v2\/posts\/14821\/revisions\/14822"}],"wp:featuredmedia":[{"embeddable":true,"href":"https:\/\/moir.com.co\/web\/wp-json\/wp\/v2\/media\/14582"}],"wp:attachment":[{"href":"https:\/\/moir.com.co\/web\/wp-json\/wp\/v2\/media?parent=14821"}],"wp:term":[{"taxonomy":"category","embeddable":true,"href":"https:\/\/moir.com.co\/web\/wp-json\/wp\/v2\/categories?post=14821"},{"taxonomy":"post_tag","embeddable":true,"href":"https:\/\/moir.com.co\/web\/wp-json\/wp\/v2\/tags?post=14821"}],"curies":[{"name":"wp","href":"https:\/\/api.w.org\/{rel}","templated":true}]}}