{"id":14808,"date":"2018-04-02T18:32:03","date_gmt":"2018-04-02T18:32:03","guid":{"rendered":"https:\/\/moir.org.co\/web\/?p=14808"},"modified":"2018-04-02T18:32:03","modified_gmt":"2018-04-02T18:32:03","slug":"las-entidades-sin-animo-de-lucro-en-jaque","status":"publish","type":"post","link":"https:\/\/moir.com.co\/web\/las-entidades-sin-animo-de-lucro-en-jaque\/","title":{"rendered":"Las entidades sin \u00e1nimo de lucro en jaque"},"content":{"rendered":"<p><strong>Dar\u00edo Arenas Villegas, Manizales, marzo 29 de 2018<\/strong><\/p>\n<p>Los colombianos seguimos padeciendo los efectos de la reforma tributaria de 2016. Adem\u00e1s de profundizar la inicua estructura tributaria del pa\u00eds, basada en impuestos indirectos y regresivos como el IVA, la reforma ha propiciado que los hogares m\u00e1s pobres y de clase media tengan que pagar casi $50.000 pesos m\u00e1s en tributos cada mes, al mismo tiempo que ensancha la desigualdad del pa\u00eds, como lo demuestra el hecho de que el coeficiente de Gini antes de impuestos sea de 0,52 y despu\u00e9s de ellos sea de 0,57 (Justicia Tributaria, 2017).<\/p>\n<p>Adem\u00e1s de estas consecuencias, la reforma tributaria le est\u00e1 tendiendo una emboscada a las entidades sin \u00e1nimo de lucro de Colombia. Mediante el Decreto 2150 de diciembre de 2017, el Ministerio de Hacienda reglament\u00f3 algunas disposiciones de la Reforma Tributaria frente a estas organizaciones. Las modificaciones que pretende adelantar el Gobierno nacional se basan en premisas falsas y que demuestran su desconocimiento del sector. Se busca hiper-reglamentar el desarrollo de las ONG y otras entidades, partiendo de la afirmaci\u00f3n falsa de que en el sector no existe normatividad, a sabiendas de que desde la Constituci\u00f3n de 1886 hay normas para controlar estas organizaciones y que por ello hacen parte de un r\u00e9gimen especial sujeto a vigilancia y control. Se\u00f1ala tambi\u00e9n el Ministerio de Hacienda que las ONG son propensas a enga\u00f1ar, ocultar informaci\u00f3n y a blanquear dineros, cuando la realidad demuestra que la gran mayor\u00eda de estas entidades son creadas para contribuir en aspectos esenciales para la sociedad civil y no para ejercer actos de<br \/>\ncorrupci\u00f3n.<\/p>\n<p>El decreto plantea medidas que ser\u00e1n muy dif\u00edciles de alcanzar para la gran mayor\u00eda de entidades sin \u00e1nimo de lucro del pa\u00eds, que seg\u00fan algunas estimaciones, son m\u00e1s de 100.000. Para mantener el r\u00e9gimen especial, estas entidades tendr\u00e1n que realizar un registro web en las p\u00e1ginas de la DIAN y en las propias, indicando los datos de los fundadores, los miembros de \u00f3rganos de direcci\u00f3n, estados financieros, reportes anuales con todos los proyectos ejecutados, identificaci\u00f3n de los donantes, monto de las donaciones y declaraciones de renta, entre otros. De entrada esto implica un nivel de organizaci\u00f3n y visibilizaci\u00f3n que pocas entidades poseen en la actualidad, ya que muchas desarrollan su labor meritoria sin buscar exposici\u00f3n p\u00fablica y otras ni siquiera tienen p\u00e1gina web -y les ser\u00e1 muy dif\u00edcil montar una- a ra\u00edz de su naturaleza, las actividades que desarrollan y los miembros que la conforman. La norma se\u00f1ala adem\u00e1s que todas las actividades que desarrollen los miembros de las organizaciones, que generen alguna remuneraci\u00f3n o pago, deber\u00e1n hacerse mediante contratos o actos jur\u00eddicos ordinarios, lo cual, sumado al resto de exigencias, implicar\u00e1 la necesidad de contratar servicios de asesor\u00eda jur\u00eddica, contable y financiera casi permanentemente, con los gastos que esto acarrea.<\/p>\n<p>El sistema de donaciones se desestimular\u00e1 ampliamente ya que adem\u00e1s de hacerse p\u00fablicas en los sitios web de la DIAN y de las organizaciones, y de tener que ser manejadas a trav\u00e9s de entidades financieras, el Decreto modifica los beneficios a los que tienen derecho los donantes, ya que los donativos no ser\u00e1n deducibles del impuesto sobre la renta y complementarios, como en la actualidad, sino que propiciar\u00e1n un descuento equivalente al 25%.\u00a0 El plazo para cumplir con estos y m\u00e1s requisitos es el 30 de abril de 2018, lo cual depara un panorama gris para las entidades sin \u00e1nimo de lucro del pa\u00eds. La entrada en vigencia de este decreto fomentar\u00e1 no solo la informalidad, ya que est\u00e1 demostrado que la tramitoman\u00eda y las exigencias ajenas a la realidad promueven la evasi\u00f3n de las normas, sino que profundizar\u00e1 la desorganizaci\u00f3n de la sociedad civil, que mediante estas organizaciones se une para desarrollar actividades valiosas y para alcanzar prop\u00f3sitos comunes y altruistas.<\/p>\n<p>El Decreto 2150 de 2017 debe ser derogado o su entrada en vigencia debe ser pospuesta ya que no busca adecuar el derecho a la realidad y a las necesidades de la sociedad, por el contrario, pretende que la realidad se ajuste a exigencias absurdas, que terminar\u00e1n modificando la naturaleza de las entidades sin \u00e1nimo de lucro y erosionando la marchitada organizaci\u00f3n social del pa\u00eds.<\/p>\n","protected":false},"excerpt":{"rendered":"<p>Dar\u00edo Arenas Villegas, Manizales, marzo 29 de 2018 Los colombianos seguimos padeciendo los efectos de la reforma tributaria de 2016. Adem\u00e1s de profundizar la inicua estructura tributaria del pa\u00eds, basada en impuestos indirectos y regresivos como el IVA, la reforma ha propiciado que los hogares m\u00e1s pobres y de clase media tengan que pagar casi [&hellip;]<\/p>\n","protected":false},"author":1,"featured_media":14809,"comment_status":"open","ping_status":"open","sticky":false,"template":"","format":"standard","meta":{"advanced_seo_description":"","jetpack_seo_html_title":"","jetpack_seo_noindex":false,"_jetpack_memberships_contains_paid_content":false,"footnotes":""},"categories":[102,97,98],"tags":[],"class_list":["post-14808","post","type-post","status-publish","format-standard","has-post-thumbnail","hentry","category-economia","category-imperialismo-y-neoliberalismo","category-politica"],"jetpack_featured_media_url":"https:\/\/i0.wp.com\/moir.com.co\/web\/wp-content\/uploads\/2018\/04\/fundacionessinlucro.jpeg?fit=300%2C168&ssl=1","jetpack-related-posts":[{"id":15017,"url":"https:\/\/moir.com.co\/web\/las-entidades-sin-animo-de-lucro-estan-en-peligro\/","url_meta":{"origin":14808,"position":0},"title":"Las entidades sin \u00e1nimo de lucro est\u00e1n en peligro","author":"admin","date":"mayo 2, 2018","format":false,"excerpt":"Dar\u00edo Arenas Villegas, Manizales, abril 30 de 2018 Un decreto nocivo La\u00a0Reforma Tributaria de 2016\u00a0aument\u00f3 los impuestos indirectos y regresivos, se los disminuy\u00f3 a grandes empresas e hizo que los hogares de clases bajas y medias tuvieran que\u00a0destinar 50.000 pesos adicionales cada mes para el pago de tributos. Pero adem\u00e1s,\u2026","rel":"","context":"En \u00abEconom\u00eda\u00bb","block_context":{"text":"Econom\u00eda","link":"https:\/\/moir.com.co\/web\/category\/temas\/economia\/"},"img":{"alt_text":"","src":"","width":0,"height":0},"classes":[]},{"id":11000,"url":"https:\/\/moir.com.co\/web\/golpe-mortal-de-la-reforma-tributaria-a-casi-todas-las-esal-senador-robledo\/","url_meta":{"origin":14808,"position":1},"title":"Golpe mortal de la Reforma Tributaria a casi todas las ESAL: Senador Robledo","author":"admin","date":"noviembre 13, 2016","format":false,"excerpt":"Oficina de prensa del senador Jorge Enrique Robledo, Bogot\u00e1, noviembre 12 de 2016 Viola el derecho de asociaci\u00f3n; otra raz\u00f3n para hundir la Reforma Tributaria. Es muy grave lo que la Reforma Tributaria hace en contra de casi todas las Entidades Sin \u00c1nimo de Lucro, ESAL, se\u00f1al\u00f3 el senador Jorge\u2026","rel":"","context":"En \u00abEconom\u00eda\u00bb","block_context":{"text":"Econom\u00eda","link":"https:\/\/moir.com.co\/web\/category\/temas\/economia\/"},"img":{"alt_text":"","src":"https:\/\/i0.wp.com\/moir.com.co\/web\/wp-content\/uploads\/2016\/11\/reformatributariarobledo.jpg?fit=960%2C720&ssl=1&resize=350%2C200","width":350,"height":200,"srcset":"https:\/\/i0.wp.com\/moir.com.co\/web\/wp-content\/uploads\/2016\/11\/reformatributariarobledo.jpg?fit=960%2C720&ssl=1&resize=350%2C200 1x, https:\/\/i0.wp.com\/moir.com.co\/web\/wp-content\/uploads\/2016\/11\/reformatributariarobledo.jpg?fit=960%2C720&ssl=1&resize=525%2C300 1.5x, https:\/\/i0.wp.com\/moir.com.co\/web\/wp-content\/uploads\/2016\/11\/reformatributariarobledo.jpg?fit=960%2C720&ssl=1&resize=700%2C400 2x"},"classes":[]},{"id":10895,"url":"https:\/\/moir.com.co\/web\/en-diez-puntos-la-peor-reforma-tributaria-robledo\/","url_meta":{"origin":14808,"position":2},"title":"En diez puntos la peor Reforma Tributaria: Robledo","author":"admin","date":"noviembre 7, 2016","format":"video","excerpt":"1. El arte de desplumar al ganso: Robledo http:\/\/bit.ly\/2ftlqmZ (video 1:17) 2. \u00bfImpuestos regresivos o progresivos?: Robledo http:\/\/bit.ly\/2f7wHdX (Video 2:18) 3.- Reforma Tributaria contra los sectores populares y las clases medias: Robledo http:\/\/bit.ly\/2ftmMxY (Video 2:30) 4.- Impuestos regresivos contra las pymes: Robledo http:\/\/bit.ly\/2eD8sUk (Video 2:51) 5.- Reforma Tributaria ataca a\u2026","rel":"","context":"En \u00abAgro\u00bb","block_context":{"text":"Agro","link":"https:\/\/moir.com.co\/web\/category\/temas\/agro\/"},"img":{"alt_text":"","src":"","width":0,"height":0},"classes":[]},{"id":10963,"url":"https:\/\/moir.com.co\/web\/audiencia-publica-comprueba-que-si-es-la-peor-reforma-tributaria\/","url_meta":{"origin":14808,"position":3},"title":"Audiencia p\u00fablica comprueba que s\u00ed es la peor Reforma Tributaria","author":"admin","date":"noviembre 11, 2016","format":false,"excerpt":"Oficina de prensa del senador Jorge Enrique Robledo, Bogot\u00e1, noviembre 11 de 2016 La audiencia fue citada por el senador Jorge Enrique Robledo, reforma regresiva e inconstitucional, empujar\u00e1 a la quiebra a miles de colombianos y empresas, en favor de los extranjeros, movilizaci\u00f3n para hundir la tributaria. Con la participaci\u00f3n\u2026","rel":"","context":"En \u00abEconom\u00eda\u00bb","block_context":{"text":"Econom\u00eda","link":"https:\/\/moir.com.co\/web\/category\/temas\/economia\/"},"img":{"alt_text":"","src":"https:\/\/i0.wp.com\/moir.com.co\/web\/wp-content\/uploads\/2016\/11\/reformatributariaaudiencia2016.jpg?fit=1200%2C639&ssl=1&resize=350%2C200","width":350,"height":200,"srcset":"https:\/\/i0.wp.com\/moir.com.co\/web\/wp-content\/uploads\/2016\/11\/reformatributariaaudiencia2016.jpg?fit=1200%2C639&ssl=1&resize=350%2C200 1x, https:\/\/i0.wp.com\/moir.com.co\/web\/wp-content\/uploads\/2016\/11\/reformatributariaaudiencia2016.jpg?fit=1200%2C639&ssl=1&resize=525%2C300 1.5x, https:\/\/i0.wp.com\/moir.com.co\/web\/wp-content\/uploads\/2016\/11\/reformatributariaaudiencia2016.jpg?fit=1200%2C639&ssl=1&resize=700%2C400 2x, https:\/\/i0.wp.com\/moir.com.co\/web\/wp-content\/uploads\/2016\/11\/reformatributariaaudiencia2016.jpg?fit=1200%2C639&ssl=1&resize=1050%2C600 3x"},"classes":[]},{"id":10577,"url":"https:\/\/moir.com.co\/web\/la-reforma-tributaria-de-santos-contra-las-mayorias\/","url_meta":{"origin":14808,"position":4},"title":"La reforma tributaria de Santos contra las mayor\u00edas","author":"admin","date":"octubre 13, 2016","format":false,"excerpt":"Fabio Andr\u00e9s Pinto, Valledupar, octubre 13 de 2016 La mejor ejemplificaci\u00f3n de la inequidad reinante en Colombia la le\u00ed del Senador Jorge Enrique Robledo en una columna de 1996 llamada \u201cJulio Mario, Luis Carlos, Carlos y yo\u201d publicado en La Patria, donde explica c\u00f3mo el sistema econ\u00f3mico se encarga de\u2026","rel":"","context":"En \u00abEconom\u00eda\u00bb","block_context":{"text":"Econom\u00eda","link":"https:\/\/moir.com.co\/web\/category\/temas\/economia\/"},"img":{"alt_text":"","src":"","width":0,"height":0},"classes":[]},{"id":10506,"url":"https:\/\/moir.com.co\/web\/reforma-tributaria-cronica-de-una-crisis-anunciada\/","url_meta":{"origin":14808,"position":5},"title":"Reforma tributaria: cr\u00f3nica de una crisis anunciada","author":"admin","date":"octubre 6, 2016","format":false,"excerpt":"Illimani Pati\u00f1o Giraldo, Medell\u00edn, octubre 6 de 2016 Mientras la atenci\u00f3n del pa\u00eds se avoca hacia los acuerdos de paz y su refrendaci\u00f3n, el gabinete de tecn\u00f3cratas santistas, y en especial el Ministro Mauricio C\u00e1rdenas, alistan una nueva reforma tributaria con la intenci\u00f3n de, seg\u00fan ellos, sanear el d\u00e9ficit fiscal\u2026","rel":"","context":"En \u00abEconom\u00eda\u00bb","block_context":{"text":"Econom\u00eda","link":"https:\/\/moir.com.co\/web\/category\/temas\/economia\/"},"img":{"alt_text":"","src":"","width":0,"height":0},"classes":[]}],"jetpack_sharing_enabled":true,"_links":{"self":[{"href":"https:\/\/moir.com.co\/web\/wp-json\/wp\/v2\/posts\/14808","targetHints":{"allow":["GET"]}}],"collection":[{"href":"https:\/\/moir.com.co\/web\/wp-json\/wp\/v2\/posts"}],"about":[{"href":"https:\/\/moir.com.co\/web\/wp-json\/wp\/v2\/types\/post"}],"author":[{"embeddable":true,"href":"https:\/\/moir.com.co\/web\/wp-json\/wp\/v2\/users\/1"}],"replies":[{"embeddable":true,"href":"https:\/\/moir.com.co\/web\/wp-json\/wp\/v2\/comments?post=14808"}],"version-history":[{"count":1,"href":"https:\/\/moir.com.co\/web\/wp-json\/wp\/v2\/posts\/14808\/revisions"}],"predecessor-version":[{"id":14810,"href":"https:\/\/moir.com.co\/web\/wp-json\/wp\/v2\/posts\/14808\/revisions\/14810"}],"wp:featuredmedia":[{"embeddable":true,"href":"https:\/\/moir.com.co\/web\/wp-json\/wp\/v2\/media\/14809"}],"wp:attachment":[{"href":"https:\/\/moir.com.co\/web\/wp-json\/wp\/v2\/media?parent=14808"}],"wp:term":[{"taxonomy":"category","embeddable":true,"href":"https:\/\/moir.com.co\/web\/wp-json\/wp\/v2\/categories?post=14808"},{"taxonomy":"post_tag","embeddable":true,"href":"https:\/\/moir.com.co\/web\/wp-json\/wp\/v2\/tags?post=14808"}],"curies":[{"name":"wp","href":"https:\/\/api.w.org\/{rel}","templated":true}]}}