{"id":14806,"date":"2018-03-28T18:12:54","date_gmt":"2018-03-28T18:12:54","guid":{"rendered":"https:\/\/moir.org.co\/web\/?p=14806"},"modified":"2018-03-28T18:12:54","modified_gmt":"2018-03-28T18:12:54","slug":"otros-ocho-anos-de-crecimiento-perdidos","status":"publish","type":"post","link":"https:\/\/moir.com.co\/web\/otros-ocho-anos-de-crecimiento-perdidos\/","title":{"rendered":"Otros ocho a\u00f1os de crecimiento perdidos"},"content":{"rendered":"<p><strong>Mario Alejandro Valencia, Bogot\u00e1, marzo 27 de 2018<\/strong><\/p>\n<p>No es un secreto que el actual Gobierno ya se dio por rendido. No pudo (o no quiso) en \u00a18 a\u00f1os! establecer la senda de crecimiento econ\u00f3mico del pa\u00eds. No le bast\u00f3 con la bonanza minero-energ\u00e9tica que dur\u00f3 desde 2003 a 2013, con las 3 reformas tributarias, la regla fiscal, el grado de inversi\u00f3n, el 49% de deuda sobre el PIB, los TLC, las recomendaciones de la Ocde y las recetas del FMI y el Banco Mundial. Nada sirvi\u00f3; en cambio, estas pol\u00edticas fueron causantes de la crisis que heredar\u00e1 el pr\u00f3ximo gobierno.<\/p>\n<p>La econom\u00eda, durante el gobierno de Santos creci\u00f3 3,8% promedio anual, 0,3 puntos porcentuales m\u00e1s bajo que el promedio de crecimiento de la d\u00e9cada anterior. \u00bfNo se supon\u00eda que har\u00eda las cosas mejor? Entre 2010 y 2017, el pilar fundamental del Producto Interno Bruto del pa\u00eds fue la construcci\u00f3n, que creci\u00f3 43,3%, seguido de la intermediaci\u00f3n financiera con 39%, mientras la agricultura creci\u00f3 23% y la industria 12,7%. Del primero, aparte de las importantes obras ejecutadas y en funcionamiento, ya sabemos que fue el combustible principal de la corrupci\u00f3n que desde el gobierno aliment\u00f3 a una candidatura presidencial.<\/p>\n<p>Por lo dem\u00e1s, \u00bfalg\u00fan economista serio en cualquier lugar del planeta considerar\u00eda como exitosa la pol\u00edtica econ\u00f3mica de un pa\u00eds que tiene todos los factores de producci\u00f3n \u00a1todos! y aun as\u00ed lo que m\u00e1s fabrica es TES, lo que m\u00e1s exporta es petr\u00f3leo y lo que m\u00e1s distribuye es mermelada? Lo evidente es que las escuelas de pensamiento econ\u00f3mico de Los Andes, Fedesarrollo y Anif fracasaron. No pudieron (o no quisieron) hacer que el ingreso por habitante de Colombia se pareciera m\u00e1s al de Jap\u00f3n sino al de Gab\u00f3n.<\/p>\n<p>Es hora de dar paso a otras ideas, como las que propone el economista de Harvard, Dani Rodrik, en su libro\u00a0<em>Una econom\u00eda, muchas recetas<\/em>\u00a0(2011). En este an\u00e1lisis hist\u00f3rico, queda demostrado que los ingresos por habitante de los pa\u00edses del sudeste asi\u00e1tico en los \u00faltimos 50 a\u00f1os crecieron el triple que los de Am\u00e9rica Latina y los de China 8 veces m\u00e1s. Seg\u00fan el autor, la principal explicaci\u00f3n de lo anterior se dio porque \u201clas pol\u00edticas de crecimiento de Corea del Sur y Taiw\u00e1n muestran importantes desviaciones del consenso convencional\u201d, que sigui\u00f3 Am\u00e9rica Latina con el llamado Consenso de Washington. Seg\u00fan Rodrik \u201cninguno de estos pa\u00edses emprendi\u00f3 acciones significativas de desregulaci\u00f3n ni de liberalizaci\u00f3n de sus sistemas comerciales (\u2026) Lejos de privatizar, ambos dependieron ampliamente de las empresas p\u00fablicas. Corea del Sur ni siquiera estaba abierta a la inversi\u00f3n extranjera directa\u201d.<\/p>\n<p>Sencillamente no siguieron las recetas. En cambio de eso, agrega Rodrik, \u201cambos pa\u00edses desplegaron una serie muy extensa de pol\u00edticas industriales que tomaron la forma de cr\u00e9ditos dirigidos, protecci\u00f3n al comercio, subsidios a la exportaci\u00f3n e incentivos fiscales\u201d. Asimismo, \u201crechazaron el consejo est\u00e1ndar de que adoptaran un enfoque de plena competencia en sus empresas\u201d.<\/p>\n<p>Decenas de acad\u00e9micos hemos cuestionado durante d\u00e9cadas la orientaci\u00f3n econ\u00f3mica del pa\u00eds. \u201cEl consenso no es ninguna tonter\u00eda\u201d, dice el profesor de Harvard, y en el caso colombiano se han seguido sus recomendaciones al pie de la letra. Es hora de aceptar que la teor\u00eda no correspondi\u00f3 con la realidad. Y si la teor\u00eda no es igual a la realidad, \u00bfcu\u00e1l de las dos es la equivocada?<\/p>\n<div id=\"ctl12_PauteFacil1\" class=\"Publicidad RobaPagina ui right floated SuTarget\"><\/div>\n<p>El asunto m\u00e1s complicado no es demostrar el desacierto de la pol\u00edtica. Eso lo hacen muy bien las estad\u00edsticas, aunque algunos fundamentalistas de mercado las nieguen. Lo m\u00e1s complicado es convencer a la ciudadan\u00eda de que s\u00ed es posible parecerse m\u00e1s a Suiza que a Hait\u00ed. Pero solo se lograr\u00e1 si existe la voluntad de hacer diferente lo que ya se demostr\u00f3 que funcion\u00f3 mal. Para eso se necesita un gobierno distinto con distintas ideas.<\/p>\n","protected":false},"excerpt":{"rendered":"<p>Mario Alejandro Valencia, Bogot\u00e1, marzo 27 de 2018 No es un secreto que el actual Gobierno ya se dio por rendido. No pudo (o no quiso) en \u00a18 a\u00f1os! establecer la senda de crecimiento econ\u00f3mico del pa\u00eds. No le bast\u00f3 con la bonanza minero-energ\u00e9tica que dur\u00f3 desde 2003 a 2013, con las 3 reformas tributarias, [&hellip;]<\/p>\n","protected":false},"author":1,"featured_media":14413,"comment_status":"open","ping_status":"open","sticky":false,"template":"","format":"standard","meta":{"advanced_seo_description":"","jetpack_seo_html_title":"","jetpack_seo_noindex":false,"_jetpack_memberships_contains_paid_content":false,"footnotes":""},"categories":[102,97,98],"tags":[],"class_list":["post-14806","post","type-post","status-publish","format-standard","has-post-thumbnail","hentry","category-economia","category-imperialismo-y-neoliberalismo","category-politica"],"jetpack_featured_media_url":"https:\/\/i0.wp.com\/moir.com.co\/web\/wp-content\/uploads\/2018\/02\/desempleo4.jpg?fit=700%2C514&ssl=1","jetpack-related-posts":[{"id":2072,"url":"https:\/\/moir.com.co\/web\/el-estilo-uribista-la-banca-la-reina\/","url_meta":{"origin":14806,"position":0},"title":"EL ESTILO URIBISTA. LA BANCA &#8220;LA REINA&#8221;&#8230;","author":"admin","date":"octubre 3, 2007","format":false,"excerpt":"Helena Villamizar Garc\u00eda-Herreros, El Nuevo Siglo, agosto 30 de 2007 Los servicios financieros presentaron el mayor crecimiento sectorial durante el segundo trimestre del a\u00f1o, lo cual fue registrado por el Tiempo el pasado 22 de septiembre, bajo el titular: \"Banca la reina en la fiesta de crecimiento a junio\". Cabe\u2026","rel":"","context":"En \u00abRevista de Prensa\u00bb","block_context":{"text":"Revista de Prensa","link":"https:\/\/moir.com.co\/web\/category\/prensa\/revista-de-prensa\/"},"img":{"alt_text":"","src":"","width":0,"height":0},"classes":[]},{"id":4446,"url":"https:\/\/moir.com.co\/web\/homicidios-se-redujeron-por-bonanza-economica-antes-que-por-seguridad-democratica-dice-estudio\/","url_meta":{"origin":14806,"position":1},"title":"Homicidios se redujeron por bonanza econ\u00f3mica antes que por seguridad democr\u00e1tica, dice estudio","author":"admin","date":"junio 6, 2010","format":false,"excerpt":"Un an\u00e1lisis hecho por acad\u00e9micos de la universidad Icesi, de Cali, encontr\u00f3 que la econom\u00eda en Colombia mejor\u00f3 entre 2002 y 2008 como consecuencia de una situaci\u00f3n global y que la cantidad de homicidios est\u00e1 relacionada con el comportamiento de las finanzas. La pol\u00edtica de \u2018seguridad democr\u00e1tica\u2019 de la administraci\u00f3n\u2026","rel":"","context":"En \u00abRevista de Prensa\u00bb","block_context":{"text":"Revista de Prensa","link":"https:\/\/moir.com.co\/web\/category\/prensa\/revista-de-prensa\/"},"img":{"alt_text":"","src":"","width":0,"height":0},"classes":[]},{"id":6407,"url":"https:\/\/moir.com.co\/web\/crecimiento-endeble\/","url_meta":{"origin":14806,"position":2},"title":"Crecimiento endeble","author":"admin","date":"marzo 27, 2012","format":false,"excerpt":"Al final de la semana se divulgaron las cifras del producto nacional de 2011. Con euforia el Gobierno festejo el crecimiento de 5,9%, que ya es historia. La composici\u00f3n sectorial y los fundamentos de la econom\u00eda no permiten mantenerlo. La agricultura avanz\u00f3 2,2% y la industria 3,9%, y en conjunto\u2026","rel":"","context":"En \u00abRevista de Prensa\u00bb","block_context":{"text":"Revista de Prensa","link":"https:\/\/moir.com.co\/web\/category\/prensa\/revista-de-prensa\/"},"img":{"alt_text":"","src":"","width":0,"height":0},"classes":[]},{"id":15553,"url":"https:\/\/moir.com.co\/web\/el-agobiante-peso-de-la-deuda-publica\/","url_meta":{"origin":14806,"position":3},"title":"El agobiante peso de la deuda p\u00fablica","author":"admin","date":"agosto 1, 2018","format":false,"excerpt":"Carlos Tobar, Neiva, julio 31 de 2018 El fin de semana pasado el gobierno nacional, a trav\u00e9s del Ministerio de Hacienda, present\u00f3 al congreso el proyecto de Presupuesto General de la Naci\u00f3n para el a\u00f1o 2019. Un presupuesto que presenta el actual gobierno, pero ejecutar\u00e1 el gobierno entrante. El monto\u2026","rel":"","context":"En \u00abEconom\u00eda\u00bb","block_context":{"text":"Econom\u00eda","link":"https:\/\/moir.com.co\/web\/category\/temas\/economia\/"},"img":{"alt_text":"","src":"","width":0,"height":0},"classes":[]},{"id":2297,"url":"https:\/\/moir.com.co\/web\/el-sistema-financiero-lunares-del-crecimiento\/","url_meta":{"origin":14806,"position":4},"title":"El sistema financiero-Lunares del crecimiento","author":"admin","date":"abril 20, 2008","format":false,"excerpt":"Helena Villamizar Garc\u00eda-Herreros, El Nuevo Siglo, Bogot\u00e1, abril 20 de 2008 Tras las cifras de elevado crecimiento de los \u00faltimos a\u00f1os se esconden inc\u00f3modas verdades que revelan la realidad de pol\u00edticas altamente concentradoras del ingreso, y que en lenguaje coloquial algunos analistas han denominado \"el crecimiento pro rico\". Numerosos hechos\u2026","rel":"","context":"En \u00abRevista de Prensa\u00bb","block_context":{"text":"Revista de Prensa","link":"https:\/\/moir.com.co\/web\/category\/prensa\/revista-de-prensa\/"},"img":{"alt_text":"","src":"","width":0,"height":0},"classes":[]},{"id":14576,"url":"https:\/\/moir.com.co\/web\/la-estafa-del-bienvenidos-al-futuro\/","url_meta":{"origin":14806,"position":5},"title":"La estafa del \u00a1Bienvenidos al futuro!","author":"admin","date":"febrero 26, 2018","format":false,"excerpt":"Mario Alejandro Valencia, Bogot\u00e1, febrero 26 de 2018 El 22 de febrero se cumplieron 28 a\u00f1os de la aprobaci\u00f3n de la Apertura Econ\u00f3mica, con el Conpes 2465 -llamado \u2018Modernizaci\u00f3n de la econom\u00eda\u2019-, que ser\u00eda implementado por el gobierno de C\u00e9sar Gaviria junto a sus ministros Juan Manuel Santos, Ernesto Samper,\u2026","rel":"","context":"En \u00abEconom\u00eda\u00bb","block_context":{"text":"Econom\u00eda","link":"https:\/\/moir.com.co\/web\/category\/temas\/economia\/"},"img":{"alt_text":"","src":"","width":0,"height":0},"classes":[]}],"jetpack_sharing_enabled":true,"_links":{"self":[{"href":"https:\/\/moir.com.co\/web\/wp-json\/wp\/v2\/posts\/14806","targetHints":{"allow":["GET"]}}],"collection":[{"href":"https:\/\/moir.com.co\/web\/wp-json\/wp\/v2\/posts"}],"about":[{"href":"https:\/\/moir.com.co\/web\/wp-json\/wp\/v2\/types\/post"}],"author":[{"embeddable":true,"href":"https:\/\/moir.com.co\/web\/wp-json\/wp\/v2\/users\/1"}],"replies":[{"embeddable":true,"href":"https:\/\/moir.com.co\/web\/wp-json\/wp\/v2\/comments?post=14806"}],"version-history":[{"count":1,"href":"https:\/\/moir.com.co\/web\/wp-json\/wp\/v2\/posts\/14806\/revisions"}],"predecessor-version":[{"id":14807,"href":"https:\/\/moir.com.co\/web\/wp-json\/wp\/v2\/posts\/14806\/revisions\/14807"}],"wp:featuredmedia":[{"embeddable":true,"href":"https:\/\/moir.com.co\/web\/wp-json\/wp\/v2\/media\/14413"}],"wp:attachment":[{"href":"https:\/\/moir.com.co\/web\/wp-json\/wp\/v2\/media?parent=14806"}],"wp:term":[{"taxonomy":"category","embeddable":true,"href":"https:\/\/moir.com.co\/web\/wp-json\/wp\/v2\/categories?post=14806"},{"taxonomy":"post_tag","embeddable":true,"href":"https:\/\/moir.com.co\/web\/wp-json\/wp\/v2\/tags?post=14806"}],"curies":[{"name":"wp","href":"https:\/\/api.w.org\/{rel}","templated":true}]}}