{"id":14798,"date":"2018-03-26T16:52:14","date_gmt":"2018-03-26T16:52:14","guid":{"rendered":"https:\/\/moir.org.co\/web\/?p=14798"},"modified":"2018-03-26T16:52:14","modified_gmt":"2018-03-26T16:52:14","slug":"el-pais-de-las-maravillas","status":"publish","type":"post","link":"https:\/\/moir.com.co\/web\/el-pais-de-las-maravillas\/","title":{"rendered":"El pa\u00eds de las maravillas"},"content":{"rendered":"<p><strong>Jos\u00e9 Arlex Arias, Cartagena, marzo 26 de 2018<\/strong><\/p>\n<p>Colombia va a cumplir tres d\u00e9cadas siendo gobernada por neoliberales \u2013Barco, Gaviria, Samper, Pastrana, Uribe I y II, y Santos I y II\u2013, quienes se han dado a la tarea de armar la arquitectura constitucional y legal para transferir toda la riqueza nacional \u2013recursos humanos y materiales\u2013 a las multinacionales y concentrar la riqueza en unos pocos acaudalados amigos del poder, todo con el cuento de la generaci\u00f3n de empleo, pol\u00edtica que es un verdadero fiasco. Es bueno reiterar que la gran virtud de estos neoliberales es &#8220;la filosof\u00eda de las gallinas&#8221;: poner un huevo pero cacarearlo hasta el cl\u00edmax; para ello se rodean muy bien de comunicadores, especialmente de los grandes medios de comunicaci\u00f3n. Nos venden una realidad absolutamente virtual.<\/p>\n<p>&nbsp;<\/p>\n<p>En entrevista a Jorge S\u00e1enz, en El Espectador.com\u2013, el 18 de este mes, el director del Departamento Nacional de Planeaci\u00f3n, Luis Fernando Mej\u00eda, sostiene que: \u201cEn Colombia &#8220;la clase media super\u00f3 a los pobres&#8221;, puesto que entre 2009 y 2016 entraron a la clase media 4.351.984\u2026 Los colombianos que abandonaron la pobreza pasaron del 32,6% al 39% y el crecimiento de la clase media consolidada pas\u00f3 del 16,3% en 2002 al 30,6% en 2016. El \u00edndice de pobreza multidimensional, que no considera solo los ingresos, sino las condiciones de vivienda, acceso al mercado laboral, de educaci\u00f3n, de salud (\u2026) en 2010 est\u00e1bamos en 30,4%; a 2018, la meta del plan est\u00e1 en 17,8%. Es decir, 5,1 millones han salido de la pobreza multidimensional y para 2030 lo que se busca es que est\u00e9 en 8,4%&#8230; Los avances que se han observado en pobreza monetaria y pobreza monetaria extrema en el pa\u00eds, han sido sustanciales&#8230; La creaci\u00f3n de trabajo y de ingresos adicionales ha estado focalizada en las personas m\u00e1s vulnerables, lo que se traduce en una reducci\u00f3n de la desigualdad. Entonces, en desigualdad Gini est\u00e1bamos en 2009 en 0.557; hoy estamos en 0.517 y <strong>la meta a 2030<\/strong><strong> e<\/strong>s 0.48 (Gini est\u00e1 entre 0 y 1. El 0 es cercano a igualdad perfecta)&#8221;.<\/p>\n<p>&nbsp;<\/p>\n<p>Los neoliberales han cambiado, modificado y eliminado variables para obtener las estad\u00edsticas que m\u00e1s les sirvan para mostrarnos esa realidad que no nos corresponde. As\u00ed, en una Colombia donde la poblaci\u00f3n clama por un buen empleo, nos salen con estad\u00edsticas sobre este tema que no las tienen ni los pa\u00edses desarrollados que s\u00ed protegen a su aparato productivo. L\u00f3gicamente, les dan la denominaci\u00f3n de empleado a quien ha laborado una hora en la semana, al que hace sus oficios dom\u00e9sticos en casa, al igual que al que se pelea el espacio p\u00fablico para sobrevivir, o a aquel que para no dejarse morir de hambre, junto a su familia, montan &#8220;un negocio&#8221; en el que terminan trabajando a p\u00e9rdidas porque les toca competir con las importaciones de las multinacionales. No en balde el adagio popular acu\u00f1\u00f3 la frase que &#8220;el mejor empleador de Colombia son los sem\u00e1foros&#8221;. Si, como dice el se\u00f1or Mej\u00eda, el empleo est\u00e1 sacando de la pobreza a los colombianos, la evidencia dice que no estamos en Dinamarca sino en Cundinamarca. Nos pasa como a &#8220;Alicia en el Pa\u00eds de las Maravillas&#8221;: se nos apareci\u00f3 el\u00a0<a href=\"https:\/\/es.wikipedia.org\/wiki\/Conejo_Blanco\">conejo blanco<\/a>\u200b vestido con chaqueta y chaleco, que nos conduce a su madriguera, que resulta ser un horrible t\u00fanel, del cual solo saldremos el d\u00eda que los colombianos decidamos apear a los neoliberales de la direcci\u00f3n del Estado. \u00a1Toca cambiar ese modelo de desarrollo!<\/p>\n","protected":false},"excerpt":{"rendered":"<p>Jos\u00e9 Arlex Arias, Cartagena, marzo 26 de 2018 Colombia va a cumplir tres d\u00e9cadas siendo gobernada por neoliberales \u2013Barco, Gaviria, Samper, Pastrana, Uribe I y II, y Santos I y II\u2013, quienes se han dado a la tarea de armar la arquitectura constitucional y legal para transferir toda la riqueza nacional \u2013recursos humanos y materiales\u2013 [&hellip;]<\/p>\n","protected":false},"author":1,"featured_media":14376,"comment_status":"open","ping_status":"open","sticky":false,"template":"","format":"standard","meta":{"advanced_seo_description":"","jetpack_seo_html_title":"","jetpack_seo_noindex":false,"_jetpack_memberships_contains_paid_content":false,"footnotes":""},"categories":[102,97,98],"tags":[],"class_list":["post-14798","post","type-post","status-publish","format-standard","has-post-thumbnail","hentry","category-economia","category-imperialismo-y-neoliberalismo","category-politica"],"jetpack_featured_media_url":"https:\/\/i0.wp.com\/moir.com.co\/web\/wp-content\/uploads\/2018\/01\/desempleocaricatura.gif?fit=620%2C456&ssl=1","jetpack-related-posts":[{"id":19292,"url":"https:\/\/moir.com.co\/web\/no-nos-quiten-la-esperanza\/","url_meta":{"origin":14798,"position":0},"title":"No nos quiten la esperanza","author":"admin","date":"septiembre 11, 2021","format":false,"excerpt":"Jos\u00e9 Arlex Arias, Cartagena, septiembre 6 de 2021 \u201cAl comunicarle lo sucedido a Prometeo, y a su marido, Epimeteo, Pandora les\u00a0dijo\u00a0que lo \u00fanico a lo que siempre podr\u00edan recurrir era a la\u00a0Esperanza, pues era lo \u00fanico que quedaba en la caja y por lo tanto, lo\u00a0\u00faltimo que se\u00a0podr\u00eda perder. Es\u2026","rel":"","context":"En \u00abEconom\u00eda\u00bb","block_context":{"text":"Econom\u00eda","link":"https:\/\/moir.com.co\/web\/category\/temas\/economia\/"},"img":{"alt_text":"","src":"https:\/\/i0.wp.com\/moir.com.co\/web\/wp-content\/uploads\/2021\/09\/AlejandroGaviriaySantos.jpg?fit=1200%2C693&ssl=1&resize=350%2C200","width":350,"height":200,"srcset":"https:\/\/i0.wp.com\/moir.com.co\/web\/wp-content\/uploads\/2021\/09\/AlejandroGaviriaySantos.jpg?fit=1200%2C693&ssl=1&resize=350%2C200 1x, https:\/\/i0.wp.com\/moir.com.co\/web\/wp-content\/uploads\/2021\/09\/AlejandroGaviriaySantos.jpg?fit=1200%2C693&ssl=1&resize=525%2C300 1.5x, https:\/\/i0.wp.com\/moir.com.co\/web\/wp-content\/uploads\/2021\/09\/AlejandroGaviriaySantos.jpg?fit=1200%2C693&ssl=1&resize=700%2C400 2x, https:\/\/i0.wp.com\/moir.com.co\/web\/wp-content\/uploads\/2021\/09\/AlejandroGaviriaySantos.jpg?fit=1200%2C693&ssl=1&resize=1050%2C600 3x"},"classes":[]},{"id":19283,"url":"https:\/\/moir.com.co\/web\/el-gran-acuerdo-incluye-a-los-empresarios-nacionales\/","url_meta":{"origin":14798,"position":1},"title":"El Gran Acuerdo incluye a los empresarios nacionales","author":"admin","date":"septiembre 3, 2021","format":false,"excerpt":"Jos\u00e9 Arlex Arias, Cartagena, agosto 30 de 2021 En Colombia se est\u00e1n alinderando tres bloques electorales de donde saldr\u00e1 el presidente que suceder\u00e1 al actual, Iv\u00e1n Duque. En ellos se conjugan los m\u00ednimos program\u00e1ticos de las promesas, generalmente incumplidas, especialmente por los gobiernos neoliberales de los \u00faltimos treinta a\u00f1os, conocidos\u2026","rel":"","context":"En \u00abAgro\u00bb","block_context":{"text":"Agro","link":"https:\/\/moir.com.co\/web\/category\/temas\/agro\/"},"img":{"alt_text":"","src":"https:\/\/i0.wp.com\/moir.com.co\/web\/wp-content\/uploads\/2021\/06\/CoaliciondelaEsperanza.jpg?fit=1080%2C625&ssl=1&resize=350%2C200","width":350,"height":200,"srcset":"https:\/\/i0.wp.com\/moir.com.co\/web\/wp-content\/uploads\/2021\/06\/CoaliciondelaEsperanza.jpg?fit=1080%2C625&ssl=1&resize=350%2C200 1x, https:\/\/i0.wp.com\/moir.com.co\/web\/wp-content\/uploads\/2021\/06\/CoaliciondelaEsperanza.jpg?fit=1080%2C625&ssl=1&resize=525%2C300 1.5x, https:\/\/i0.wp.com\/moir.com.co\/web\/wp-content\/uploads\/2021\/06\/CoaliciondelaEsperanza.jpg?fit=1080%2C625&ssl=1&resize=700%2C400 2x, https:\/\/i0.wp.com\/moir.com.co\/web\/wp-content\/uploads\/2021\/06\/CoaliciondelaEsperanza.jpg?fit=1080%2C625&ssl=1&resize=1050%2C600 3x"},"classes":[]},{"id":8672,"url":"https:\/\/moir.com.co\/web\/santos-ii-seguira-con-la-misma-politica-agraria-de-santos-i-robledo\/","url_meta":{"origin":14798,"position":2},"title":"Santos II seguir\u00e1 con la misma pol\u00edtica agraria de Santos I: Robledo","author":"admin","date":"agosto 26, 2014","format":false,"excerpt":"Ministro Iragorri y Consejero N\u00e9stor Humberto Mart\u00ednez deben declararse impedidos en tramite de Ley Urrutia-Lizarralde. El gobierno alcahuetea el contrabando. Santos ha disminuido \u00e1rea sembrada en 600.000 hect\u00e1reas. Balanza comercial agraria ha disminuido 87.6% En el debate sobre el estado de la ejecuci\u00f3n presupuestal en el agro el senador Jorge\u2026","rel":"","context":"En \u00abJorge Enrique Robledo\u00bb","block_context":{"text":"Jorge Enrique Robledo","link":"https:\/\/moir.com.co\/web\/category\/jorge-enrique-robledo\/"},"img":{"alt_text":"","src":"","width":0,"height":0},"classes":[]},{"id":18585,"url":"https:\/\/moir.com.co\/web\/primero-la-vida\/","url_meta":{"origin":14798,"position":3},"title":"\u00a1Primero la vida!","author":"admin","date":"abril 14, 2020","format":false,"excerpt":"Jos\u00e9 Arlex Arias, Cartagena, abril 13 de 2020 No es ning\u00fan dilema: El razonamiento l\u00f3gico indica que el primer derecho fundamental del ser humano es el de su propia vida; sin esta vida no puede haber desarrollo econ\u00f3mico, social ni pol\u00edtico. Es un derecho\u00a0universal, es decir, que le corresponde a\u2026","rel":"","context":"En \u00abAgro\u00bb","block_context":{"text":"Agro","link":"https:\/\/moir.com.co\/web\/category\/temas\/agro\/"},"img":{"alt_text":"","src":"","width":0,"height":0},"classes":[]},{"id":18671,"url":"https:\/\/moir.com.co\/web\/la-soberania-alimentaria\/","url_meta":{"origin":14798,"position":4},"title":"La soberan\u00eda alimentaria","author":"admin","date":"junio 2, 2020","format":false,"excerpt":"Jos\u00e9 Arlex Arias, Cartagena, junio 1 de 2020 Los asaltos a la soberan\u00eda nacional no son solamente por la ocupaci\u00f3n territorial de ej\u00e9rcitos invasores o el sometimiento con gobiernos cipayos, sino tambi\u00e9n por la imposici\u00f3n de un modelo econ\u00f3mico, como hace Estados Unidos con Colombia, a trav\u00e9s del Consenso de\u2026","rel":"","context":"En \u00abAgro\u00bb","block_context":{"text":"Agro","link":"https:\/\/moir.com.co\/web\/category\/temas\/agro\/"},"img":{"alt_text":"","src":"","width":0,"height":0},"classes":[]},{"id":13884,"url":"https:\/\/moir.com.co\/web\/maldito-petroleo-i\/","url_meta":{"origin":14798,"position":5},"title":"Maldito petr\u00f3leo (I)","author":"admin","date":"noviembre 20, 2017","format":false,"excerpt":"Mario Alejandro Valencia, Bogot\u00e1, noviembre 20 de 2017 De un lado est\u00e1 Noruega, pa\u00eds que encontr\u00f3 petr\u00f3leo en su costa en la d\u00e9cada de 1960. Se gan\u00f3 la loter\u00eda. Lo explotaron, primero acudiendo a la inversi\u00f3n extranjera. Cuando llegaron las multinacionales, el gobierno noruego se adelant\u00f3 a crear un conjunto\u2026","rel":"","context":"En \u00abEconom\u00eda\u00bb","block_context":{"text":"Econom\u00eda","link":"https:\/\/moir.com.co\/web\/category\/temas\/economia\/"},"img":{"alt_text":"","src":"https:\/\/i0.wp.com\/moir.com.co\/web\/wp-content\/uploads\/2017\/11\/petroleoplataformanoruega.jpg?fit=700%2C500&ssl=1&resize=350%2C200","width":350,"height":200,"srcset":"https:\/\/i0.wp.com\/moir.com.co\/web\/wp-content\/uploads\/2017\/11\/petroleoplataformanoruega.jpg?fit=700%2C500&ssl=1&resize=350%2C200 1x, https:\/\/i0.wp.com\/moir.com.co\/web\/wp-content\/uploads\/2017\/11\/petroleoplataformanoruega.jpg?fit=700%2C500&ssl=1&resize=525%2C300 1.5x, https:\/\/i0.wp.com\/moir.com.co\/web\/wp-content\/uploads\/2017\/11\/petroleoplataformanoruega.jpg?fit=700%2C500&ssl=1&resize=700%2C400 2x"},"classes":[]}],"jetpack_sharing_enabled":true,"_links":{"self":[{"href":"https:\/\/moir.com.co\/web\/wp-json\/wp\/v2\/posts\/14798","targetHints":{"allow":["GET"]}}],"collection":[{"href":"https:\/\/moir.com.co\/web\/wp-json\/wp\/v2\/posts"}],"about":[{"href":"https:\/\/moir.com.co\/web\/wp-json\/wp\/v2\/types\/post"}],"author":[{"embeddable":true,"href":"https:\/\/moir.com.co\/web\/wp-json\/wp\/v2\/users\/1"}],"replies":[{"embeddable":true,"href":"https:\/\/moir.com.co\/web\/wp-json\/wp\/v2\/comments?post=14798"}],"version-history":[{"count":1,"href":"https:\/\/moir.com.co\/web\/wp-json\/wp\/v2\/posts\/14798\/revisions"}],"predecessor-version":[{"id":14799,"href":"https:\/\/moir.com.co\/web\/wp-json\/wp\/v2\/posts\/14798\/revisions\/14799"}],"wp:featuredmedia":[{"embeddable":true,"href":"https:\/\/moir.com.co\/web\/wp-json\/wp\/v2\/media\/14376"}],"wp:attachment":[{"href":"https:\/\/moir.com.co\/web\/wp-json\/wp\/v2\/media?parent=14798"}],"wp:term":[{"taxonomy":"category","embeddable":true,"href":"https:\/\/moir.com.co\/web\/wp-json\/wp\/v2\/categories?post=14798"},{"taxonomy":"post_tag","embeddable":true,"href":"https:\/\/moir.com.co\/web\/wp-json\/wp\/v2\/tags?post=14798"}],"curies":[{"name":"wp","href":"https:\/\/api.w.org\/{rel}","templated":true}]}}