{"id":14787,"date":"2018-03-25T14:38:27","date_gmt":"2018-03-25T14:38:27","guid":{"rendered":"https:\/\/moir.org.co\/web\/?p=14787"},"modified":"2018-03-25T14:38:27","modified_gmt":"2018-03-25T14:38:27","slug":"designacion-antidemocratica-de-rectora-en-la-universidad-nacional","status":"publish","type":"post","link":"https:\/\/moir.com.co\/web\/designacion-antidemocratica-de-rectora-en-la-universidad-nacional\/","title":{"rendered":"Designaci\u00f3n antidemocr\u00e1tica de rectora en la Universidad Nacional"},"content":{"rendered":"<p><strong>Amaury N\u00fa\u00f1ez Gonz\u00e1lez, Medell\u00edn, marzo 24 de 2018<\/strong><\/p>\n<p>Fue designada Dolly Montoya como rectora de la Universidad Nacional de\u00a0Colombia. En la sesi\u00f3n del Consejo Superior (CSU) del 22 de marzo se impuso, de nuevo, la antidemocracia. La Ley 30 de 1992 facult\u00f3 al Gobierno Nacional para establecer un r\u00e9gimen especial acogido en el decreto 1210 de 1993. As\u00ed, en el CSU hay un representante estudiantil y otro profesoral. Gobierno nacional y agentes externos a la comunidad universitaria hacen mayor\u00eda.<\/p>\n<p>Dolly Montoya fue quinta en la consulta realizada el 15 de marzo, en la que, adem\u00e1s, el voto en blanco gan\u00f3 entre los estudiantes, y a la misma candidata Montoya. El desconocimiento de la consulta universitaria est\u00e1 sustentado en disposiciones internas. El Acuerdo 011 de 2005 establece que se observar\u00e1n \u201clos criterios de consulta previa a la\u00a0comunidad\u00a0acad\u00e9mica, de los planes y programas presentados por los aspirantes, y de an\u00e1lisis y valoraci\u00f3n de sus calidades\u201d.<\/p>\n<p>La Resoluci\u00f3n 278 de 2011, que reglament\u00f3 la consulta previa, se\u00f1ala el car\u00e1cter consultivo de la opini\u00f3n de la comunidad universitaria. No hay voto, no hay democracia: \u201cel procedimiento de consulta previa a la Comunidad Acad\u00e9mica no altera la\u00a0competencia\u00a0decisoria del Consejo Superior Universitario de la Universidad Nacional de Colombia\u201d, dice en su art\u00edculo 15.<\/p>\n<p>En 2012 se impuso Ignacio Mantilla desconociendo el respaldo que logr\u00f3 el profesor Leopoldo M\u00fanera, con un respaldo superior a Mantilla en 15 veces entre estudiantes y dos veces entre profesores. Hace tres a\u00f1os se impuso, otra vez, siendo tercero en la consulta. En ambas\u00a0ocasiones\u00a0con el respaldo cerrado del gobierno, y obr\u00f3 en consecuencia.<\/p>\n<p>Mantilla en su paso por la rector\u00eda resalt\u00f3 las \u201cbondades\u201d de la pol\u00edtica de cr\u00e9ditos estudiantiles y el programa \u201cSer Pilo Paga\u201d, y lleg\u00f3 a afirmar que la financiaci\u00f3n directa a la oferta puede ser complementaria, contra la naturaleza p\u00fablica de la instituci\u00f3n y su creciente necesidad de financiaci\u00f3n estatal. Su administraci\u00f3n abri\u00f3 la puerta al capital financiero permitiendo que, tras ser promovido y aprobado un cupo por 200 mil millones de pesos, la instituci\u00f3n sea sujeto de cr\u00e9dito, condicion\u00e1ndola a\u00a0intereses\u00a0cercanos a los 70 mil millones de pesos. Privatizaci\u00f3n y cosas de esas.<\/p>\n<p>La autonom\u00eda universitaria es un principio con una garant\u00eda constitucional en Colombia, que protege la autodeterminaci\u00f3n, el autogobierno y la autorregulaci\u00f3n. Tambi\u00e9n es un principio peri\u00f3dicamente desconocido en la designaci\u00f3n de rectores, decanos y en general, de las autoridades administrativas.<\/p>\n<p>La historia ense\u00f1a cual ha sido la relaci\u00f3n del conocimiento con la libertad, con la democracia: la libertad es la base del conocimiento y su desarrollo. Las universidades, escenario de producci\u00f3n de conocimiento, deben tener autonom\u00eda para ello, y esta es inviable si no existe la democracia. Es cierto que existen riesgos con la libertad, pero tambi\u00e9n los hay en los excesos de regulaci\u00f3n y control del Estado sobre las universidades.<\/p>\n<p>No es el Estado, la centralizaci\u00f3n, la burocracia, la forma de regular que requieren las universidades. Son los universitarios, a trav\u00e9s de la deliberaci\u00f3n, siempre democr\u00e1tica, la que debe orientar a esas instituciones.<\/p>\n","protected":false},"excerpt":{"rendered":"<p>Amaury N\u00fa\u00f1ez Gonz\u00e1lez, Medell\u00edn, marzo 24 de 2018 Fue designada Dolly Montoya como rectora de la Universidad Nacional de\u00a0Colombia. En la sesi\u00f3n del Consejo Superior (CSU) del 22 de marzo se impuso, de nuevo, la antidemocracia. La Ley 30 de 1992 facult\u00f3 al Gobierno Nacional para establecer un r\u00e9gimen especial acogido en el decreto 1210 [&hellip;]<\/p>\n","protected":false},"author":1,"featured_media":14788,"comment_status":"open","ping_status":"open","sticky":false,"template":"","format":"standard","meta":{"advanced_seo_description":"","jetpack_seo_html_title":"","jetpack_seo_noindex":false,"_jetpack_memberships_contains_paid_content":false,"footnotes":""},"categories":[76,102,103,97,98],"tags":[],"class_list":["post-14787","post","type-post","status-publish","format-standard","has-post-thumbnail","hentry","category-ciencia","category-economia","category-educacion","category-imperialismo-y-neoliberalismo","category-politica"],"jetpack_featured_media_url":"https:\/\/i0.wp.com\/moir.com.co\/web\/wp-content\/uploads\/2018\/03\/UniversidadNacionalplazache.jpg?fit=1024%2C600&ssl=1","jetpack-related-posts":[{"id":4250,"url":"https:\/\/moir.com.co\/web\/la-designacion-del-rector-de-la-upc-un-acto-antidemocratico\/","url_meta":{"origin":14787,"position":0},"title":"La designaci\u00f3n del rector de la UPC: un acto antidemocr\u00e1tico","author":"admin","date":"abril 3, 2010","format":false,"excerpt":"El d\u00eda 16 de febrero de 2010, en medio de la \u00e9poca de vacaciones estudiantiles y obviando la participaci\u00f3n de los estamentos universitarios, fue designado como rector de la Universidad Popular del Cesar Ra\u00fal Maya Pab\u00f3n, frente a lo cual realizaremos las siguientes observaciones: 1. Es inapropiado pretender juzgar el\u2026","rel":"","context":"Entrada similar","block_context":{"text":"Entrada similar","link":""},"img":{"alt_text":"","src":"","width":0,"height":0},"classes":[]},{"id":11167,"url":"https:\/\/moir.com.co\/web\/ante-el-resultado-de-las-elecciones-al-csu-avanza-un-reitera-su-compromiso-en-defensa-de-la-universidad-nacional\/","url_meta":{"origin":14787,"position":1},"title":"Ante el resultado de las elecciones al CSU, AVANZA UN reitera su compromiso en defensa de la Universidad Nacional","author":"admin","date":"noviembre 25, 2016","format":false,"excerpt":"Avanza UN, Bogot\u00e1, noviembre 23 de 2016 Una vez conocido el resultado de la elecci\u00f3n de Representante Estudiantil ante el Consejo Superior Universitario de la Universidad Nacional de Colombia, en las que resultaron ganadores los candidatos de la plancha n\u00famero 1, Andr\u00e9s Salazar y su suplente Carlos Paz, nos permitimos\u2026","rel":"","context":"En \u00abEducaci\u00f3n\u00bb","block_context":{"text":"Educaci\u00f3n","link":"https:\/\/moir.com.co\/web\/category\/temas\/educacion\/"},"img":{"alt_text":"","src":"","width":0,"height":0},"classes":[]},{"id":4554,"url":"https:\/\/moir.com.co\/web\/el-nuevo-rector-de-la-upn-seguira-por-el-mismo-camino-del-anterior-la-privatizacion\/","url_meta":{"origin":14787,"position":2},"title":"El Nuevo Rector de la UPN seguir\u00e1 por el mismo camino del anterior\u2026 La Privatizaci\u00f3n","author":"admin","date":"julio 14, 2010","format":false,"excerpt":"Quienes hacemos parte de la Universidad Pedag\u00f3gica Nacional fuimos testigos pasivos el semestre pasado del retiro por la puerta grande de Oscar Ibarra, quien fue rector por dos periodos consecutivos del Alma Mater. Ibarra no escatim\u00f3 esfuerzos ni recursos para sacar propagandas por diferentes medios de \u201cla UPN creciendo desde\u2026","rel":"","context":"Entrada similar","block_context":{"text":"Entrada similar","link":""},"img":{"alt_text":"","src":"","width":0,"height":0},"classes":[]},{"id":3235,"url":"https:\/\/moir.com.co\/web\/carta-abierta-de-la-representacion-estudiantil-al-consejo-superior-al-rector-de-la-universidad-de-caldas-y-a-la-mayoria-del-csu\/","url_meta":{"origin":14787,"position":3},"title":"Carta abierta de la representaci\u00f3n estudiantil al Consejo Superior: al rector de la Universidad de Caldas y a la mayor\u00eda del CSU","author":"admin","date":"junio 21, 2009","format":false,"excerpt":"Doctor Ricardo G\u00f3mez Giraldo Se\u00f1ores Consejo Superior Universidad de Caldas Asunto: Imposici\u00f3n de multa a la Universidad de Caldas, por desconocer los derechos de asociaci\u00f3n y negociaci\u00f3n sindical. El 28 de mayo de 2009 mediante Resoluci\u00f3n 165, suscrita por la Direcci\u00f3n Territorial de Caldas del Ministerio de la Protecci\u00f3n Social,\u2026","rel":"","context":"En \u00abJuventud Patri\u00f3tica\u00bb","block_context":{"text":"Juventud Patri\u00f3tica","link":"https:\/\/moir.com.co\/web\/category\/juventud-patriotica\/"},"img":{"alt_text":"","src":"","width":0,"height":0},"classes":[]},{"id":522,"url":"https:\/\/moir.com.co\/web\/impidamos-el-asalto-de-uribe-velez-a-la-universidad-nacional\/","url_meta":{"origin":14787,"position":4},"title":"IMPIDAMOS EL ASALTO DE URIBE V\u00c9LEZ A LA UNIVERSIDAD NACIONAL","author":"admin","date":"agosto 10, 2004","format":false,"excerpt":"Es vox populi en la comunidad universitaria que el gobierno de \u00c1lvaro Uribe V\u00e9lez pretende tomar por asalto la rector\u00eda de la Universidad Nacional, procediendo a desconocer la aplastante victoria del Dr. V\u00edctor Manuel Moncayo, a quien los estudiantes y profesores respaldamos masivamente en la pasada consulta en defensa de\u2026","rel":"","context":"En \u00abJuventud Patri\u00f3tica\u00bb","block_context":{"text":"Juventud Patri\u00f3tica","link":"https:\/\/moir.com.co\/web\/category\/juventud-patriotica\/"},"img":{"alt_text":"","src":"","width":0,"height":0},"classes":[]},{"id":8881,"url":"https:\/\/moir.com.co\/web\/implicaciones-de-la-eliminacion-de-la-consulta-estamentaria-para-la-designacion-del-rector-de-la-universidad-popular-del-cesar\/","url_meta":{"origin":14787,"position":5},"title":"Implicaciones de la eliminaci\u00f3n de la consulta estamentaria para la designaci\u00f3n del rector de la Universidad Popular del Cesar","author":"admin","date":"noviembre 18, 2014","format":false,"excerpt":"A trav\u00e9s del Acuerdo 037 de 2014, el Consejo Superior Universitario ha decidido eliminar las consultas de los estamentos que componen nuestra Alma Mater en el proceso de designaci\u00f3n del rector y modificar los requisitos y condiciones para ser rector, encuadr\u00e1ndolos a los intereses de quienes componen el m\u00e1ximo \u00f3rgano\u2026","rel":"","context":"En \u00abTemas\u00bb","block_context":{"text":"Temas","link":"https:\/\/moir.com.co\/web\/category\/temas\/"},"img":{"alt_text":"","src":"","width":0,"height":0},"classes":[]}],"jetpack_sharing_enabled":true,"_links":{"self":[{"href":"https:\/\/moir.com.co\/web\/wp-json\/wp\/v2\/posts\/14787","targetHints":{"allow":["GET"]}}],"collection":[{"href":"https:\/\/moir.com.co\/web\/wp-json\/wp\/v2\/posts"}],"about":[{"href":"https:\/\/moir.com.co\/web\/wp-json\/wp\/v2\/types\/post"}],"author":[{"embeddable":true,"href":"https:\/\/moir.com.co\/web\/wp-json\/wp\/v2\/users\/1"}],"replies":[{"embeddable":true,"href":"https:\/\/moir.com.co\/web\/wp-json\/wp\/v2\/comments?post=14787"}],"version-history":[{"count":1,"href":"https:\/\/moir.com.co\/web\/wp-json\/wp\/v2\/posts\/14787\/revisions"}],"predecessor-version":[{"id":14789,"href":"https:\/\/moir.com.co\/web\/wp-json\/wp\/v2\/posts\/14787\/revisions\/14789"}],"wp:featuredmedia":[{"embeddable":true,"href":"https:\/\/moir.com.co\/web\/wp-json\/wp\/v2\/media\/14788"}],"wp:attachment":[{"href":"https:\/\/moir.com.co\/web\/wp-json\/wp\/v2\/media?parent=14787"}],"wp:term":[{"taxonomy":"category","embeddable":true,"href":"https:\/\/moir.com.co\/web\/wp-json\/wp\/v2\/categories?post=14787"},{"taxonomy":"post_tag","embeddable":true,"href":"https:\/\/moir.com.co\/web\/wp-json\/wp\/v2\/tags?post=14787"}],"curies":[{"name":"wp","href":"https:\/\/api.w.org\/{rel}","templated":true}]}}