{"id":14782,"date":"2018-03-23T16:53:21","date_gmt":"2018-03-23T16:53:21","guid":{"rendered":"https:\/\/moir.org.co\/web\/?p=14782"},"modified":"2018-03-23T16:53:21","modified_gmt":"2018-03-23T16:53:21","slug":"por-financiacion-ascensos-y-salud-y-el-cumplimiento-de-los-acuerdos-viva-el-paro-nacional-de-48-horas","status":"publish","type":"post","link":"https:\/\/moir.com.co\/web\/por-financiacion-ascensos-y-salud-y-el-cumplimiento-de-los-acuerdos-viva-el-paro-nacional-de-48-horas\/","title":{"rendered":"Por financiaci\u00f3n, ascensos y salud y el cumplimiento de los acuerdos \u00a1viva el paro nacional de 48 horas!"},"content":{"rendered":"<p><strong>Tribuna Magisterial Nacional, Bogot\u00e1, marzo 22 de 2018<\/strong><\/p>\n<p>La Junta Nacional de FECODE aprob\u00f3 paro nacional de 48 horas, facultando al Comit\u00e9 Ejecutivo para definir la hora cero, ante el incumplimiento de los acuerdos por parte del Gobierno Santos.<\/p>\n<p>Pretende el Gobierno imponer una reforma a la Ley 715 con la cual viola el acuerdo, agrava la desfinanciaci\u00f3n, empeora los criterios de distribuci\u00f3n con criterios neoliberales de eficiencia como el \u00edndice sint\u00e9tico de calidad y las relaciones t\u00e9cnicas, niega el derecho a la educaci\u00f3n a millones de ni\u00f1os, convierte la jornada \u00fanica en demagogia que no garantiza las condiciones para su desarrollo, mantiene el hacinamiento y el deplorable estado f\u00edsico y de dotaci\u00f3n de colegios y escuelas con estudiantes sin alimentaci\u00f3n ni transporte, disminuye la planta de personal y congela los ascensos. Y, como si fuera poco, por medio de un orangut\u00e1n busca acabar con el Fondo de Prestaciones Sociales del Magisterio con la vieja trampa de la \u201clibertad de elecci\u00f3n\u201d usada en 1993 con la Ley 100.<\/p>\n<p>No convoc\u00f3 el Ministerio, no obstante los reiterados requerimientos de FECODE, el proceso de ascensos en el a\u00f1o 2017, contraviniendo el acuerdo de 2015 y el decreto 1657 que establecen taxativamente que por lo menos una vez al a\u00f1o se debe realizar la evaluaci\u00f3n con car\u00e1cter diagnostico formativo, sino que por el contrario public\u00f3 en su p\u00e1gina un cronograma que va pr\u00e1cticamente hasta 2020 y no acept\u00f3 la propuesta de FECODE de realizarlo en 2018. Ofrece como otra v\u00eda el regreso al examen escrito, que ser\u00eda el control completo del MEN con consecuencias funestas. En cualquiera de los dos casos se trata de impedir que los maestros asciendan tal como lo hicieron en las dos primeras cohortes de la ECDF.<\/p>\n<p>Viola Santos todas las normas y derechos fundamentales al mantener a los maestros como los \u00fanicos trabajadores que no tenemos seguridad y salud en el trabajo al no aplicar el decreto 1655 pese a que la Ley se lo exige y la Procuradur\u00eda lo ha conminado a hacerlo. Dilata la modificaci\u00f3n de las tablas de incapacidad con lo que impide el otorgamiento de pensiones de invalidez o las reduce al salario m\u00ednimo. Y es igualmente responsable de la cat\u00e1strofe de los servicios m\u00e9dicos que cada d\u00eda empeoran ante su alcahueta complacencia. En esto no puede ser casual la coincidencia entre el calculado empeoramiento de los servicios de salud y la intenci\u00f3n de destruir el r\u00e9gimen especial con la t\u00e1ctica de desprestigio usada para acabar con el Instituto de Seguros Sociales e imponer los fondos privados y las Eps.<\/p>\n<p>La Jornada \u00danica se sigue implementando sin que se cumplan con los requisitos previos de infraestructura, alimentaci\u00f3n, servicios p\u00fablicos y docentes y se respeten la autonom\u00eda y el gobierno escolares.\u00a0 El programa de alimentaci\u00f3n escolar, sacudido por sonados casos de corrupci\u00f3n, est\u00e1 sin financiaci\u00f3n. No acepta el Gobierno modificar el decreto 2105 que contiene aspectos violatorios de los derechos del magisterio.<\/p>\n<p>&nbsp;<\/p>\n<h1>\u00a1Viva el paro nacional de 48 horas!<br \/>\n\u00a1Abajo el Gobierno de Santos!<\/h1>\n","protected":false},"excerpt":{"rendered":"<p>Tribuna Magisterial Nacional, Bogot\u00e1, marzo 22 de 2018 La Junta Nacional de FECODE aprob\u00f3 paro nacional de 48 horas, facultando al Comit\u00e9 Ejecutivo para definir la hora cero, ante el incumplimiento de los acuerdos por parte del Gobierno Santos. Pretende el Gobierno imponer una reforma a la Ley 715 con la cual viola el acuerdo, [&hellip;]<\/p>\n","protected":false},"author":1,"featured_media":14783,"comment_status":"open","ping_status":"open","sticky":false,"template":"","format":"standard","meta":{"advanced_seo_description":"","jetpack_seo_html_title":"","jetpack_seo_noindex":false,"_jetpack_memberships_contains_paid_content":false,"footnotes":""},"categories":[102,103,97,98,96,109],"tags":[],"class_list":["post-14782","post","type-post","status-publish","format-standard","has-post-thumbnail","hentry","category-economia","category-educacion","category-imperialismo-y-neoliberalismo","category-politica","category-salud-y-pensiones","category-sindical"],"jetpack_featured_media_url":"https:\/\/i0.wp.com\/moir.com.co\/web\/wp-content\/uploads\/2018\/03\/maestrosmanifestacionsalud.jpg?fit=720%2C320&ssl=1","jetpack-related-posts":[{"id":15030,"url":"https:\/\/moir.com.co\/web\/por-financiacion-ascensos-y-salud-y-el-cumplimiento-de-los-acuerdos-viva-el-paro-nacional-de-48-horas-9-y-10-de-mayo-el-magisterio-a-la-calle\/","url_meta":{"origin":14782,"position":0},"title":"Por financiaci\u00f3n, ascensos y salud y el cumplimiento de los acuerdos \u00a1viva el paro nacional de 48 horas! \u00a19 y 10 de mayo el magisterio a la calle!","author":"admin","date":"mayo 2, 2018","format":false,"excerpt":"Tribuna magisterial Nacional, Bogot\u00e1, mayo 2 de 2018 El comit\u00e9 ejecutivo de FECODE acogiendo lo definido por la Junta Nacional el mi\u00e9rcoles 21 de marzo, determin\u00f3 convocar el paro de 48 horas para los d\u00edas 9 y 10 de mayo del presente a\u00f1o con los siguientes objetivos Por una financiaci\u00f3n\u2026","rel":"","context":"En \u00abEconom\u00eda\u00bb","block_context":{"text":"Econom\u00eda","link":"https:\/\/moir.com.co\/web\/category\/temas\/economia\/"},"img":{"alt_text":"","src":"","width":0,"height":0},"classes":[]},{"id":14616,"url":"https:\/\/moir.com.co\/web\/el-magisterio-en-pie-de-lucha\/","url_meta":{"origin":14782,"position":1},"title":"El magisterio en pie de lucha","author":"admin","date":"marzo 2, 2018","format":false,"excerpt":"Tribuna Magisterial Nacional, Bogot\u00e1, marzo 1 de 2018 Contra la desfinanciaci\u00f3n de la educaci\u00f3n, la congelaci\u00f3n de los ascensos, los p\u00e9simos servicios de salud y la destrucci\u00f3n del Fondo Nacional del Magisterio. El gobierno Santos, cumpliendo las ordenes de las agencias internacionales, que act\u00faan al servicio de los intereses del\u2026","rel":"","context":"En \u00abEconom\u00eda\u00bb","block_context":{"text":"Econom\u00eda","link":"https:\/\/moir.com.co\/web\/category\/temas\/economia\/"},"img":{"alt_text":"","src":"https:\/\/i0.wp.com\/moir.com.co\/web\/wp-content\/uploads\/2017\/11\/magisteriovacaciones.jpg?fit=800%2C532&ssl=1&resize=350%2C200","width":350,"height":200,"srcset":"https:\/\/i0.wp.com\/moir.com.co\/web\/wp-content\/uploads\/2017\/11\/magisteriovacaciones.jpg?fit=800%2C532&ssl=1&resize=350%2C200 1x, https:\/\/i0.wp.com\/moir.com.co\/web\/wp-content\/uploads\/2017\/11\/magisteriovacaciones.jpg?fit=800%2C532&ssl=1&resize=525%2C300 1.5x, https:\/\/i0.wp.com\/moir.com.co\/web\/wp-content\/uploads\/2017\/11\/magisteriovacaciones.jpg?fit=800%2C532&ssl=1&resize=700%2C400 2x"},"classes":[]},{"id":8798,"url":"https:\/\/moir.com.co\/web\/posicion-ante-los-criterios-del-gobierno-nacional-sobre-un-nuevo-modelo-de-ascenso-y-reubicacion-salarial-para-educadores-del-decreto-1278\/","url_meta":{"origin":14782,"position":2},"title":"Posici\u00f3n ante los criterios del Gobierno Nacional sobre un nuevo modelo de ascenso y reubicaci\u00f3n salarial para educadores del decreto 1278","author":"admin","date":"octubre 15, 2014","format":false,"excerpt":"Compa\u00f1eros Comit\u00e9 Ejecutivo de FECODE Bogot\u00e1 DC. Ha ratificado el Gobierno de Santos su actitud de no respetar los acuerdos de mayo del 2014. No nos sorprende, ya que si hay un especialista en violar los acuerdos e irrespetar sus compromisos es el reelegido Presidente de la Rep\u00fablica. No bien\u2026","rel":"","context":"En \u00abPronunciamientos de Organizaciones Sociales\u00bb","block_context":{"text":"Pronunciamientos de Organizaciones Sociales","link":"https:\/\/moir.com.co\/web\/category\/pronunciamientos-de-organizaciones-sociales\/"},"img":{"alt_text":"","src":"","width":0,"height":0},"classes":[]},{"id":16157,"url":"https:\/\/moir.com.co\/web\/paro-nacional-del-magisterio-contra-el-proyecto-de-ley-057-y-el-incumplimiento-de-los-acuerdos\/","url_meta":{"origin":14782,"position":3},"title":"Paro Nacional del Magisterio contra el Proyecto de Ley 057 y el incumplimiento de los acuerdos","author":"admin","date":"octubre 12, 2018","format":false,"excerpt":"Tribuna Magisterial Nacional, Bogot\u00e1, octubre 10 de 2018 Por unanimidad el Comit\u00e9 Ejecutivo de FECODE decidi\u00f3 convocar al magisterio colombiano a paro nacional cuya hora cero definir\u00e1 el mi\u00e9rcoles de la semana entrante. El jueves se desarrollar\u00e1 la Junta Nacional en el marco del plan de organizaci\u00f3n del movimiento. No\u2026","rel":"","context":"En \u00abEconom\u00eda\u00bb","block_context":{"text":"Econom\u00eda","link":"https:\/\/moir.com.co\/web\/category\/temas\/economia\/"},"img":{"alt_text":"","src":"https:\/\/i0.wp.com\/moir.com.co\/web\/wp-content\/uploads\/2017\/06\/maestros060617.jpg?fit=700%2C500&ssl=1&resize=350%2C200","width":350,"height":200,"srcset":"https:\/\/i0.wp.com\/moir.com.co\/web\/wp-content\/uploads\/2017\/06\/maestros060617.jpg?fit=700%2C500&ssl=1&resize=350%2C200 1x, https:\/\/i0.wp.com\/moir.com.co\/web\/wp-content\/uploads\/2017\/06\/maestros060617.jpg?fit=700%2C500&ssl=1&resize=525%2C300 1.5x, https:\/\/i0.wp.com\/moir.com.co\/web\/wp-content\/uploads\/2017\/06\/maestros060617.jpg?fit=700%2C500&ssl=1&resize=700%2C400 2x"},"classes":[]},{"id":12628,"url":"https:\/\/moir.com.co\/web\/el-polo-apoya-protesta-nacional-del-6-de-junio-magisterio-estatales-y-arroceros\/","url_meta":{"origin":14782,"position":4},"title":"El Polo apoya protesta nacional del 6 de junio: magisterio, estatales y arroceros","author":"admin","date":"junio 5, 2017","format":false,"excerpt":"Polo Democr\u00e1tico Alternativo, Bogot\u00e1, junio 5 de 2017 El magisterio colombiano afiliado a FECODE, completa 25 d\u00edas en paro para reclamar financiaci\u00f3n suficiente de la educaci\u00f3n p\u00fablica y \u00a0resoluci\u00f3n a sus peticiones laborales; los trabajadores estatales representados por las Centrales Obreras, negocian con el gobierno nacional su pliego unificado de\u2026","rel":"","context":"En \u00abAgro\u00bb","block_context":{"text":"Agro","link":"https:\/\/moir.com.co\/web\/category\/temas\/agro\/"},"img":{"alt_text":"","src":"","width":0,"height":0},"classes":[]},{"id":10198,"url":"https:\/\/moir.com.co\/web\/santos-y-parody-deben-cumplirle-al-magisterio-robledo\/","url_meta":{"origin":14782,"position":5},"title":"Santos y Parody deben cumplirle al magisterio: Robledo","author":"admin","date":"junio 4, 2016","format":false,"excerpt":"Salud digna y oportuna es requisito para una educaci\u00f3n de calidad. Los maestros hacen un Paro de 24 horas para exigir salud digna tras los incumplimientos del gobierno nacional El magisterio liderado por la Federaci\u00f3n Colombiana de Educadores realiza hoy un paro nacional por 24 horas para exigirle al gobierno\u2026","rel":"","context":"En \u00abJorge Enrique Robledo\u00bb","block_context":{"text":"Jorge Enrique Robledo","link":"https:\/\/moir.com.co\/web\/category\/jorge-enrique-robledo\/"},"img":{"alt_text":"","src":"","width":0,"height":0},"classes":[]}],"jetpack_sharing_enabled":true,"_links":{"self":[{"href":"https:\/\/moir.com.co\/web\/wp-json\/wp\/v2\/posts\/14782","targetHints":{"allow":["GET"]}}],"collection":[{"href":"https:\/\/moir.com.co\/web\/wp-json\/wp\/v2\/posts"}],"about":[{"href":"https:\/\/moir.com.co\/web\/wp-json\/wp\/v2\/types\/post"}],"author":[{"embeddable":true,"href":"https:\/\/moir.com.co\/web\/wp-json\/wp\/v2\/users\/1"}],"replies":[{"embeddable":true,"href":"https:\/\/moir.com.co\/web\/wp-json\/wp\/v2\/comments?post=14782"}],"version-history":[{"count":1,"href":"https:\/\/moir.com.co\/web\/wp-json\/wp\/v2\/posts\/14782\/revisions"}],"predecessor-version":[{"id":14784,"href":"https:\/\/moir.com.co\/web\/wp-json\/wp\/v2\/posts\/14782\/revisions\/14784"}],"wp:featuredmedia":[{"embeddable":true,"href":"https:\/\/moir.com.co\/web\/wp-json\/wp\/v2\/media\/14783"}],"wp:attachment":[{"href":"https:\/\/moir.com.co\/web\/wp-json\/wp\/v2\/media?parent=14782"}],"wp:term":[{"taxonomy":"category","embeddable":true,"href":"https:\/\/moir.com.co\/web\/wp-json\/wp\/v2\/categories?post=14782"},{"taxonomy":"post_tag","embeddable":true,"href":"https:\/\/moir.com.co\/web\/wp-json\/wp\/v2\/tags?post=14782"}],"curies":[{"name":"wp","href":"https:\/\/api.w.org\/{rel}","templated":true}]}}