{"id":14779,"date":"2018-03-23T16:36:18","date_gmt":"2018-03-23T16:36:18","guid":{"rendered":"https:\/\/moir.org.co\/web\/?p=14779"},"modified":"2018-03-23T16:36:18","modified_gmt":"2018-03-23T16:36:18","slug":"a-cartagena-tenemos-que-reconstruirla-david-munera","status":"publish","type":"post","link":"https:\/\/moir.com.co\/web\/a-cartagena-tenemos-que-reconstruirla-david-munera\/","title":{"rendered":"&#8220;A Cartagena tenemos que reconstruirla&#8221;: David M\u00fanera"},"content":{"rendered":"<p><strong>Entrevista de El Universal, Cartagena, marzo 22 de 2018<\/strong><\/p>\n<p>El abogado y profesor universitario se ha destacado por ser un ac\u00e9rrimo cr\u00edtico de los hechos de corrupci\u00f3n en la ciudad. Fue concejal en el periodo de 2012 a 2015 y participa como analista pol\u00edtico en medios locales.<\/p>\n<p><strong>1. \u00bfCu\u00e1l es su principal motivaci\u00f3n en ser alcalde de Cartagena?<\/strong><\/p>\n<p>Yo siempre he sido un doliente de Cartagena y siempre he tenido muchas cr\u00edticas sobre la forma como se ha gobernando aqu\u00ed y los resultados de este gobierno. La realidad es que Cartagena est\u00e1 en un derrumbe institucional, pol\u00edtico, social, administrativo producto de las malas pr\u00e1cticas y las malas pol\u00edticas. Creo que hay a Cartagena hay que rescatarla y que necesita un alcalde transparente, que recobre la credibilidad.<\/p>\n<p><strong>2.\u00bfQui\u00e9n financia su campa\u00f1a?<\/strong><\/p>\n<p>Yo aplico aqu\u00ed aplico lo que dec\u00eda el maestro Carlos Gaviria \u2018el que paga para ganar paga para robar\u2019 y los cartageneros tienen que tener claro esto. Voy a abrir una cuenta para que los cartageneros en la medida de sus posibilidades econ\u00f3micas me colaboren con sus aportes.<\/p>\n<p><strong>3.Cartagena est\u00e1 hastiada de la corrupci\u00f3n. \u00bfC\u00f3mo va enfrentar este flagelo una vez llegue al Palacio de la Aduana?<\/strong><\/p>\n<p>No habr\u00e1 una sola OPS para ning\u00fan pol\u00edtico ni habr\u00e1 un solo contrato para ning\u00fan pol\u00edtico. Aqu\u00ed hay que cortarle la mermelada a la clase pol\u00edtica corrupta. En estos 20 meses que vamos a tener, vamos quitarle el oxigeno a esta corrupci\u00f3n para que se dejen de robar los dineros p\u00fablicos. Mi compromiso es cero corrupci\u00f3n, voy a tener espejo retrovisor, voy a poner en manos de la Fiscal\u00eda, Contralor\u00eda y Procuradur\u00eda todos los hechos de la contrataci\u00f3n de los \u00faltimos a\u00f1os de los ex alcaldes de Cartagena porque aqu\u00ed no puede quedar en la impunidad el saqueo y el robo.<\/p>\n<p><strong>4.Se siguen levantado construcciones ilegales \u00bfC\u00f3mo va a trabajar para poner en control el ordenamiento urbano de la ciudad?<\/strong><\/p>\n<p>Nadie est\u00e1 interesado en cambiar el POT en Cartagena porque este POT permite todo tipo de corrupci\u00f3n. Est\u00e1 hecho a la medida de la corrupci\u00f3n, de la violaci\u00f3n a la ley, de construir una ciudad sin planificaci\u00f3n, sin organizaci\u00f3n. Lamentable la mafia de los edificios sin licencia, la posible p\u00e9rdida del grado de Patrimonio por el edificio Aquarela. Por eso es una medida urgente e inmediata que requiere Cartagena.<\/p>\n","protected":false},"excerpt":{"rendered":"<p>Entrevista de El Universal, Cartagena, marzo 22 de 2018 El abogado y profesor universitario se ha destacado por ser un ac\u00e9rrimo cr\u00edtico de los hechos de corrupci\u00f3n en la ciudad. Fue concejal en el periodo de 2012 a 2015 y participa como analista pol\u00edtico en medios locales. 1. \u00bfCu\u00e1l es su principal motivaci\u00f3n en ser [&hellip;]<\/p>\n","protected":false},"author":1,"featured_media":14780,"comment_status":"open","ping_status":"open","sticky":false,"template":"","format":"standard","meta":{"advanced_seo_description":"","jetpack_seo_html_title":"","jetpack_seo_noindex":false,"_jetpack_memberships_contains_paid_content":false,"footnotes":""},"categories":[102,97,98],"tags":[],"class_list":["post-14779","post","type-post","status-publish","format-standard","has-post-thumbnail","hentry","category-economia","category-imperialismo-y-neoliberalismo","category-politica"],"jetpack_featured_media_url":"https:\/\/i0.wp.com\/moir.com.co\/web\/wp-content\/uploads\/2018\/03\/DAVIDMUNERACAVADIA.jpg?fit=120%2C160&ssl=1","jetpack-related-posts":[{"id":9431,"url":"https:\/\/moir.com.co\/web\/alcalde-de-cartagena-viaja-a-espana-despues-de-haberle-regalado-prorroga-a-aguas-de-barcelona\/","url_meta":{"origin":14779,"position":0},"title":"Alcalde de Cartagena viaja a Espa\u00f1a despu\u00e9s de haberle regalado pr\u00f3rroga a Aguas de Barcelona","author":"admin","date":"junio 2, 2015","format":false,"excerpt":"\u201cES MUY DESAFORTUNADO Y DEJA MUY MAL SABOR, QUE A POCO DE HABERLE PRORROGADO, CLANDESTINAMENTE Y ARROG\u00c1NDOSE LAS FACULTADES DEL CONCEJO, EL CONTRATO DE OPERACI\u00d3N A AGUAS DE CARTAGENA, CUYO ACCIONISTA ES AGUAS DE BARCELONA, EL ALCALDE DE CARTAGENA, DIONISIO V\u00c9LEZ, SE VAYA ESTA SEMANA PARA ESPA\u00d1A A UNA CONFERENCIA\u2026","rel":"","context":"En \u00abTemas\u00bb","block_context":{"text":"Temas","link":"https:\/\/moir.com.co\/web\/category\/temas\/"},"img":{"alt_text":"","src":"","width":0,"height":0},"classes":[]},{"id":18334,"url":"https:\/\/moir.com.co\/web\/grandes-expectativas\/","url_meta":{"origin":14779,"position":1},"title":"Grandes expectativas","author":"admin","date":"enero 9, 2020","format":false,"excerpt":"Jos\u00e9 Arlex Arias, Cartagena, enero 6 de 2020 El alcalde de Cartagena William Dau\u00a0Chamat, de manera intempestiva, derrot\u00f3 al que los analistas daban como al \"cuasi alcalde\", William Garc\u00eda Tirado, representante de las maquinarias y casas pol\u00edticas; se podr\u00eda decir que el 27 de octubre de 2019 es el d\u00eda\u2026","rel":"","context":"En \u00abPol\u00edtica\u00bb","block_context":{"text":"Pol\u00edtica","link":"https:\/\/moir.com.co\/web\/category\/temas\/politica\/"},"img":{"alt_text":"","src":"","width":0,"height":0},"classes":[]},{"id":9103,"url":"https:\/\/moir.com.co\/web\/un-requiem-por-cartagena\/","url_meta":{"origin":14779,"position":2},"title":"Un r\u00e9quiem por Cartagena","author":"admin","date":"febrero 16, 2015","format":false,"excerpt":"Es tedioso el papel de quien quiere advertir sobre posibles hechos que pueden causar consecuencias negativas a una poblaci\u00f3n. Decir lo que los dem\u00e1s no quieren escuchar es un oficio trabajoso. En medio del \u201cunanimismo\u201d pol\u00edtico impulsado por el gobierno nacional y de la algarab\u00eda sobre una Colombia virtual convertida\u2026","rel":"","context":"En \u00abTemas\u00bb","block_context":{"text":"Temas","link":"https:\/\/moir.com.co\/web\/category\/temas\/"},"img":{"alt_text":"","src":"","width":0,"height":0},"classes":[]},{"id":7433,"url":"https:\/\/moir.com.co\/web\/cartagena-no-se-merece-la-ingobernabilidad-vigente\/","url_meta":{"origin":14779,"position":3},"title":"Cartagena no se merece la ingobernabilidad vigente","author":"admin","date":"abril 2, 2013","format":false,"excerpt":"Cartagena ni su poblaci\u00f3n merecen la ingobernabilidad a la cual nos tiene sometidos el se\u00f1or Alcalde Mayor, Campo El\u00edas Ter\u00e1n Dix, al no estar en capacidad de gobernar y prestarse para que se Administre la ciudad con interinos. Desde este Concejo de Cartagena invito a todas las organizaciones sociales, gremiales,\u2026","rel":"","context":"En \u00abPolo Democr\u00e1tico Alternativo\u00bb","block_context":{"text":"Polo Democr\u00e1tico Alternativo","link":"https:\/\/moir.com.co\/web\/category\/polo-democratico-alternativo\/"},"img":{"alt_text":"","src":"","width":0,"height":0},"classes":[]},{"id":6901,"url":"https:\/\/moir.com.co\/web\/no-permitamos-mas-saqueos-a-cartagena\/","url_meta":{"origin":14779,"position":4},"title":"No permitamos m\u00e1s saqueos a cartagena","author":"admin","date":"octubre 8, 2012","format":false,"excerpt":"En el pasado debate electoral para elegir al Alcalde del Distrito de Cartagena se crearon muchas expectativas porque uno de los voceros, quiz\u00e1s el m\u00e1s popular de todos, postul\u00f3 su nombre y con \u00e9l, las ilusiones de los cartageneros se acrecentaron, con el \u00e1nimo de ver una ciudad transformada y\u2026","rel":"","context":"En \u00abTemas\u00bb","block_context":{"text":"Temas","link":"https:\/\/moir.com.co\/web\/category\/temas\/"},"img":{"alt_text":"","src":"","width":0,"height":0},"classes":[]},{"id":7778,"url":"https:\/\/moir.com.co\/web\/alcalde-cartagena-importa-funcionarios-de-otras-regiones\/","url_meta":{"origin":14779,"position":5},"title":"Alcalde Cartagena importa funcionarios de otras regiones","author":"admin","date":"julio 30, 2013","format":false,"excerpt":"\u201cMe causa mucho asombro y rechazo con todas mis energ\u00edas que el se\u00f1or Alcalde de Cartagena, traiga de otras ciudades cuotas pol\u00edticas para integrar los cuadros directivos de su Despacho. El nombramiento de la doctora Marta Rodr\u00edguez en el Departamento Administrativo de Salud \u2013Dadis- es una verdadera afrenta contra los\u2026","rel":"","context":"En \u00abPolo Democr\u00e1tico Alternativo\u00bb","block_context":{"text":"Polo Democr\u00e1tico Alternativo","link":"https:\/\/moir.com.co\/web\/category\/polo-democratico-alternativo\/"},"img":{"alt_text":"","src":"","width":0,"height":0},"classes":[]}],"jetpack_sharing_enabled":true,"_links":{"self":[{"href":"https:\/\/moir.com.co\/web\/wp-json\/wp\/v2\/posts\/14779","targetHints":{"allow":["GET"]}}],"collection":[{"href":"https:\/\/moir.com.co\/web\/wp-json\/wp\/v2\/posts"}],"about":[{"href":"https:\/\/moir.com.co\/web\/wp-json\/wp\/v2\/types\/post"}],"author":[{"embeddable":true,"href":"https:\/\/moir.com.co\/web\/wp-json\/wp\/v2\/users\/1"}],"replies":[{"embeddable":true,"href":"https:\/\/moir.com.co\/web\/wp-json\/wp\/v2\/comments?post=14779"}],"version-history":[{"count":1,"href":"https:\/\/moir.com.co\/web\/wp-json\/wp\/v2\/posts\/14779\/revisions"}],"predecessor-version":[{"id":14781,"href":"https:\/\/moir.com.co\/web\/wp-json\/wp\/v2\/posts\/14779\/revisions\/14781"}],"wp:featuredmedia":[{"embeddable":true,"href":"https:\/\/moir.com.co\/web\/wp-json\/wp\/v2\/media\/14780"}],"wp:attachment":[{"href":"https:\/\/moir.com.co\/web\/wp-json\/wp\/v2\/media?parent=14779"}],"wp:term":[{"taxonomy":"category","embeddable":true,"href":"https:\/\/moir.com.co\/web\/wp-json\/wp\/v2\/categories?post=14779"},{"taxonomy":"post_tag","embeddable":true,"href":"https:\/\/moir.com.co\/web\/wp-json\/wp\/v2\/tags?post=14779"}],"curies":[{"name":"wp","href":"https:\/\/api.w.org\/{rel}","templated":true}]}}