{"id":14763,"date":"2018-03-22T13:49:40","date_gmt":"2018-03-22T13:49:40","guid":{"rendered":"https:\/\/moir.org.co\/web\/?p=14763"},"modified":"2018-03-22T13:49:40","modified_gmt":"2018-03-22T13:49:40","slug":"como-debe-ser-una-reforma-tributaria-progresiva","status":"publish","type":"post","link":"https:\/\/moir.com.co\/web\/como-debe-ser-una-reforma-tributaria-progresiva\/","title":{"rendered":"\u00bfC\u00f3mo debe ser una reforma tributaria progresiva?"},"content":{"rendered":"<p><strong>Aurelio Su\u00e1rez Montoya, Bogot\u00e1, marzo 21 de 2018<\/strong><\/p>\n<p id=\"p196214-m166-165-167\" class=\"contenido \">Un art\u00edculo de \u2018Columbia Journal of Tax Law\u2019 (Benshalom y Stead, 2018) afirma que \u201cel r\u00e9gimen del impuesto a la renta es un instrumento vital para lograr la redistribuci\u00f3n en las democracias liberales, por lo que acad\u00e9micos y legisladores deber\u00edan ver un an\u00e1lisis distributivo concreto de sus atributos como una necesidad\u201d. El texto refuta las, por lo menos,\u00a0<b>16 reformas tributarias que en los \u00faltimos 27 a\u00f1os han maltratado impunemente el art\u00edculo 363 de la Constituci\u00f3n: \u201cEl sistema tributario se funda en los principios de equidad, eficiencia y progresividad\u201d.<\/b><\/p>\n<div id=\"sas_9343\" class=\"ad-unit\"><\/div>\n<p id=\"p196214-m186-2-187\" class=\"contenido \"><b>Dicha deformaci\u00f3n, justificada al tenor de la eficiencia, caus\u00f3 que en el sistema tributario nacional no predomine el impuesto de renta.\u00a0<\/b>Veamos: con base en informaci\u00f3n de la Dian del a\u00f1o gravable 2016, que se registra en 2017, cuando solo se aplicaron los impuestos indirectos, quedando pendiente el de renta para las declaraciones del 2018, el recaudo total fue de $ 136 billones. El IVA (externo + interno), el de combustibles, los aranceles, el impuesto al consumo y el cuatro por mil sumaron $ 70 billones, mientras que el de renta, el Cree y el de riqueza, estos \u00faltimos en v\u00edas de extinci\u00f3n, llegaron a $ 66 billones. La brecha entre ambos se seguir\u00e1 ahondando.<\/p>\n<p>As\u00ed mismo, en 2017, el impuesto de renta a cargo de personas jur\u00eddicas \u2012de acuerdo con la Dian\u2012 factur\u00f3 $ 23 billones, frente a una renta l\u00edquida de $ 104 billones, lo cual significa una tasa efectiva promedio del 22 por ciento, lejos de la nominal de m\u00e1s del 40 por ciento que reg\u00eda en 2016 y tambi\u00e9n alejada en sectores claves, por ejemplo, el de los bancos en 2015, con el 16,9 por ciento (Villabona). Iniquidad presente adem\u00e1s en las personas naturales, como entre las obligadas a llevar contabilidad, donde los asalariados, con $ 248.000 millones de ingresos totales, tuvieron un impuesto a cargo de $ 19.498 millones, el 7,8 por ciento, ins\u00f3litamente similar al de los rentistas del capital, con ingresos por $ 726.000 millones, con tributo de renta por $ 58.300 millones, de lo que resulta una tasa del 8 por ciento.<\/p>\n<p id=\"p196214-m211-4-212\" class=\"contenido \">Est\u00e1 comprobado que Colombia va en contrav\u00eda de la progresividad, ordenada expresamente por la norma constitucional, como ha ocurrido tambi\u00e9n en Estados Unidos desde 1960-1970, donde, seg\u00fan Piketty, se produjo<b>\u00a0\u201cca\u00edda en los impuestos corporativos y en los impuestos a las sucesiones y donaciones combinada con un fuerte cambio en la composici\u00f3n de los principales ingresos lejos del ingreso del capital y hacia el ingreso laboral\u201d<\/b>. Es la l\u00ednea continuada por Trump, as\u00ed como la plasmada en la reforma tributaria del 2016 en Colombia y la propuesta por candidatos como Vargas, Duque y otros.<\/p>\n<p>Un grupo de trabajo (R. Barrera, N. Moreno y M. Hoyos) construy\u00f3 un bosquejo de trazado tributario hacia la progresividad. Ellos sugieren, en primera instancia, sabiendo que el Gini de las utilidades empresariales es mayor a 0,8, que se fije una tarifa esa s\u00ed progresiva, favoreciendo a las pymes, poniendo a las mayores contribuyentes el 36 por ciento y descendiendo en escala hasta 22 por ciento, con lo cual incluso el recaudo crecer\u00eda y no ser\u00eda cero, como est\u00e1 proyectado entre 2017 y 2022.<\/p>\n<p>As\u00ed mismo, proponen, con Piketty, gravar el patrimonio-riqueza de personas naturales en el exterior que buscan \u2018despatrimonializarse\u2019, como en el caso de los papeles de Panam\u00e1 y otros modelos paradis\u00edacos. El mundo discute la tarifa tributaria respectiva, particularmente para activos de inversi\u00f3n, que, como se muestra en muchos pa\u00edses, se concentran en el 1 por ciento m\u00e1s adinerado.<\/p>\n<p><b>Tambi\u00e9n sugieren acabar de eliminar los estramb\u00f3ticos privilegios consignados en los \u2018contratos de estabilidad jur\u00eddica\u2019;<\/b>\u00a0elevar impuestos a las grandes sucesiones; suprimir \u2012como se vio\u2012 las excesivas deducciones, cuyo costo fiscal se estim\u00f3 entre 2000 y 2015 en m\u00e1s de $ 120 billones (Villabona y Quimbay) y alzar la carga impositiva a los dividendos. Plantean, como Piketty, retomar el gravamen a los giros de capital al exterior de ganancias de firmas transnacionales, anulado por Uribe y Carrasquilla en 2006, que para 2017, aplicando solo 7 por ciento a los 13.641 millones de d\u00f3lares \u2012la renta remitida\u2012 recabar\u00eda $ 3 billones, un tercio del producto del alza del IVA del 16 al 19 por ciento.<\/p>\n<p>Sergio Fajardo ha convocado un di\u00e1logo general para elaborar la reforma fiscal indispensable y este an\u00e1lisis pretende contribuir con fundamento para avanzar hacia la equidad y hacia una efectiva redistribuci\u00f3n del bienestar, lo cual es el fin m\u00ednimo que debe buscarse en el presente orden econ\u00f3mico y social.<\/p>\n","protected":false},"excerpt":{"rendered":"<p>Aurelio Su\u00e1rez Montoya, Bogot\u00e1, marzo 21 de 2018 Un art\u00edculo de \u2018Columbia Journal of Tax Law\u2019 (Benshalom y Stead, 2018) afirma que \u201cel r\u00e9gimen del impuesto a la renta es un instrumento vital para lograr la redistribuci\u00f3n en las democracias liberales, por lo que acad\u00e9micos y legisladores deber\u00edan ver un an\u00e1lisis distributivo concreto de sus [&hellip;]<\/p>\n","protected":false},"author":1,"featured_media":13891,"comment_status":"open","ping_status":"open","sticky":false,"template":"","format":"standard","meta":{"advanced_seo_description":"","jetpack_seo_html_title":"","jetpack_seo_noindex":false,"_jetpack_memberships_contains_paid_content":false,"footnotes":""},"categories":[79,102,97,98],"tags":[],"class_list":["post-14763","post","type-post","status-publish","format-standard","has-post-thumbnail","hentry","category-aurelio-suarez-montoya","category-economia","category-imperialismo-y-neoliberalismo","category-politica"],"jetpack_featured_media_url":"https:\/\/i0.wp.com\/moir.com.co\/web\/wp-content\/uploads\/2017\/11\/aureliosuarezlanacionneiva.jpg?fit=677%2C600&ssl=1","jetpack-related-posts":[{"id":7085,"url":"https:\/\/moir.com.co\/web\/aurelio-suarez-desmiente-a-minhacienda-sobre-reforma-tributaria\/","url_meta":{"origin":14763,"position":0},"title":"Aurelio Su\u00e1rez desmiente a minhacienda sobre reforma tributaria","author":"admin","date":"diciembre 11, 2012","format":false,"excerpt":"La reforma no resuelve las principales desigualdades del sistema tributario. Ampliando la base gravable de renta en personas naturales se castiga a la clase media trabajadora. Reducci\u00f3n de tarifa de renta y parafiscales para las empresas no beneficia a los peque\u00f1os y medianos empresarios. En el debate del programa Dos\u2026","rel":"","context":"En \u00abJorge Enrique Robledo\u00bb","block_context":{"text":"Jorge Enrique Robledo","link":"https:\/\/moir.com.co\/web\/category\/jorge-enrique-robledo\/"},"img":{"alt_text":"","src":"","width":0,"height":0},"classes":[]},{"id":16478,"url":"https:\/\/moir.com.co\/web\/falacias-de-la-reforma-tributaria-duque-carrasquilla-ocde\/","url_meta":{"origin":14763,"position":1},"title":"Falacias de la reforma tributaria Duque-Carrasquilla-Ocde","author":"admin","date":"noviembre 24, 2018","format":false,"excerpt":"Aurelio Su\u00e1rez Montoya, Bogot\u00e1, noviembre 24 de 2018 No hay programa fiscal m\u00e1s debatido que la ley de financiamiento de 2018. Economistas de dis\u00edmiles tendencias hacen glosas \u2013algunas expuestas aqu\u00ed\u2013 cuya sumatoria bastar\u00eda para tumbarla ipso facto. Sin embargo, aparte de ir tachando art\u00edculos, vale referirse a las falacias que\u2026","rel":"","context":"En \u00abAurelio Su\u00e1rez Montoya\u00bb","block_context":{"text":"Aurelio Su\u00e1rez Montoya","link":"https:\/\/moir.com.co\/web\/category\/bitacoras\/aurelio-suarez-montoya\/"},"img":{"alt_text":"","src":"https:\/\/i0.wp.com\/moir.com.co\/web\/wp-content\/uploads\/2018\/11\/ocde3.jpg?fit=720%2C601&ssl=1&resize=350%2C200","width":350,"height":200,"srcset":"https:\/\/i0.wp.com\/moir.com.co\/web\/wp-content\/uploads\/2018\/11\/ocde3.jpg?fit=720%2C601&ssl=1&resize=350%2C200 1x, https:\/\/i0.wp.com\/moir.com.co\/web\/wp-content\/uploads\/2018\/11\/ocde3.jpg?fit=720%2C601&ssl=1&resize=525%2C300 1.5x, https:\/\/i0.wp.com\/moir.com.co\/web\/wp-content\/uploads\/2018\/11\/ocde3.jpg?fit=720%2C601&ssl=1&resize=700%2C400 2x"},"classes":[]},{"id":8712,"url":"https:\/\/moir.com.co\/web\/nueva-reforma-tributaria-es-producto-del-fracaso-de-la-anterior\/","url_meta":{"origin":14763,"position":2},"title":"\u00bfNueva reforma tributaria es producto del fracaso de la anterior?","author":"admin","date":"septiembre 13, 2014","format":false,"excerpt":"La nueva propuesta de reforma tributaria, para terminar de financiar el Presupuesto Nacional del 2015, ha generado toda clase de reacciones en el mundo pol\u00edtico y econ\u00f3mico. Algunos creen que el proyecto se hace necesario ante el fracaso de la reforma del a\u00f1o pasado. Otros piensan que es un error\u2026","rel":"","context":"En \u00abAurelio Su\u00e1rez Montoya\u00bb","block_context":{"text":"Aurelio Su\u00e1rez Montoya","link":"https:\/\/moir.com.co\/web\/category\/bitacoras\/aurelio-suarez-montoya\/"},"img":{"alt_text":"","src":"","width":0,"height":0},"classes":[]},{"id":14169,"url":"https:\/\/moir.com.co\/web\/se-necesita-un-roosevelt-para-el-2018\/","url_meta":{"origin":14763,"position":3},"title":"\u00bfSe necesita un Roosevelt para el 2018?","author":"admin","date":"diciembre 26, 2017","format":false,"excerpt":"Aurelio Su\u00e1rez Montoya, Bogot\u00e1, diciembre 26 de 2017 La baja en la calificaci\u00f3n por Standard & Poor\u2019s de BBB a BBB- se explica porque \u2013aunque el pa\u00eds puede endeudarse m\u00e1s\u2013 est\u00e1 sujeto a condiciones econ\u00f3micas adversas expresadas en \u201ccrecimiento d\u00e9bil\u201d; \u201cbajo desempe\u00f1o de la reforma tributaria\u201d; \u201cdependencia de ingresos extraordinarios\u2026","rel":"","context":"En \u00abAgro\u00bb","block_context":{"text":"Agro","link":"https:\/\/moir.com.co\/web\/category\/temas\/agro\/"},"img":{"alt_text":"","src":"","width":0,"height":0},"classes":[]},{"id":6946,"url":"https:\/\/moir.com.co\/web\/reforma-tributaria-de-santos-archivese\/","url_meta":{"origin":14763,"position":4},"title":"Reforma tributaria de Santos: \u00a1Arch\u00edvese!","author":"admin","date":"octubre 22, 2012","format":false,"excerpt":"Prometiendo que \u201cpermitir\u00e1 formalizar un mill\u00f3n de empleos\u201d y resolver la \u201cfalta de progresividad\u201d del Estatuto Tributario, el gobierno de Santos present\u00f3 al Congreso una reforma tributaria. No obstante, en tanto se conocen los detalles del texto, se puede decir que el efecto ser\u00e1 precisamente el contrario. El Observatorio Laboral\u2026","rel":"","context":"En \u00abAurelio Su\u00e1rez Montoya\u00bb","block_context":{"text":"Aurelio Su\u00e1rez Montoya","link":"https:\/\/moir.com.co\/web\/category\/bitacoras\/aurelio-suarez-montoya\/"},"img":{"alt_text":"","src":"","width":0,"height":0},"classes":[]},{"id":11260,"url":"https:\/\/moir.com.co\/web\/tercera-reforma-tributaria-de-santos-lazaro-cargando-a-epulon\/","url_meta":{"origin":14763,"position":5},"title":"Tercera reforma tributaria de Santos: L\u00e1zaro cargando a Epul\u00f3n","author":"admin","date":"diciembre 7, 2016","format":false,"excerpt":"Aurelio Su\u00e1rez Montoya, El Tiempo, Bogot\u00e1, diciembre 7 de 2016 Es sabido que \u201cno hay almuerzo gratis\u201d, que toda ventaja concedida a la sociedad o a un sector \u2013en la distribuci\u00f3n del ingreso nacional o en aplicaciones del gasto p\u00fablico\u2013 saldr\u00e1 de fondos que la misma sociedad proporciona. Se ratifica\u2026","rel":"","context":"En \u00abAurelio Su\u00e1rez Montoya\u00bb","block_context":{"text":"Aurelio Su\u00e1rez Montoya","link":"https:\/\/moir.com.co\/web\/category\/bitacoras\/aurelio-suarez-montoya\/"},"img":{"alt_text":"","src":"","width":0,"height":0},"classes":[]}],"jetpack_sharing_enabled":true,"_links":{"self":[{"href":"https:\/\/moir.com.co\/web\/wp-json\/wp\/v2\/posts\/14763","targetHints":{"allow":["GET"]}}],"collection":[{"href":"https:\/\/moir.com.co\/web\/wp-json\/wp\/v2\/posts"}],"about":[{"href":"https:\/\/moir.com.co\/web\/wp-json\/wp\/v2\/types\/post"}],"author":[{"embeddable":true,"href":"https:\/\/moir.com.co\/web\/wp-json\/wp\/v2\/users\/1"}],"replies":[{"embeddable":true,"href":"https:\/\/moir.com.co\/web\/wp-json\/wp\/v2\/comments?post=14763"}],"version-history":[{"count":1,"href":"https:\/\/moir.com.co\/web\/wp-json\/wp\/v2\/posts\/14763\/revisions"}],"predecessor-version":[{"id":14764,"href":"https:\/\/moir.com.co\/web\/wp-json\/wp\/v2\/posts\/14763\/revisions\/14764"}],"wp:featuredmedia":[{"embeddable":true,"href":"https:\/\/moir.com.co\/web\/wp-json\/wp\/v2\/media\/13891"}],"wp:attachment":[{"href":"https:\/\/moir.com.co\/web\/wp-json\/wp\/v2\/media?parent=14763"}],"wp:term":[{"taxonomy":"category","embeddable":true,"href":"https:\/\/moir.com.co\/web\/wp-json\/wp\/v2\/categories?post=14763"},{"taxonomy":"post_tag","embeddable":true,"href":"https:\/\/moir.com.co\/web\/wp-json\/wp\/v2\/tags?post=14763"}],"curies":[{"name":"wp","href":"https:\/\/api.w.org\/{rel}","templated":true}]}}