{"id":14758,"date":"2018-03-20T22:38:23","date_gmt":"2018-03-20T22:38:23","guid":{"rendered":"https:\/\/moir.org.co\/web\/?p=14758"},"modified":"2018-03-20T22:38:23","modified_gmt":"2018-03-20T22:38:23","slug":"carta-a-los-padres-de-la-patria","status":"publish","type":"post","link":"https:\/\/moir.com.co\/web\/carta-a-los-padres-de-la-patria\/","title":{"rendered":"Carta a los padres de la patria"},"content":{"rendered":"<p><strong>Mario Alejandro Valencia, Bogot\u00e1, marzo 19 de 2018<\/strong><\/p>\n<p>Queridos dirigentes de la clase pol\u00edtica tradicional:<\/p>\n<p>&nbsp;<\/p>\n<p>Andan ustedes muy prolijos haciendo promesas de cosas maravillosas que ejecutar\u00e1n, si alguno de sus herederos pol\u00edticos gana la presidencia en mayo de 2018. A prop\u00f3sito, me surgen las siguientes inquietudes, que espero respondan al pa\u00eds: \u00bfPor qu\u00e9 no han hecho todav\u00eda lo que ahora prometen, si llevan un siglo gobernado? \u00bfApenas se les ocurri\u00f3 ahora?<\/p>\n<div class=\"code-block code-block-8\"><\/div>\n<p>No se pueden desconocer algunos logros en materia de desarrollo y calidad de vida, eso es cierto. Sin embargo estoy convencido que corresponden m\u00e1s a los propios avances de la humanidad, a la iniciativa de la clase empresarial y trabajadora, que a sus ejecuciones como dirigentes.<\/p>\n<p>\u00bfAcaso no fueron ustedes quienes crearon el Frente Nacional para repartirse el poder durante dos d\u00e9cadas, usufructuar el presupuesto y los anhelos de las mayor\u00edas de la poblaci\u00f3n, para llenar sus arcas y transferirse las riquezas p\u00fablicas? \u00a0\u00bfNo fueron ustedes los que -enga\u00f1ando a la poblaci\u00f3n- invitaron a las urnas para escoger a los mismos con las mismas, y ocupar el 99% de los cargos de Consejos, Asambleas, Alcald\u00edas, Gobernaciones, Congreso y Presidencia? \u00bfNo fueron ustedes los que utilizaron la estrategia de votar por miedo, por el menos malo, por el hijo, la hermana, la esposa o el amigo del cacique, a cambio de un puesto o un \u00a0mercado?<\/p>\n<p>\u00bfNo cohonestaron la violencia ustedes en el poder mientras las guerrillas y los paramilitares asesinaron a miles de nuestros hermanos y hermanas? \u00bfVan a negar que ustedes hicieron -o hacen- parte del partido Liberal y Conservador cuando acabaron con buena parte del aparato productivo nacional y los empleos, gracias a la Apertura Econ\u00f3mica? \u00bfNo se dieron cuenta que sus medidas quebraron industrias, arruinaron la agricultura y crearon millones de desempleados y rebuscadores? \u00bfSe les hace muy genial que mientras sobran m\u00e1s de 6 millones de hect\u00e1reas de tierra cultivable se importan 13 millones de toneladas de alimentos?<\/p>\n<p>\u00bfEste es el pa\u00eds del que sacan pecho? \u00bfNo les da verg\u00fcenza seguir pidiendo que voten por ustedes, que han saqueado las finanzas p\u00fablicas durante d\u00e9cadas?\u00a0 \u00bfNunca los ha asqueado la peste de la corrupci\u00f3n que carcome a la contrataci\u00f3n p\u00fablico-privada? \u00bfSe sienten muy orgullosos de haber convertido a Colombia en el octavo pa\u00eds m\u00e1s desigual del planeta Tierra?<\/p>\n<p>Con la complicidad de ustedes, queridos padres de la patria, un tirano gobern\u00f3 durante 8 a\u00f1os seguidos y ahora aspira a que su t\u00edtere lo siga haciendo; \u00a1Avanzan las alianzas! Gracias a ustedes el hijo de un mal presidente pudo ser tambi\u00e9n un mal presidente. El nieto de un mal presidente es actualmente un p\u00e9simo presidente y otro nieto de un presidente quiere ser presidente para seguir saqueando al pa\u00eds.<\/p>\n<div class=\"teads-inread\"><\/div>\n<p>La descomposici\u00f3n social, pol\u00edtica y moral que ustedes provocaron es nauseabunda. Pero eso no los afecta, es cierto, porque su empresa pol\u00edtica corrupta funciona a la perfecci\u00f3n. A pesar de todos los esc\u00e1ndalos recientes lograron quedarse con el 80% del Senado y el 90% de la C\u00e1mara de Representantes. Es indiscutible su \u00e9xito.<\/p>\n<p>Lejos de avergonzarse, escriben carticas rid\u00edculas a sus hijos, prometi\u00e9ndoles que van a heredar los frutos de sus acciones. Claro, pero sin confesarles que el bienestar ofrecido es el resultado de la ruina y el sufrimiento de las mayor\u00edas ciudadanas.<\/p>\n<p>Queridos padres de la patria, escribo para decirles que todav\u00eda quedamos muchas personas que no nos dejamos enga\u00f1ar por sus estrategias de miedo y chantaje. Vamos a seguir trabajando incansablemente para derrotarlos.<\/p>\n","protected":false},"excerpt":{"rendered":"<p>Mario Alejandro Valencia, Bogot\u00e1, marzo 19 de 2018 Queridos dirigentes de la clase pol\u00edtica tradicional: &nbsp; Andan ustedes muy prolijos haciendo promesas de cosas maravillosas que ejecutar\u00e1n, si alguno de sus herederos pol\u00edticos gana la presidencia en mayo de 2018. A prop\u00f3sito, me surgen las siguientes inquietudes, que espero respondan al pa\u00eds: \u00bfPor qu\u00e9 no [&hellip;]<\/p>\n","protected":false},"author":1,"featured_media":14759,"comment_status":"open","ping_status":"open","sticky":false,"template":"","format":"standard","meta":{"advanced_seo_description":"","jetpack_seo_html_title":"","jetpack_seo_noindex":false,"_jetpack_memberships_contains_paid_content":false,"footnotes":""},"categories":[102,97,98],"tags":[],"class_list":["post-14758","post","type-post","status-publish","format-standard","has-post-thumbnail","hentry","category-economia","category-imperialismo-y-neoliberalismo","category-politica"],"jetpack_featured_media_url":"https:\/\/i0.wp.com\/moir.com.co\/web\/wp-content\/uploads\/2018\/03\/congresoneoliberal.jpeg?fit=259%2C194&ssl=1","jetpack-related-posts":[{"id":10135,"url":"https:\/\/moir.com.co\/web\/el-nombramiento-de-clara-lopez-en-el-gabinete-fue-un-ataque-de-santos-al-polo-robledo\/","url_meta":{"origin":14758,"position":0},"title":"\u201cEl nombramiento de Clara L\u00f3pez en el gabinete fue un ataque de Santos al Polo\u201d: Robledo","author":"admin","date":"mayo 6, 2016","format":false,"excerpt":"El senador no descart\u00f3 una futura candidatura presidencial para 2018 en la cual buscar\u00eda una \u201cconvergencia nacional\u201d. Jorge Enrique Robledo, el senador m\u00e1s votado del pa\u00eds, es un hombre de oposici\u00f3n y de partido. Por eso no titubea en decir que \"la oposici\u00f3n del Polo no se modifica en una\u2026","rel":"","context":"En \u00abJorge Enrique Robledo\u00bb","block_context":{"text":"Jorge Enrique Robledo","link":"https:\/\/moir.com.co\/web\/category\/jorge-enrique-robledo\/"},"img":{"alt_text":"","src":"","width":0,"height":0},"classes":[]},{"id":10184,"url":"https:\/\/moir.com.co\/web\/carta-abierta-al-senador-jorge-enrique-robledo-solicitandole-que-lance-su-candidatura-presidencial-para-el-2018\/","url_meta":{"origin":14758,"position":1},"title":"Carta abierta al senador Jorge Enrique Robledo solicit\u00e1ndole que lance su candidatura presidencial para el 2018","author":"admin","date":"mayo 27, 2016","format":false,"excerpt":"Doctor JORGE ENRIQUE ROBLEDO CASTILLO SENADOR DE LA REP\u00daBLICA Bogot\u00e1 D.C. Dirigentes pol\u00edticos, sindicales, c\u00edvicos y estudiantiles del departamento de Bol\u00edvar, ante la grave crisis que atraviesa el pa\u00eds, con un modelo econ\u00f3mico que arras\u00f3 con la producci\u00f3n nacional, implementa la informalidad laboral, genera un desempleo estructural, convirti\u00f3 en negocios\u2026","rel":"","context":"En \u00abTemas\u00bb","block_context":{"text":"Temas","link":"https:\/\/moir.com.co\/web\/category\/temas\/"},"img":{"alt_text":"","src":"","width":0,"height":0},"classes":[]},{"id":9310,"url":"https:\/\/moir.com.co\/web\/el-polo-debe-ratificar-las-concepciones-con-las-que-nacimos-robledo\/","url_meta":{"origin":14758,"position":2},"title":"\u201cEl Polo debe ratificar las concepciones con las que nacimos\u201d: Robledo","author":"admin","date":"abril 17, 2015","format":false,"excerpt":"\u00bfCu\u00e1l es su evaluaci\u00f3n del Plan de Desarrollo del gobierno de Juan Manuel Santos en tr\u00e1mite en el Congreso? Sim\u00f3n Gaviria \u2013director del Departamento Nacional de Planeaci\u00f3n\u2013 dijo que el Plan de Desarrollo contiene 136 exigencias de la OCDE. Eso solo es suficiente para pensar que es un plan contrario\u2026","rel":"","context":"En \u00abJorge Enrique Robledo\u00bb","block_context":{"text":"Jorge Enrique Robledo","link":"https:\/\/moir.com.co\/web\/category\/jorge-enrique-robledo\/"},"img":{"alt_text":"","src":"","width":0,"height":0},"classes":[]},{"id":10809,"url":"https:\/\/moir.com.co\/web\/mi-candidatura-no-sera-excluyente-ni-sectaria-robledo\/","url_meta":{"origin":14758,"position":3},"title":"\u201cMi candidatura no ser\u00e1 excluyente ni sectaria\u201d: Robledo","author":"admin","date":"octubre 30, 2016","format":false,"excerpt":"Entrevista de Cecilia Orozco, El Espectador, Bogot\u00e1, octubre 30 de 2016 Jorge Enrique Robledo, senador y ahora precandidato presidencial del Polo Democr\u00e1tico para 2018, descarta alianzas con sectores de izquierda como el petrismo o las Farc, si \u00e9stas entraran en la contienda legal. En cambio, propone el ingreso a su\u2026","rel":"","context":"En \u00abEconom\u00eda\u00bb","block_context":{"text":"Econom\u00eda","link":"https:\/\/moir.com.co\/web\/category\/temas\/economia\/"},"img":{"alt_text":"","src":"https:\/\/i0.wp.com\/moir.com.co\/web\/wp-content\/uploads\/2016\/10\/robledoelespectador2016.jpg?fit=560%2C373&ssl=1&resize=350%2C200","width":350,"height":200,"srcset":"https:\/\/i0.wp.com\/moir.com.co\/web\/wp-content\/uploads\/2016\/10\/robledoelespectador2016.jpg?fit=560%2C373&ssl=1&resize=350%2C200 1x, https:\/\/i0.wp.com\/moir.com.co\/web\/wp-content\/uploads\/2016\/10\/robledoelespectador2016.jpg?fit=560%2C373&ssl=1&resize=525%2C300 1.5x"},"classes":[]},{"id":15390,"url":"https:\/\/moir.com.co\/web\/la-consulta-popular-anticorrupcion\/","url_meta":{"origin":14758,"position":4},"title":"La consulta popular anticorrupci\u00f3n","author":"admin","date":"julio 9, 2018","format":false,"excerpt":"Jos\u00e9 Arlex Arias, Cartagena, julio 9 de 2018 Si hay algo que debe concitar la unidad de los colombianos es la lucha contra la corrupci\u00f3n, que seg\u00fan el Contralor General y el Procurador de la Naci\u00f3n oscila entre 40 y 50 billones de pesos anuales. Ese saqueo es uno de\u2026","rel":"","context":"En \u00abImperialismo y Neoliberalismo\u00bb","block_context":{"text":"Imperialismo y Neoliberalismo","link":"https:\/\/moir.com.co\/web\/category\/temas\/imperialismo-y-neoliberalismo\/"},"img":{"alt_text":"","src":"","width":0,"height":0},"classes":[]},{"id":10205,"url":"https:\/\/moir.com.co\/web\/yo-tambien-firmo-esa-peticion-lance-su-candidatura-senador-robledo\/","url_meta":{"origin":14758,"position":5},"title":"Yo tambien firmo esa petici\u00f3n:  lance su candidatura, senador Robledo","author":"admin","date":"junio 6, 2016","format":false,"excerpt":"La llegada al Congreso de parlamentarios con una visi\u00f3n diferente a la del Gobierno Nacional nos permite contrastar la opini\u00f3n oficial, que es tarareada por los grandes medios de comunicaci\u00f3n, buscando generar el unanimismo, contrariando los principios de la comunicaci\u00f3n social; para estos, lo \u00fanico que tiene validez es consolidar\u2026","rel":"","context":"En \u00abTemas\u00bb","block_context":{"text":"Temas","link":"https:\/\/moir.com.co\/web\/category\/temas\/"},"img":{"alt_text":"","src":"","width":0,"height":0},"classes":[]}],"jetpack_sharing_enabled":true,"_links":{"self":[{"href":"https:\/\/moir.com.co\/web\/wp-json\/wp\/v2\/posts\/14758","targetHints":{"allow":["GET"]}}],"collection":[{"href":"https:\/\/moir.com.co\/web\/wp-json\/wp\/v2\/posts"}],"about":[{"href":"https:\/\/moir.com.co\/web\/wp-json\/wp\/v2\/types\/post"}],"author":[{"embeddable":true,"href":"https:\/\/moir.com.co\/web\/wp-json\/wp\/v2\/users\/1"}],"replies":[{"embeddable":true,"href":"https:\/\/moir.com.co\/web\/wp-json\/wp\/v2\/comments?post=14758"}],"version-history":[{"count":1,"href":"https:\/\/moir.com.co\/web\/wp-json\/wp\/v2\/posts\/14758\/revisions"}],"predecessor-version":[{"id":14760,"href":"https:\/\/moir.com.co\/web\/wp-json\/wp\/v2\/posts\/14758\/revisions\/14760"}],"wp:featuredmedia":[{"embeddable":true,"href":"https:\/\/moir.com.co\/web\/wp-json\/wp\/v2\/media\/14759"}],"wp:attachment":[{"href":"https:\/\/moir.com.co\/web\/wp-json\/wp\/v2\/media?parent=14758"}],"wp:term":[{"taxonomy":"category","embeddable":true,"href":"https:\/\/moir.com.co\/web\/wp-json\/wp\/v2\/categories?post=14758"},{"taxonomy":"post_tag","embeddable":true,"href":"https:\/\/moir.com.co\/web\/wp-json\/wp\/v2\/tags?post=14758"}],"curies":[{"name":"wp","href":"https:\/\/api.w.org\/{rel}","templated":true}]}}