{"id":14720,"date":"2018-03-14T15:00:35","date_gmt":"2018-03-14T15:00:35","guid":{"rendered":"https:\/\/moir.org.co\/web\/?p=14720"},"modified":"2018-03-14T15:00:35","modified_gmt":"2018-03-14T15:00:35","slug":"avianca-nos-masacra","status":"publish","type":"post","link":"https:\/\/moir.com.co\/web\/avianca-nos-masacra\/","title":{"rendered":"Avianca nos masacra"},"content":{"rendered":"<p><strong>Jos\u00e9 Arlex Arias, Cartagena, marzo 12 de 2018<\/strong><\/p>\n<p>El pasado 9 de noviembre, los pilotos de Avianca agremiados en la Asociaci\u00f3n Colombiana de Aviadores Civiles \u2013Acdac\u2013, levantaron una huelga que hab\u00eda comenzado 51 d\u00edas atr\u00e1s. En una decisi\u00f3n trascendental para el sindicalismo colombiano, la Corte Suprema de Justicia determin\u00f3 que dicha huelga fue ilegal con dos argumentos muy discutibles:\u00a0<strong>\u201cno haber sido votada por las mayor\u00edas establecidas legalmente y por recaer sobre un servicio p\u00fablico esencial\u201d. En el primer caso, la Corte Suprema termina legalizando el paralelismo sindical de los patronos para evitar el libre desarrollo del sindicalismo, con su plena autonom\u00eda; de hecho, los principales objetivos de la huelga fueron la lucha de Acdac contra un pacto colectivo realizado por Avianca y un sindicato patronal que actu\u00f3 de &#8220;esquirol&#8221;, y la nivelaci\u00f3n salarial seg\u00fan las escalas que Avianca reconoce a sus similares en otros pa\u00edses. <\/strong><\/p>\n<p><strong>\u00a0<\/strong><\/p>\n<p><strong>As\u00ed mismo, la Corte \u2013en contra de las sentencias internacionales\u2013 pone el negocio de la multinacional Avianca al nivel de un derecho fundamental como la vida y la salud, como si viajar en un avi\u00f3n de Avianca fuera determinante para la vida de todos los colombianos. El informe &#8220;La aviaci\u00f3n en cifras&#8221; de la Aeron\u00e1utica Civil, edici\u00f3n 2017, nos dice que en &#8220;<\/strong>el 2016 se movilizaron 35,77 millones de pasajeros origen-destino&#8230; el tr\u00e1fico dom\u00e9stico represent\u00f3 el 67% del total&#8230; Avianca moviliz\u00f3 el 57,3% del mercado&#8221;. Esto es, que de los 23.965.900 pasajeros movilizados dentro del pa\u00eds, las filiales de Avianca Holdings transportaron 13.732.469; si tenemos 45 millones de habitantes, equivaldr\u00eda al 30,51% de la poblaci\u00f3n; pero ese c\u00e1lculo incluye los trayectos y los viajes que realiz\u00f3 un mismo pasajero, con lo cual se demostrar\u00eda que m\u00e1s del 80% de los colombianos no viajaron por Avianca y no han muerto por ello. A pesar de que un Tribunal de Arbitramento determin\u00f3 que no se tomaran represalias contra los pilotos, Avianca est\u00e1 cometiendo una masacre laboral despidiendo a cerca de 107 pilotos y sancionando a m\u00e1s de 190, destruyendo el sindicato.<\/p>\n<p>&nbsp;<\/p>\n<p>La Organizaci\u00f3n Internacional del Trabajo ha se\u00f1alado que el servicio de transporte a\u00e9reo no es esencial o fundamental y en ese sentido se pronuncian las organizaciones de los trabajadores de las l\u00edneas a\u00e9reas del mundo, que han realizado paros y huelgas y no han sido despedidos por los patronos. La Corte Suprema actu\u00f3 como la guardiana de los intereses de una transnacional que se aprovech\u00f3 de la ocasi\u00f3n para aumentar las tarifas y sigue haciendo lo que le da la gana con los pasajeros, penaliz\u00e1ndolos si tienen que cambiar de vuelo; sin embargo, la aerol\u00ednea se reserva el derecho de cancelar itinerarios, retrasarlos o fusionarlos, ocasionando perjuicios a los pasajeros. Ya Avianca no es &#8220;Aerov\u00edas Nacionales de Colombia&#8221;, nacida el 14 de junio de 1940 de la fusi\u00f3n de SCADTA con el Servicio A\u00e9reo Colombiano (SACO), ambas en sus inicios de capital p\u00fablico, que nos hac\u00eda sentir orgullosos; hoy en d\u00eda es propiedad de &#8220;Don Germ\u00e1n&#8221; Efromovich, quien le orden\u00f3 a la Corte Suprema que act\u00fae a su servicio. Ahora les cobra a los trabajadores colombianos el que no le permitieran ganarse $195 millones de d\u00f3lares proyectados sino utilidades de $82 millones de d\u00f3lares, unos 240 mil millones de pesos, los cuales no sacian su avaricia. En Colombia \u00a1el derecho a la huelga y la libertad sindical solo existen en el papel!<\/p>\n","protected":false},"excerpt":{"rendered":"<p>Jos\u00e9 Arlex Arias, Cartagena, marzo 12 de 2018 El pasado 9 de noviembre, los pilotos de Avianca agremiados en la Asociaci\u00f3n Colombiana de Aviadores Civiles \u2013Acdac\u2013, levantaron una huelga que hab\u00eda comenzado 51 d\u00edas atr\u00e1s. En una decisi\u00f3n trascendental para el sindicalismo colombiano, la Corte Suprema de Justicia determin\u00f3 que dicha huelga fue ilegal con [&hellip;]<\/p>\n","protected":false},"author":1,"featured_media":14721,"comment_status":"open","ping_status":"open","sticky":false,"template":"","format":"standard","meta":{"advanced_seo_description":"","jetpack_seo_html_title":"","jetpack_seo_noindex":false,"_jetpack_memberships_contains_paid_content":false,"footnotes":""},"categories":[102,97,98,109],"tags":[],"class_list":["post-14720","post","type-post","status-publish","format-standard","has-post-thumbnail","hentry","category-economia","category-imperialismo-y-neoliberalismo","category-politica","category-sindical"],"jetpack_featured_media_url":"https:\/\/i0.wp.com\/moir.com.co\/web\/wp-content\/uploads\/2018\/03\/aviancapilotos.jpeg?fit=275%2C183&ssl=1","jetpack-related-posts":[{"id":13376,"url":"https:\/\/moir.com.co\/web\/los-pilotos-se-movilizan-en-medio-de-la-estigmatizacion\/","url_meta":{"origin":14720,"position":0},"title":"Los pilotos se movilizan en medio de la estigmatizaci\u00f3n","author":"admin","date":"septiembre 26, 2017","format":false,"excerpt":"CUT, Bogot\u00e1, septiembre 26 de 2016 La CUT contin\u00faa su respaldo y acompa\u00f1amiento a la justa huelga de los pilotos de Acdac que ya completan siete d\u00edas sin que la empresa haya dado soluci\u00f3n a ninguno de los puntos planteados en el pliego de peticiones, por el contrario el se\u00f1or\u2026","rel":"","context":"En \u00abEconom\u00eda\u00bb","block_context":{"text":"Econom\u00eda","link":"https:\/\/moir.com.co\/web\/category\/temas\/economia\/"},"img":{"alt_text":"","src":"","width":0,"height":0},"classes":[]},{"id":13464,"url":"https:\/\/moir.com.co\/web\/colombia-sin-piloto\/","url_meta":{"origin":14720,"position":1},"title":"Colombia sin piloto","author":"admin","date":"octubre 9, 2017","format":false,"excerpt":"Jos\u00e9 Arlex Arias, Cartagena, octubre 9 de 2017 Decir que \u201cColombia anda sin piloto\u201d es una verdad que ratifican todas las encuestas. Lo peor es que el piloto autom\u00e1tico que est\u00e1 al mando de la cabina de control es incapaz de cambiar de rumbo, debido a los compromisos con los\u2026","rel":"","context":"En \u00abEconom\u00eda\u00bb","block_context":{"text":"Econom\u00eda","link":"https:\/\/moir.com.co\/web\/category\/temas\/economia\/"},"img":{"alt_text":"","src":"","width":0,"height":0},"classes":[]},{"id":13343,"url":"https:\/\/moir.com.co\/web\/avianca-debe-atender-las-justas-peticiones-de-los-pilotos-robledo\/","url_meta":{"origin":14720,"position":2},"title":"Avianca debe atender las justas peticiones de los pilotos: Robledo","author":"admin","date":"septiembre 21, 2017","format":false,"excerpt":"Oficina de prensa del senador Jorge Enrique Robledo, Bogot\u00e1, septiembre 20 de 2017 Despu\u00e9s de expresar su solidaridad con las peticiones de los pilotos de Avianca, el senador Jorge Enrique Robledo hizo un llamado a las partes para que busquen el camino que les permita resolver sus diferencias y llegar\u2026","rel":"","context":"En \u00abEconom\u00eda\u00bb","block_context":{"text":"Econom\u00eda","link":"https:\/\/moir.com.co\/web\/category\/temas\/economia\/"},"img":{"alt_text":"","src":"https:\/\/i0.wp.com\/moir.com.co\/web\/wp-content\/uploads\/2017\/09\/pilotosacdac.png?fit=634%2C369&ssl=1&resize=350%2C200","width":350,"height":200,"srcset":"https:\/\/i0.wp.com\/moir.com.co\/web\/wp-content\/uploads\/2017\/09\/pilotosacdac.png?fit=634%2C369&ssl=1&resize=350%2C200 1x, https:\/\/i0.wp.com\/moir.com.co\/web\/wp-content\/uploads\/2017\/09\/pilotosacdac.png?fit=634%2C369&ssl=1&resize=525%2C300 1.5x"},"classes":[]},{"id":14590,"url":"https:\/\/moir.com.co\/web\/rechazo-al-despido-de-los-pilotos-en-avianca-robledo\/","url_meta":{"origin":14720,"position":3},"title":"Rechazo al despido de los pilotos en Avianca: Robledo","author":"admin","date":"febrero 27, 2018","format":false,"excerpt":"Oficina de prensa del senador Jorge Enrique Robledo, Bogot\u00e1, febrero 27 de 2018 En laudo arbitral Avianca se comprometi\u00f3 a no perseguir a los pilotos de Acdac; las directivas de la compa\u00f1\u00eda a\u00e9rea deben cesar esta injustificada persecuci\u00f3n. \u201cToda mi solidaridad con los pilotos despedidos de la compa\u00f1\u00eda Avianca\u201d, expres\u00f3\u2026","rel":"","context":"En \u00abEconom\u00eda\u00bb","block_context":{"text":"Econom\u00eda","link":"https:\/\/moir.com.co\/web\/category\/temas\/economia\/"},"img":{"alt_text":"","src":"https:\/\/i0.wp.com\/moir.com.co\/web\/wp-content\/uploads\/2018\/02\/pilotosavianca2017.jpg?fit=768%2C407&ssl=1&resize=350%2C200","width":350,"height":200,"srcset":"https:\/\/i0.wp.com\/moir.com.co\/web\/wp-content\/uploads\/2018\/02\/pilotosavianca2017.jpg?fit=768%2C407&ssl=1&resize=350%2C200 1x, https:\/\/i0.wp.com\/moir.com.co\/web\/wp-content\/uploads\/2018\/02\/pilotosavianca2017.jpg?fit=768%2C407&ssl=1&resize=525%2C300 1.5x, https:\/\/i0.wp.com\/moir.com.co\/web\/wp-content\/uploads\/2018\/02\/pilotosavianca2017.jpg?fit=768%2C407&ssl=1&resize=700%2C400 2x"},"classes":[]},{"id":14631,"url":"https:\/\/moir.com.co\/web\/video-mi-total-desacuerdo-con-el-despido-de-los-pilotos-de-avianca-robledo\/","url_meta":{"origin":14720,"position":4},"title":"Video: Mi total desacuerdo con el despido de los pilotos de Avianca, Robledo","author":"admin","date":"marzo 3, 2018","format":"video","excerpt":"Mi total desacuerdo con la decisi\u00f3n de Efromovich de despedir los pilotos de Avianca que hicieron uso del derecho a la huelga. No m\u00e1s alcahueteria del gobierno nacional. Bogot\u00e1, marzo 2 de 2018","rel":"","context":"En \u00abEconom\u00eda\u00bb","block_context":{"text":"Econom\u00eda","link":"https:\/\/moir.com.co\/web\/category\/temas\/economia\/"},"img":{"alt_text":"","src":"","width":0,"height":0},"classes":[]},{"id":13440,"url":"https:\/\/moir.com.co\/web\/quien-expone-a-avianca-sus-pilotos-o-sus-propietarios\/","url_meta":{"origin":14720,"position":5},"title":"Qui\u00e9n expone a Avianca, \u00bfsus pilotos o sus propietarios?","author":"admin","date":"octubre 5, 2017","format":false,"excerpt":"Aurelio Su\u00e1rez Montoya, Bogot\u00e1, octubre 4 de 2017 Se dice\u00a0 que los pilotos de Avianca la quieren acabar; que\u00a0exigen jornada laboral mensual de 166 horas en lugar de 200; que hacen peticiones estramb\u00f3ticas para su bienestar y sus familias; que quieren ganar como en otros pa\u00edses donde opera la compa\u00f1\u00eda;\u2026","rel":"","context":"En \u00abAurelio Su\u00e1rez Montoya\u00bb","block_context":{"text":"Aurelio Su\u00e1rez Montoya","link":"https:\/\/moir.com.co\/web\/category\/bitacoras\/aurelio-suarez-montoya\/"},"img":{"alt_text":"","src":"https:\/\/i0.wp.com\/moir.com.co\/web\/wp-content\/uploads\/2017\/10\/aviancaparopilotos.jpg?fit=650%2C466&ssl=1&resize=350%2C200","width":350,"height":200,"srcset":"https:\/\/i0.wp.com\/moir.com.co\/web\/wp-content\/uploads\/2017\/10\/aviancaparopilotos.jpg?fit=650%2C466&ssl=1&resize=350%2C200 1x, https:\/\/i0.wp.com\/moir.com.co\/web\/wp-content\/uploads\/2017\/10\/aviancaparopilotos.jpg?fit=650%2C466&ssl=1&resize=525%2C300 1.5x"},"classes":[]}],"jetpack_sharing_enabled":true,"_links":{"self":[{"href":"https:\/\/moir.com.co\/web\/wp-json\/wp\/v2\/posts\/14720","targetHints":{"allow":["GET"]}}],"collection":[{"href":"https:\/\/moir.com.co\/web\/wp-json\/wp\/v2\/posts"}],"about":[{"href":"https:\/\/moir.com.co\/web\/wp-json\/wp\/v2\/types\/post"}],"author":[{"embeddable":true,"href":"https:\/\/moir.com.co\/web\/wp-json\/wp\/v2\/users\/1"}],"replies":[{"embeddable":true,"href":"https:\/\/moir.com.co\/web\/wp-json\/wp\/v2\/comments?post=14720"}],"version-history":[{"count":1,"href":"https:\/\/moir.com.co\/web\/wp-json\/wp\/v2\/posts\/14720\/revisions"}],"predecessor-version":[{"id":14722,"href":"https:\/\/moir.com.co\/web\/wp-json\/wp\/v2\/posts\/14720\/revisions\/14722"}],"wp:featuredmedia":[{"embeddable":true,"href":"https:\/\/moir.com.co\/web\/wp-json\/wp\/v2\/media\/14721"}],"wp:attachment":[{"href":"https:\/\/moir.com.co\/web\/wp-json\/wp\/v2\/media?parent=14720"}],"wp:term":[{"taxonomy":"category","embeddable":true,"href":"https:\/\/moir.com.co\/web\/wp-json\/wp\/v2\/categories?post=14720"},{"taxonomy":"post_tag","embeddable":true,"href":"https:\/\/moir.com.co\/web\/wp-json\/wp\/v2\/tags?post=14720"}],"curies":[{"name":"wp","href":"https:\/\/api.w.org\/{rel}","templated":true}]}}