{"id":14716,"date":"2018-03-14T14:52:24","date_gmt":"2018-03-14T14:52:24","guid":{"rendered":"https:\/\/moir.org.co\/web\/?p=14716"},"modified":"2018-03-14T14:52:24","modified_gmt":"2018-03-14T14:52:24","slug":"la-economia-en-el-proximo-congreso-y-gobierno","status":"publish","type":"post","link":"https:\/\/moir.com.co\/web\/la-economia-en-el-proximo-congreso-y-gobierno\/","title":{"rendered":"La econom\u00eda en el pr\u00f3ximo Congreso y Gobierno"},"content":{"rendered":"<p><strong>Mario Alejandro Valencia, Bogot\u00e1, marzo 12 de 2018<\/strong><\/p>\n<p>Acaba de ser elegido el Congreso del periodo 2018-2022. No hay grandes sorpresas en su conformaci\u00f3n, aunque s\u00ed avances en la oposici\u00f3n. Salvo destacadas excepciones, la esperanza que queda es que el Gobierno que se elija sea diferente. Pero aunque el Congreso sea en esencia igual, los retos son diferentes y mayores, dada la crisis de la econom\u00eda.<\/p>\n<p>El pr\u00f3ximo Gobierno deber\u00e1 -entonces- ocuparse al menos de tres aspectos principales en materia econ\u00f3mica.<\/p>\n<p><strong>1) Una nueva pol\u00edtica productiva y de empleo.<\/strong>\u00a028 a\u00f1os de apertura econ\u00f3mica son suficientes para demostrar que fue un fracas\u00f3. Se prometi\u00f3 m\u00e1s agricultura, industria y exportaciones no tradicionales y ninguna se cumpli\u00f3. El crecimiento deber\u00e1 estar atado a la reindustrializaci\u00f3n del pa\u00eds. Se debe evitar que sectores claves, es decir, que generan encadenamientos hacia atr\u00e1s y hacia adelante, como textiles, papel, qu\u00edmicos, cauchos, metal\u00fargicos y equipos de transporte, sigan desapareciendo. El 73% de estos sectores claves pertenecen a las manufacturas, mientras que la miner\u00eda no genera encadenamientos.<\/p>\n<p>Crear una pol\u00edtica industrial tambi\u00e9n estimular\u00eda la generaci\u00f3n de empleo estable, de alta productividad y con mayor remuneraci\u00f3n a los asalariados que estimule el consumo.<\/p>\n<div class=\"row\">\u00a0<strong>2) La pol\u00edtica comercial.<\/strong>\u00a0El pa\u00eds debe revaluar su pol\u00edtica comercial en conjunto. Durante tres d\u00e9cadas se ha partido del supuesto de que las empresas deb\u00edan ser competitivas para exportar, mientras el Estado no cumpli\u00f3 su papel en dotar de infraestructura. Tambi\u00e9n que los consumidores se benefician de mayores importaciones, al tiempo que las empresas que les dan empleo se quiebran arroj\u00e1ndolos a la calle. Como resultado el pa\u00eds perdi\u00f3 parte de su aparato productivo, mantiene a 11 millones de ciudadanos en el rebusque, las exportaciones tradicionales no se dieron y el ingreso de los hogares no supera los US$6.000 per c\u00e1pita al a\u00f1o, frente a US$57.000 en EE.UU.<\/div>\n<div><\/div>\n<div>\n<p>El principal mercado de cualquier pa\u00eds desarrollado es el interno. El esfuerzo de las exportaciones debe enfocarse en productos de mayor sofisticaci\u00f3n y complejidad. Para lograrlo es indispensable evaluar y revisar los acuerdos econ\u00f3micos negociados, que impiden -por ejemplo- establecer requisitos de desempe\u00f1o a la inversi\u00f3n extranjera, como la transferencia tecnol\u00f3gica.<\/p>\n<p><strong>3) Finalmente, las medidas tributarias y pensionales.<\/strong>\u00a0Es necesaria una reforma fiscal a fondo. En 20 a\u00f1os se han realizado 13 reformas tributarias con \u00e1nimo recaudatorio, que han hecho m\u00e1s desigual y corrupto al pa\u00eds. Una verdadera reforma tributaria en beneficio de los intereses generales debe considerar: i) aumentar los impuestos directos y bajar los indirectos. ii) Reducir la evasi\u00f3n y la fuga de capitales. iii) revisar los beneficios tributarios. iv) considerar la equidad de g\u00e9nero y v) hacer m\u00e1s eficiente el gasto p\u00fablico.<\/p>\n<p>Tambi\u00e9n se requiere una reforma pensional, pero no la que plantean ANIF y Fedesarrollo, los mismos que han orientado el modelo econ\u00f3mico que mantiene a Colombia en el atraso. Como aspectos generales se debe considerar: i) aumentar la formalizaci\u00f3n para tener m\u00e1s cotizantes. ii) Eliminar la competencia entre el sistema p\u00fablico y el privado. Se deben establecer pilares, pero no dejando al p\u00fablico con el hueso y al privado con el lomo. El principal problema no es el financiero, sino la naturaleza social del sistema.<\/p>\n<p>Como se ve, el reto es grande. Estas necesidades del pa\u00eds se dan con un congreso dirigido mayoritariamente por la clase pol\u00edtica tradicional corrupta. Implementar las reformas que aporten al progreso del pa\u00eds y al bienestar de sus habitantes, depender\u00e1 en gran medida de una decisi\u00f3n responsable en las elecciones presidenciales.<\/p>\n<\/div>\n","protected":false},"excerpt":{"rendered":"<p>Mario Alejandro Valencia, Bogot\u00e1, marzo 12 de 2018 Acaba de ser elegido el Congreso del periodo 2018-2022. No hay grandes sorpresas en su conformaci\u00f3n, aunque s\u00ed avances en la oposici\u00f3n. Salvo destacadas excepciones, la esperanza que queda es que el Gobierno que se elija sea diferente. Pero aunque el Congreso sea en esencia igual, los [&hellip;]<\/p>\n","protected":false},"author":1,"featured_media":14717,"comment_status":"open","ping_status":"open","sticky":false,"template":"","format":"standard","meta":{"advanced_seo_description":"","jetpack_seo_html_title":"","jetpack_seo_noindex":false,"_jetpack_memberships_contains_paid_content":false,"footnotes":""},"categories":[102,97,98],"tags":[],"class_list":["post-14716","post","type-post","status-publish","format-standard","has-post-thumbnail","hentry","category-economia","category-imperialismo-y-neoliberalismo","category-politica"],"jetpack_featured_media_url":"https:\/\/i0.wp.com\/moir.com.co\/web\/wp-content\/uploads\/2018\/03\/senado.jpg?fit=600%2C300&ssl=1","jetpack-related-posts":[{"id":10915,"url":"https:\/\/moir.com.co\/web\/por-que-es-robledo-la-mejor-opcion-presidencial-para-2018\/","url_meta":{"origin":14716,"position":0},"title":"\u00bfPor qu\u00e9 es Robledo la mejor opci\u00f3n presidencial para 2018?","author":"admin","date":"noviembre 8, 2016","format":false,"excerpt":"Alvaro Morales S\u00e1nchez, Santa Marta, noviembre 8 de 2016 Cuando el senador Jorge Enrique Robledo comunic\u00f3 a la direcci\u00f3n del Polo Democr\u00e1tico Alternativo y a la opini\u00f3n p\u00fablica su decisi\u00f3n de aceptar la invitaci\u00f3n insistente que le han hecho numerosas personas, desde dentro y desde fuera del Polo, a presentar\u2026","rel":"","context":"En \u00abEconom\u00eda\u00bb","block_context":{"text":"Econom\u00eda","link":"https:\/\/moir.com.co\/web\/category\/temas\/economia\/"},"img":{"alt_text":"","src":"https:\/\/i0.wp.com\/moir.com.co\/web\/wp-content\/uploads\/2016\/11\/robledovanguardia210315.jpg?fit=650%2C433&ssl=1&resize=350%2C200","width":350,"height":200,"srcset":"https:\/\/i0.wp.com\/moir.com.co\/web\/wp-content\/uploads\/2016\/11\/robledovanguardia210315.jpg?fit=650%2C433&ssl=1&resize=350%2C200 1x, https:\/\/i0.wp.com\/moir.com.co\/web\/wp-content\/uploads\/2016\/11\/robledovanguardia210315.jpg?fit=650%2C433&ssl=1&resize=525%2C300 1.5x"},"classes":[]},{"id":13793,"url":"https:\/\/moir.com.co\/web\/robledo-es-la-mejor-opcion-presidencial-para-el-2018\/","url_meta":{"origin":14716,"position":1},"title":"\u00bfRobledo es la mejor opci\u00f3n presidencial para el 2018?","author":"admin","date":"noviembre 13, 2017","format":false,"excerpt":"Alvaro Francisco Morales S\u00e1nchez, Santa Marta, noviembre 9 de 2017 Cuando el senador Jorge Enrique Robledo comunic\u00f3 a la direcci\u00f3n del Polo Democr\u00e1tico Alternativo y a la opini\u00f3n p\u00fablica su decisi\u00f3n de aceptar la invitaci\u00f3n insistente que le han hecho numerosas personas, desde adentro y desde afuera del Polo, a\u2026","rel":"","context":"En \u00abAgro\u00bb","block_context":{"text":"Agro","link":"https:\/\/moir.com.co\/web\/category\/temas\/agro\/"},"img":{"alt_text":"","src":"https:\/\/i0.wp.com\/moir.com.co\/web\/wp-content\/uploads\/2017\/11\/robledosemana2017.jpg?fit=1000%2C530&ssl=1&resize=350%2C200","width":350,"height":200,"srcset":"https:\/\/i0.wp.com\/moir.com.co\/web\/wp-content\/uploads\/2017\/11\/robledosemana2017.jpg?fit=1000%2C530&ssl=1&resize=350%2C200 1x, https:\/\/i0.wp.com\/moir.com.co\/web\/wp-content\/uploads\/2017\/11\/robledosemana2017.jpg?fit=1000%2C530&ssl=1&resize=525%2C300 1.5x, https:\/\/i0.wp.com\/moir.com.co\/web\/wp-content\/uploads\/2017\/11\/robledosemana2017.jpg?fit=1000%2C530&ssl=1&resize=700%2C400 2x"},"classes":[]},{"id":18763,"url":"https:\/\/moir.com.co\/web\/un-congreso-postrado\/","url_meta":{"origin":14716,"position":2},"title":"Un congreso postrado","author":"admin","date":"julio 29, 2020","format":false,"excerpt":"Jos\u00e9 Arlex Arias, Cartagena, julio 27 de 2020 Es incre\u00edble lo que sucede en Colombia. Ante la decisi\u00f3n de varios gobiernos territoriales, el presidente Iv\u00e1n Duque se vio obligado a decretar la cuarentena para contener la pandemia del coronavirus; pero sin cumplirse un mes, procedi\u00f3 a abrir gran parte de\u2026","rel":"","context":"En \u00abEconom\u00eda\u00bb","block_context":{"text":"Econom\u00eda","link":"https:\/\/moir.com.co\/web\/category\/temas\/economia\/"},"img":{"alt_text":"","src":"","width":0,"height":0},"classes":[]},{"id":15481,"url":"https:\/\/moir.com.co\/web\/ni-la-anhelada-paz-embellece-pesimo-gobierno-de-santos\/","url_meta":{"origin":14716,"position":3},"title":"Ni la anhelada paz embellece p\u00e9simo gobierno de Santos","author":"admin","date":"julio 21, 2018","format":false,"excerpt":"Oficina de prensa del representante del Polo a la C\u00e1mara por Antioquia Jorge G\u00f3mez, Bogot\u00e1, julio 20 de 2018 Sumario: La opini\u00f3n la expresa el Representante a la C\u00e1mara por Antioquia durante el acto de instalaci\u00f3n del nuevo congreso. Durante su posesi\u00f3n en la C\u00e1mara de Representantes, el dirigente del\u2026","rel":"","context":"En \u00abAgro\u00bb","block_context":{"text":"Agro","link":"https:\/\/moir.com.co\/web\/category\/temas\/agro\/"},"img":{"alt_text":"","src":"https:\/\/i0.wp.com\/moir.com.co\/web\/wp-content\/uploads\/2018\/07\/moirbancada2018.jpg?fit=960%2C550&ssl=1&resize=350%2C200","width":350,"height":200,"srcset":"https:\/\/i0.wp.com\/moir.com.co\/web\/wp-content\/uploads\/2018\/07\/moirbancada2018.jpg?fit=960%2C550&ssl=1&resize=350%2C200 1x, https:\/\/i0.wp.com\/moir.com.co\/web\/wp-content\/uploads\/2018\/07\/moirbancada2018.jpg?fit=960%2C550&ssl=1&resize=525%2C300 1.5x, https:\/\/i0.wp.com\/moir.com.co\/web\/wp-content\/uploads\/2018\/07\/moirbancada2018.jpg?fit=960%2C550&ssl=1&resize=700%2C400 2x"},"classes":[]},{"id":9397,"url":"https:\/\/moir.com.co\/web\/volvieron-a-quedarse-con-los-crespos-hechos-quienes-le-apuestan-a-la-division-del-polo-robledo\/","url_meta":{"origin":14716,"position":4},"title":"Volvieron a quedarse con los crespos hechos quienes le apuestan a la divisi\u00f3n del Polo: Robledo","author":"admin","date":"mayo 19, 2015","format":false,"excerpt":"El triunfo de Clara L\u00f3pez a la alcald\u00eda de Bogot\u00e1 le da bases al Polo, con una gran convergencia nacional, para vencer en 2018. Son muchos los aciertos del Polo desde su III Congreso en 2012. Oposici\u00f3n a Santos y respaldo a las luchas sociales claves en consolidaci\u00f3n del Polo.\u2026","rel":"","context":"En \u00abJorge Enrique Robledo\u00bb","block_context":{"text":"Jorge Enrique Robledo","link":"https:\/\/moir.com.co\/web\/category\/jorge-enrique-robledo\/"},"img":{"alt_text":"","src":"","width":0,"height":0},"classes":[]},{"id":15479,"url":"https:\/\/moir.com.co\/web\/video-en-11-minutos-robledo-explica-por-que-el-polo-es-oposicion-al-gobierno-de-duque\/","url_meta":{"origin":14716,"position":5},"title":"Video: En 11 minutos Robledo explica por qu\u00e9 el Polo es oposici\u00f3n al gobierno de Duque","author":"admin","date":"julio 21, 2018","format":"video","excerpt":"Intervenci\u00f3n del senador Jorge Enrique Robledo en la instalaci\u00f3n del Congreso de la Rep\u00fablica el 20 de julio de 2018. Bogot\u00e1, julio 20 de 2018","rel":"","context":"En \u00abEconom\u00eda\u00bb","block_context":{"text":"Econom\u00eda","link":"https:\/\/moir.com.co\/web\/category\/temas\/economia\/"},"img":{"alt_text":"","src":"","width":0,"height":0},"classes":[]}],"jetpack_sharing_enabled":true,"_links":{"self":[{"href":"https:\/\/moir.com.co\/web\/wp-json\/wp\/v2\/posts\/14716","targetHints":{"allow":["GET"]}}],"collection":[{"href":"https:\/\/moir.com.co\/web\/wp-json\/wp\/v2\/posts"}],"about":[{"href":"https:\/\/moir.com.co\/web\/wp-json\/wp\/v2\/types\/post"}],"author":[{"embeddable":true,"href":"https:\/\/moir.com.co\/web\/wp-json\/wp\/v2\/users\/1"}],"replies":[{"embeddable":true,"href":"https:\/\/moir.com.co\/web\/wp-json\/wp\/v2\/comments?post=14716"}],"version-history":[{"count":1,"href":"https:\/\/moir.com.co\/web\/wp-json\/wp\/v2\/posts\/14716\/revisions"}],"predecessor-version":[{"id":14718,"href":"https:\/\/moir.com.co\/web\/wp-json\/wp\/v2\/posts\/14716\/revisions\/14718"}],"wp:featuredmedia":[{"embeddable":true,"href":"https:\/\/moir.com.co\/web\/wp-json\/wp\/v2\/media\/14717"}],"wp:attachment":[{"href":"https:\/\/moir.com.co\/web\/wp-json\/wp\/v2\/media?parent=14716"}],"wp:term":[{"taxonomy":"category","embeddable":true,"href":"https:\/\/moir.com.co\/web\/wp-json\/wp\/v2\/categories?post=14716"},{"taxonomy":"post_tag","embeddable":true,"href":"https:\/\/moir.com.co\/web\/wp-json\/wp\/v2\/tags?post=14716"}],"curies":[{"name":"wp","href":"https:\/\/api.w.org\/{rel}","templated":true}]}}