{"id":14703,"date":"2018-03-09T22:03:20","date_gmt":"2018-03-09T22:03:20","guid":{"rendered":"https:\/\/moir.org.co\/web\/?p=14703"},"modified":"2018-03-09T22:03:20","modified_gmt":"2018-03-09T22:03:20","slug":"no-me-sorprende-la-captura-de-palacino-exjefe-de-saludcoop-senador-robledo","status":"publish","type":"post","link":"https:\/\/moir.com.co\/web\/no-me-sorprende-la-captura-de-palacino-exjefe-de-saludcoop-senador-robledo\/","title":{"rendered":"No me sorprende la captura de Palacino, exjefe de SaludCoop: Senador Robledo"},"content":{"rendered":"<p><strong>Oficina de prensa del senador Jorge Enrique Robledo, Bogot\u00e1, marzo 9 de 2018<\/strong><\/p>\n<p>Lo denunci\u00e9<\/p>\n<div class=\"SandboxRoot env-bp-350\" data-twitter-event-id=\"0\">\n<div id=\"twitter-widget-0\" class=\"EmbeddedTweet EmbeddedTweet--edge js-clickToOpenTarget tweet-InformationCircle-widgetParent\" lang=\"es\" data-click-to-open-target=\"https:\/\/twitter.com\/JERobledo\/status\/972106592425598976\" data-iframe-title=\"Tweet de Twitter\" data-dt-full=\"%{hours24}:%{minutes} - %{day} %{month} %{year}\" data-dt-explicit-timestamp=\"8:47 - 9 mar. 2018\" data-dt-months=\"ene|feb|mar|abr|Mayo|jun|jul|ago|sep|oct|nov|dic\" data-dt-am=\"AM\" data-dt-pm=\"PM\" data-dt-now=\"ahora\" data-dt-s=\"s\" data-dt-m=\"m\" data-dt-h=\"h\" data-dt-second=\"segundo\" data-dt-seconds=\"segundos\" data-dt-minute=\"minuto\" data-dt-minutes=\"minutos\" data-dt-hour=\"hora\" data-dt-hours=\"horas\" data-dt-abbr=\"%{number}%{symbol}\" data-dt-short=\"%{day} %{month}\" data-dt-long=\"%{day} %{month} %{year}\" data-scribe=\"page:tweet\" data-twitter-event-id=\"1\">\n<div class=\"EmbeddedTweet-tweet\">\n<blockquote class=\"Tweet h-entry js-tweetIdInfo subject expanded\" cite=\"https:\/\/twitter.com\/JERobledo\/status\/972106592425598976\" data-tweet-id=\"972106592425598976\" data-scribe=\"section:subject\">\n<div class=\"Tweet-header u-cf\">\n<div class=\"Tweet-brand u-floatRight\"><\/div>\n<div class=\"TweetAuthor js-inViewportScribingTarget\" data-scribe=\"component:author\"><a class=\"TweetAuthor-link Identity u-linkBlend\" href=\"https:\/\/twitter.com\/JERobledo\" data-scribe=\"element:user_link\" aria-label=\"Jorge Robledo (nombre de pantalla: JERobledo)\"><span class=\"TweetAuthor-avatar Identity-avatar\"><img data-recalc-dims=\"1\" decoding=\"async\" class=\"Avatar Avatar--edge\" src=\"https:\/\/i0.wp.com\/pbs.twimg.com\/profile_images\/954042638377914368\/LXaNVcTk_bigger.jpg?w=800&#038;ssl=1\" alt=\"\" data-scribe=\"element:avatar\" data-src-2x=\"https:\/\/pbs.twimg.com\/profile_images\/954042638377914368\/LXaNVcTk_bigger.jpg\" data-src-1x=\"https:\/\/pbs.twimg.com\/profile_images\/954042638377914368\/LXaNVcTk_normal.jpg\" \/><\/span><span class=\"TweetAuthor-decoratedName\"><span class=\"TweetAuthor-name Identity-name customisable-highlight\" title=\"Jorge Robledo\" data-scribe=\"element:name\">Jorge Robledo<\/span><\/span><\/a><\/p>\n<div class=\"Icon Icon--verified \" title=\"Cuenta verificada\" role=\"img\" aria-label=\"Cuenta verificada\"><\/div>\n<p><a class=\"TweetAuthor-link Identity u-linkBlend\" href=\"https:\/\/twitter.com\/JERobledo\" data-scribe=\"element:user_link\" aria-label=\"Jorge Robledo (nombre de pantalla: JERobledo)\"><span class=\"TweetAuthor-decoratedName\"><span class=\"TweetAuthor-verifiedBadge\" data-scribe=\"element:verified_badge\"><b class=\"u-hiddenVisually\">\u2714<\/b><\/span><\/span><span class=\"TweetAuthor-screenName Identity-screenName\" dir=\"ltr\" title=\"@JERobledo\" data-scribe=\"element:screen_name\">@JERobledo<\/span><\/a><\/div>\n<\/div>\n<div class=\"Tweet-body e-entry-content\" data-scribe=\"component:tweet\">\n<div class=\"u-hiddenVisually js-inViewportScribingTarget\"><\/div>\n<p class=\"Tweet-text e-entry-title\" dir=\"ltr\" lang=\"es\">En nada me sorprende la captura de Carlos Palacino.<br \/>\nPorque desde el 2011 denunci\u00e9 las graves irregularidades en Saludcoop, denuncias que confirm\u00e9 en debates posteriores en el Senado.<br \/>\nDerrota del tapen-tapen y de los mismos con las mismas.<a class=\"link customisable\" dir=\"ltr\" title=\"http:\/\/eltiempo.com\/justicia\/inves\" href=\"https:\/\/t.co\/PZteidt7GD\" target=\"_blank\" rel=\"nofollow noopener\" data-expanded-url=\"http:\/\/eltiempo.com\/justicia\/inves\" data-scribe=\"element:url\"><span class=\"u-hiddenVisually\">http:\/\/<\/span><span class=\"Tweet-complexLink\">eltiempo.com\/justicia\/inves<\/span><span class=\"u-hiddenVisually\">\u00a0<\/span><\/a>\u2026 v\u00eda <a class=\"PrettyLink profile customisable h-card\" dir=\"ltr\" href=\"https:\/\/twitter.com\/ELTIEMPO\" data-mentioned-user-id=\"9633802\" data-scribe=\"element:mention\"><span class=\"PrettyLink-prefix\">@<\/span><span class=\"PrettyLink-value Tweet-prettyLink\">eltiempo<\/span><\/a><\/p>\n<div class=\"Tweet-metadata dateline\"><a class=\"u-linkBlend u-url customisable-highlight long-permalink\" href=\"https:\/\/twitter.com\/JERobledo\/status\/972106592425598976\" data-datetime=\"2018-03-09T13:47:27+0000\" data-scribe=\"element:full_timestamp\"><time class=\"dt-updated\" title=\"Publicado a las: 09 de marzo de 2018 13:47:27 (UTC)\" datetime=\"2018-03-09T13:47:27+0000\">8:47 &#8211; 9 mar. 2018<\/time><\/a><\/div>\n<ul class=\"Tweet-actions Tweet-action--newsActions\" role=\"menu\" data-scribe=\"component:actions\" aria-label=\"Acciones del Tweet\">\n<li class=\"Tweet-action Tweet-action--newsAction\">\n<div class=\"Icon Icon--heartEdge TweetAction-icon\" role=\"img\" data-scribe=\"element:heart\"><\/div>\n<p><a class=\"Tweet-action--heart TweetAction TweetAction--heartEdge\" title=\"Me gusta\" href=\"https:\/\/twitter.com\/intent\/like?tweet_id=972106592425598976\" data-scribe=\"component:actions\"><span class=\"TweetAction-stat\" data-scribe=\"element:heart_count\">678<\/span><\/a><\/li>\n<li class=\"Tweet-action Tweet-action--newsAction\">\n<div class=\"Icon Icon--replyEdge TweetAction-icon\" role=\"img\" data-scribe=\"element:conversation_icon\"><\/div>\n<p><a class=\"Tweet-action--replyEdge TweetAction TweetAction--replyEdge\" title=\"Ver la conversaci\u00f3n en Twitter\" href=\"https:\/\/twitter.com\/JERobledo\/status\/972106592425598976\" data-scribe=\"component:news\"><span class=\"TweetAction-stat\" data-scribe=\"element:conversation_text\">384 personas est\u00e1n hablando de esto<\/span><\/a><\/li>\n<\/ul>\n<\/div>\n<\/blockquote>\n<\/div>\n<div class=\"tweet-InformationCircle--bottom tweet-InformationCircle\" data-scribe=\"element:notice\"><a class=\"Icon Icon--informationCircleWhite js-inViewportScribingTarget\" title=\"Informaci\u00f3n y privacidad de Twitter Ads\" href=\"https:\/\/support.twitter.com\/articles\/20175256\"><span class=\"u-hiddenVisually\">Informaci\u00f3n y privacidad de Twitter Ads<\/span><\/a><\/div>\n<\/div>\n<div class=\"resize-sensor\"><\/div>\n<\/div>\n<p>\u201cDesde 2011 denunci\u00e9 los graves hechos de corrupci\u00f3n en SaludCoop, por eso en nada me sorprende la captura del se\u00f1or Palacino. Ojal\u00e1 la justicia act\u00fae con mayor celeridad en este aberrante caso de corrupci\u00f3n\u201d, se\u00f1al\u00f3 el senador Jorge Enrique Robledo ante la captura del exjefe m\u00e1ximo de la EPS, en donde se perdieron m\u00ednimo 1,4 billones de pesos de recursos p\u00fablicos, que no pudieron recuperarse gracias a una ley que se tramit\u00f3 con el apoyo del ministro Alejandro Gaviria y el senador \u00c1lvaro Uribe. Desde principios del Siglo XXI la EPS fue sancionada por desv\u00edo de la plata de la salud.<\/p>\n<h2>Palacino no act\u00fao solo<\/h2>\n<p>\u201c\u00bfD\u00f3nde est\u00e1n los socios principales de Palacino? \u00bfact\u00fao solo este personaje?\u201d, se pregunt\u00f3 el congresista del Polo. La operaci\u00f3n corrupta de la que fuera la EPS m\u00e1s grande de Colombia necesitaba de c\u00f3mplices con cargos tanto en la entidad privada, incluidas las diferentes juntas directivas del grupo, como de altos funcionarios. \u201cEste proceso no puede quedarse en Palacino. Debe avanzar hacia los otros cerebros del mayor esc\u00e1ndalo de corrupci\u00f3n de la historia del sector salud,\u201d agreg\u00f3 Robledo.<\/p>\n<h2>Robarle al sistema de salud es una ganga<\/h2>\n<p>Robledo record\u00f3 que robarle plata al sector salud es facil\u00edsimo. La auditor\u00eda del gobierno es muy d\u00e9bil o inexistente (as\u00ed qued\u00f3 consignado en la Ley 100), y toda la informaci\u00f3n es la que proveen las EPS, quienes adem\u00e1s hacen ganancias en la medida que niegan m\u00e1s servicios de salud. El sector salud debe ser sometido a una profunda reforma que evite que esc\u00e1ndalos de este tama\u00f1o vuelvan a repetirse en unos a\u00f1os, pero la principal reforma es derrotar a quienes han administrado, permitido o promovido todos estos desfalcos, concluy\u00f3 Robledo.<\/p>\n<h2>Robledo realiz\u00f3 cuatro grandes debates sobre el robo de SaludCoop y los desfalcos de las EPS<\/h2>\n<h3>May.03.11. Los sobrecostos en los medicamentos por parte de SaludCoop<\/h3>\n<div class=\"jetpack-video-wrapper\"><span class=\"embed-youtube\"><iframe class=\"youtube-player\" src=\"https:\/\/www.youtube.com\/embed\/7015yDEVrfE?version=3&amp;rel=1&amp;fs=1&amp;autohide=2&amp;showsearch=0&amp;showinfo=1&amp;iv_load_policy=1&amp;wmode=transparent\" width=\"300\" height=\"150\" allowfullscreen=\"allowfullscreen\" data-ratio=\"0.609375\" data-width=\"640\" data-height=\"390\" data-mce-fragment=\"1\"><\/iframe><\/span><\/div>\n<h3>Sep.02.14. Sobre la intervenci\u00f3n de SaludCoop<\/h3>\n<blockquote class=\"wp-embedded-content\"><p><a href=\"https:\/\/jorgerobledo.com\/saludcoop-el-mayor-asalto-al-patrimonio-publico-texto-del-debate\/\">Saludcoop: el mayor asalto al patrimonio p\u00fablico [Texto del debate]<\/a><\/p><\/blockquote>\n<p><iframe class=\"wp-embedded-content\" title=\"\u201cSaludcoop: el mayor asalto al patrimonio p\u00fablico [Texto del debate]\u201d \u2014 JorgeRobledo.com\" src=\"https:\/\/jorgerobledo.com\/saludcoop-el-mayor-asalto-al-patrimonio-publico-texto-del-debate\/embed\/#?secret=hgsvyv5uvj\" width=\"600\" height=\"326\" frameborder=\"0\" marginwidth=\"0\" marginheight=\"0\" scrolling=\"no\" sandbox=\"allow-scripts\" data-secret=\"hgsvyv5uvj\" data-mce-fragment=\"1\"><\/iframe><\/p>\n<h3>Oct.14.14. El gobierno maneja SaludCoop como lo hac\u00eda Palacino<\/h3>\n<div class=\"jetpack-video-wrapper\"><span class=\"embed-youtube\"><iframe class=\"youtube-player\" src=\"https:\/\/www.youtube.com\/embed\/JtrESBdn4Js?version=3&amp;rel=1&amp;fs=1&amp;autohide=2&amp;showsearch=0&amp;showinfo=1&amp;iv_load_policy=1&amp;wmode=transparent\" width=\"300\" height=\"150\" allowfullscreen=\"allowfullscreen\" data-ratio=\"0.609375\" data-width=\"640\" data-height=\"390\" data-mce-fragment=\"1\"><\/iframe><\/span><\/div>\n<h3>Ago.30.16. El verdadero ministerio de salud son las EPS<\/h3>\n<blockquote class=\"wp-embedded-content\"><p><a href=\"https:\/\/jorgerobledo.com\/transcripcion-el-verdadero-ministerio-de-salud-son-las-eps\/\">[Transcripci\u00f3n] El verdadero Ministerio de Salud son las EPS<\/a><\/p><\/blockquote>\n<p><iframe class=\"wp-embedded-content\" title=\"\u201c[Transcripci\u00f3n] El verdadero Ministerio de Salud son las EPS\u201d \u2014 JorgeRobledo.com\" src=\"https:\/\/jorgerobledo.com\/transcripcion-el-verdadero-ministerio-de-salud-son-las-eps\/embed\/#?secret=rr7a3udx6s\" width=\"600\" height=\"539\" frameborder=\"0\" marginwidth=\"0\" marginheight=\"0\" scrolling=\"no\" sandbox=\"allow-scripts\" data-secret=\"rr7a3udx6s\" data-mce-fragment=\"1\"><\/iframe><\/p>\n","protected":false},"excerpt":{"rendered":"<p>Oficina de prensa del senador Jorge Enrique Robledo, Bogot\u00e1, marzo 9 de 2018 Lo denunci\u00e9 Jorge Robledo \u2714@JERobledo En nada me sorprende la captura de Carlos Palacino. Porque desde el 2011 denunci\u00e9 las graves irregularidades en Saludcoop, denuncias que confirm\u00e9 en debates posteriores en el Senado. Derrota del tapen-tapen y de los mismos con las [&hellip;]<\/p>\n","protected":false},"author":1,"featured_media":14704,"comment_status":"open","ping_status":"open","sticky":false,"template":"","format":"standard","meta":{"advanced_seo_description":"","jetpack_seo_html_title":"","jetpack_seo_noindex":false,"_jetpack_memberships_contains_paid_content":false,"footnotes":""},"categories":[102,97,4,98,96],"tags":[],"class_list":["post-14703","post","type-post","status-publish","format-standard","has-post-thumbnail","hentry","category-economia","category-imperialismo-y-neoliberalismo","category-jorge-enrique-robledo","category-politica","category-salud-y-pensiones"],"jetpack_featured_media_url":"https:\/\/i0.wp.com\/moir.com.co\/web\/wp-content\/uploads\/2018\/03\/palacino.jpg?fit=600%2C325&ssl=1","jetpack-related-posts":[{"id":4558,"url":"https:\/\/moir.com.co\/web\/video-de-entrevista-al-senador-jorge-enrique-robledo\/","url_meta":{"origin":14703,"position":0},"title":"Video de entrevista al senador Jorge Enrique Robledo","author":"admin","date":"julio 15, 2010","format":false,"excerpt":"Semana le hace una entrevista al senador Jorge Enrique Robledo sobre la pol\u00edtica de \"Unidad Nacional\" de Juan Manuel Santos, la decisi\u00f3n de hacerle oposici\u00f3n que tom\u00f3 el Comit\u00e9 Ejecutivo Nacional del Polo Democr\u00e1tico Alternativo y sobre el futuro del Polo mismo. Para ver el video por favor utilizar el\u2026","rel":"","context":"En \u00abJorge Enrique Robledo\u00bb","block_context":{"text":"Jorge Enrique Robledo","link":"https:\/\/moir.com.co\/web\/category\/jorge-enrique-robledo\/"},"img":{"alt_text":"","src":"","width":0,"height":0},"classes":[]},{"id":16270,"url":"https:\/\/moir.com.co\/web\/video-nada-mejor-que-una-lista-cerrada-para-esconder-a-los-indeseables-senador-jorge-enrique-robledo\/","url_meta":{"origin":14703,"position":1},"title":"Video; Nada mejor que una lista cerrada para esconder a los indeseables, senador Jorge Enrique Robledo","author":"admin","date":"octubre 26, 2018","format":"video","excerpt":"Intervenci\u00f3n del Senador Jorge Enrique Robledo en la sesi\u00f3n plenaria del Senado de la Rep\u00fablica el d\u00eda 24 de octubre de 2018.","rel":"","context":"En \u00abImperialismo y Neoliberalismo\u00bb","block_context":{"text":"Imperialismo y Neoliberalismo","link":"https:\/\/moir.com.co\/web\/category\/temas\/imperialismo-y-neoliberalismo\/"},"img":{"alt_text":"","src":"","width":0,"height":0},"classes":[]},{"id":16931,"url":"https:\/\/moir.com.co\/web\/video-el-polo-con-la-gente-intervencion-del-senador-jorge-enrique-robledo-en-la-asamblea-local-polo-en-bosa\/","url_meta":{"origin":14703,"position":2},"title":"Video: El polo con la gente &#8211; Intervenci\u00f3n del senador Jorge Enrique Robledo en la Asamblea local POLO en Bosa","author":"admin","date":"febrero 11, 2019","format":"video","excerpt":"Intervenci\u00f3n del senador Jorge Enrique Robledo en la asamblea local del Polo Democr\u00e1tico Alternativo en la localidad de Bosa, Bogot\u00e1, febrero 11 de 2019","rel":"","context":"En \u00abBogot\u00e1\u00bb","block_context":{"text":"Bogot\u00e1","link":"https:\/\/moir.com.co\/web\/category\/temas\/bogota\/"},"img":{"alt_text":"","src":"","width":0,"height":0},"classes":[]},{"id":4598,"url":"https:\/\/moir.com.co\/web\/entrevista-al-senador-jorge-enrique-robledo-2\/","url_meta":{"origin":14703,"position":3},"title":"Entrevista al senador Jorge Enrique Robledo","author":"admin","date":"julio 27, 2010","format":false,"excerpt":"En la entrevista de esta semana el senador Jorge Enrique Robledo responde preguntas sobre la ponencia del magistrado Palacios sobre las bases militares en Colombia, la crisis diplom\u00e1tica con Venezuela, la visita de una delegaci\u00f3n de parlamentarios europeos y su an\u00e1lisis del TLC con la UE, la instalaci\u00f3n del Congreso\u2026","rel":"","context":"En \u00abJorge Enrique Robledo\u00bb","block_context":{"text":"Jorge Enrique Robledo","link":"https:\/\/moir.com.co\/web\/category\/jorge-enrique-robledo\/"},"img":{"alt_text":"","src":"","width":0,"height":0},"classes":[]},{"id":11604,"url":"https:\/\/moir.com.co\/web\/habla-el-senador-jorge-enrique-robledo-asi-funciona-la-mermelada\/","url_meta":{"origin":14703,"position":4},"title":"Habla  el senador Jorge Enrique Robledo: As\u00ed funciona la mermelada","author":"admin","date":"enero 29, 2017","format":"video","excerpt":"","rel":"","context":"En \u00abEconom\u00eda\u00bb","block_context":{"text":"Econom\u00eda","link":"https:\/\/moir.com.co\/web\/category\/temas\/economia\/"},"img":{"alt_text":"","src":"","width":0,"height":0},"classes":[]},{"id":14940,"url":"https:\/\/moir.com.co\/web\/video-entrevista-de-contravia-al-senador-jorge-enrique-robledo\/","url_meta":{"origin":14703,"position":5},"title":"Video: Entrevista de Contrav\u00eda al senador Jorge Enrique Robledo","author":"admin","date":"abril 19, 2018","format":"video","excerpt":"Bogot\u00e1, abril 19 de 2018","rel":"","context":"En \u00abEconom\u00eda\u00bb","block_context":{"text":"Econom\u00eda","link":"https:\/\/moir.com.co\/web\/category\/temas\/economia\/"},"img":{"alt_text":"","src":"","width":0,"height":0},"classes":[]}],"jetpack_sharing_enabled":true,"_links":{"self":[{"href":"https:\/\/moir.com.co\/web\/wp-json\/wp\/v2\/posts\/14703","targetHints":{"allow":["GET"]}}],"collection":[{"href":"https:\/\/moir.com.co\/web\/wp-json\/wp\/v2\/posts"}],"about":[{"href":"https:\/\/moir.com.co\/web\/wp-json\/wp\/v2\/types\/post"}],"author":[{"embeddable":true,"href":"https:\/\/moir.com.co\/web\/wp-json\/wp\/v2\/users\/1"}],"replies":[{"embeddable":true,"href":"https:\/\/moir.com.co\/web\/wp-json\/wp\/v2\/comments?post=14703"}],"version-history":[{"count":1,"href":"https:\/\/moir.com.co\/web\/wp-json\/wp\/v2\/posts\/14703\/revisions"}],"predecessor-version":[{"id":14705,"href":"https:\/\/moir.com.co\/web\/wp-json\/wp\/v2\/posts\/14703\/revisions\/14705"}],"wp:featuredmedia":[{"embeddable":true,"href":"https:\/\/moir.com.co\/web\/wp-json\/wp\/v2\/media\/14704"}],"wp:attachment":[{"href":"https:\/\/moir.com.co\/web\/wp-json\/wp\/v2\/media?parent=14703"}],"wp:term":[{"taxonomy":"category","embeddable":true,"href":"https:\/\/moir.com.co\/web\/wp-json\/wp\/v2\/categories?post=14703"},{"taxonomy":"post_tag","embeddable":true,"href":"https:\/\/moir.com.co\/web\/wp-json\/wp\/v2\/tags?post=14703"}],"curies":[{"name":"wp","href":"https:\/\/api.w.org\/{rel}","templated":true}]}}