{"id":14697,"date":"2018-03-09T21:45:30","date_gmt":"2018-03-09T21:45:30","guid":{"rendered":"https:\/\/moir.org.co\/web\/?p=14697"},"modified":"2018-03-09T21:45:30","modified_gmt":"2018-03-09T21:45:30","slug":"robledo-2","status":"publish","type":"post","link":"https:\/\/moir.com.co\/web\/robledo-2\/","title":{"rendered":"Robledo"},"content":{"rendered":"<p><strong>Oscar Guti\u00e9rrez Reyes,\u00a0Director Ejecutivo Nacional\u00a0<\/strong><strong>Dignidad Agropecuaria Colombiana, Pereira, marzo 9 de 2018<\/strong><\/p>\n<p>Conoc\u00ed a Robledo hace muchos a\u00f1os. A\u00fan era estudiante universitario y hacia sus primeros pinos en lucha pol\u00edtica. Hab\u00eda comenzado su camino en lucha social jugando como activista y dirigente de la rebeld\u00eda estudiantil de los a\u00f1os 70. A sus estudios le sacaba el tiempo necesario para caminar por las calles de Soacha, atender reclamos de la gente, repartir propaganda y hacer reuniones que lo llevaron al concejo del municipio. Y, desde esa curul, hizo oposici\u00f3n a las pol\u00edticas contrarias al inter\u00e9s de los ciudadanos.<\/p>\n<p>&nbsp;<\/p>\n<p>La decisi\u00f3n de dedicar su vida a la causa de cambiar a Colombia estaba tomada. En consecuencia con ello vino a Manizales como profesor de la facultad de arquitectura de la Universidad Nacional y desde all\u00ed, se dedic\u00f3 a conocer la vida, la realidad y la historia de Manizales, de Caldas y de sus habitantes. Como acad\u00e9mico profundiz\u00f3 el saber de la arquitectura de la ciudad y de la regi\u00f3n misma. Escribi\u00f3 bellas p\u00e1ginas narrando las haza\u00f1as y dificultades de los colonizadores de estas tierras. Y, como dirigente social se vincul\u00f3 a las luchas de diversos sectores y, de manera especial, a las de los cafeteros. En medio de esas peleas, no solo escribi\u00f3 sobre la historia del caf\u00e9 en Colombia sino que se acerc\u00f3 a las luchas de car\u00e1cter pol\u00edtico primero como candidato al concejo de Manizales y despu\u00e9s a la gobernaci\u00f3n de Caldas.<\/p>\n<p>&nbsp;<\/p>\n<p>Durante varios de esos a\u00f1os acompa\u00f1e a Jorge en sus recorridos por los caminos de Caldas, en reuniones y cursillos de educaci\u00f3n y an\u00e1lisis sobre las crisis del caf\u00e9 y sobre c\u00f3mo enfrentarlas. En ese trasegar se aclararon muchas de las ideas que hoy defiende con ah\u00ednco. La necesidad de unir desde el m\u00e1s humilde de los campesinos y los ind\u00edgenas hasta el m\u00e1s encumbrado de los empresarios para enfrentar, de la mejor manera, las muchas pol\u00edticas contrarias al inter\u00e9s nacional y al de los cafeteros, la necesidad de hacer movilizaci\u00f3n social; reuniones, memoriales, marchas y hasta paros de ser inevitable, pero hacerlo sin recurrir a ning\u00fan m\u00e9todo alejado de la confrontaci\u00f3n democr\u00e1tica y civilizada.<\/p>\n<p>&nbsp;<\/p>\n<p>La condena a los m\u00e9todos propios del terror y a la violencia es hist\u00f3rica como lo es el respeto a los contradictores y a las diferentes opiniones. La capacidad de encontrar con ellos los puntos de acuerdo que permitieran acumular la fuerza necesaria para hacer la contienda por los derechos de los cafeteros y de otros sectores de la poblaci\u00f3n tambi\u00e9n se aprendi\u00f3 por esos d\u00edas. La lucha por la condonaci\u00f3n de las deudas cafeteras, una de las grandes luchas dadas logr\u00f3 incluy\u00f3 importantes dirigentes gremiales y pol\u00edticos como Fabio Trujillo Agudelo y jerarcas destacados de la Iglesia Cat\u00f3lica como Monse\u00f1or Serna, obispo de la Di\u00f3cesis de L\u00edbano-Honda.<\/p>\n<p>&nbsp;<\/p>\n<p>Estos principios que aplic\u00f3 la dirigencia cafetera se aprendieron -despu\u00e9s- por miles de dirigentes de otros sectores agrarios con los que Robledo se relacion\u00f3 antes y durante los a\u00f1os lleva como senador de la rep\u00fablica. Su cercan\u00eda al Tolima, cuando comenz\u00f3 la apertura econ\u00f3mica y m\u00e1s adelante en la lucha frente a los Tratados de Libre Comercio -TLC- llevo a Robledo a vincularse a los arroceros y a otros sectores afectados y a resumir, de manera did\u00e1ctica y precisa, los graves da\u00f1os que dicha pol\u00edtica causar\u00eda al trabajo, la producci\u00f3n y el agro nacional.<\/p>\n<p>&nbsp;<\/p>\n<p>Para 2002, yo era diputado de Caldas y \u00e9l se eleg\u00eda, por primera vez, Senador de Colombia. Por su nuevo oficio, se vio obligado a vivir en Bogot\u00e1 pero ello no signific\u00f3 dejar de estar atento de los asuntos del caf\u00e9 y del agro. Por el contrario, desde la comisi\u00f3n V del Senado se involucr\u00f3, con m\u00e1s fuerza, en los asuntos de los productores agropecuarios tal y como lo demostr\u00f3 en las movilizaciones agropecuarias de 2013 y 2014.<\/p>\n<p>&nbsp;<\/p>\n<p>Por eso, cuando Robledo le dice a Sergio Fajardo, ante la pregunta de \u00e9ste de a qu\u00e9 quiere que se haga especial referencia en el discurso que anunciar\u00eda al pa\u00eds la constituci\u00f3n de Coalici\u00f3n Colombia y Robledo le dice: tener siempre presente el inter\u00e9s de trabajadores y campesinos y de las mayor\u00edas nacionales, no est\u00e1 haciendo demagogia, est\u00e1 reafirmando lo que \u00e9l ha hecho toda su vida, defender a la mayor\u00eda de los Colombianos. Raz\u00f3n de m\u00e1s que permite, con certeza, pedirle a las Gentes del Agro lo respalden con su voto este 11 de marzo respetando, como respeto, la diversidad de opiniones.<\/p>\n<p>&nbsp;<\/p>\n","protected":false},"excerpt":{"rendered":"<p>Oscar Guti\u00e9rrez Reyes,\u00a0Director Ejecutivo Nacional\u00a0Dignidad Agropecuaria Colombiana, Pereira, marzo 9 de 2018 Conoc\u00ed a Robledo hace muchos a\u00f1os. A\u00fan era estudiante universitario y hacia sus primeros pinos en lucha pol\u00edtica. Hab\u00eda comenzado su camino en lucha social jugando como activista y dirigente de la rebeld\u00eda estudiantil de los a\u00f1os 70. A sus estudios le sacaba [&hellip;]<\/p>\n","protected":false},"author":1,"featured_media":14571,"comment_status":"open","ping_status":"open","sticky":false,"template":"","format":"standard","meta":{"advanced_seo_description":"","jetpack_seo_html_title":"","jetpack_seo_noindex":false,"_jetpack_memberships_contains_paid_content":false,"footnotes":""},"categories":[114,101,102,97,56,98],"tags":[],"class_list":["post-14697","post","type-post","status-publish","format-standard","has-post-thumbnail","hentry","category-agro","category-bogota","category-economia","category-imperialismo-y-neoliberalismo","category-oscar-gutierrez-reyes","category-politica"],"jetpack_featured_media_url":"https:\/\/i0.wp.com\/moir.com.co\/web\/wp-content\/uploads\/2018\/02\/robledoafichecampan%CC%83a2018.jpg?fit=397%2C442&ssl=1","jetpack-related-posts":[{"id":16526,"url":"https:\/\/moir.com.co\/web\/video-la-barberia-con-oscar-gutierrez-reyes\/","url_meta":{"origin":14697,"position":0},"title":"Video: La Barber\u00eda con Oscar Gutierrez Reyes","author":"admin","date":"diciembre 3, 2018","format":"video","excerpt":"Noviembre 28 de 2018","rel":"","context":"En \u00abAgro\u00bb","block_context":{"text":"Agro","link":"https:\/\/moir.com.co\/web\/category\/temas\/agro\/"},"img":{"alt_text":"","src":"","width":0,"height":0},"classes":[]},{"id":7773,"url":"https:\/\/moir.com.co\/web\/dos-textos-sobre-la-lucha-de-los-mineros-nacionales-contra-la-persecusion-del-gobierno-de-santos\/","url_meta":{"origin":14697,"position":1},"title":"Dos textos sobre la lucha de los mineros nacionales contra la persecusi\u00f3n del gobierno de Santos","author":"admin","date":"julio 29, 2013","format":false,"excerpt":"Oscar Guti\u00e9rrez ha sido un aliado incondicional en la defensa de Marmato y de la miner\u00eda tradiciona Marmato, 25 de julio de 2013 Con sorpresa y un alto grado de indignaci\u00f3n recibimos las acusaciones del presidente Juan Manuel Santos y su Ministro del Interior al senador Jorge Enrique Robledo y\u2026","rel":"","context":"En \u00abPronunciamientos de Organizaciones Sociales\u00bb","block_context":{"text":"Pronunciamientos de Organizaciones Sociales","link":"https:\/\/moir.com.co\/web\/category\/pronunciamientos-de-organizaciones-sociales\/"},"img":{"alt_text":"","src":"","width":0,"height":0},"classes":[]},{"id":1611,"url":"https:\/\/moir.com.co\/web\/entrevista-con-el-diputado-oscar-gutierrez-reyes-podemos-salvar-la-chec\/","url_meta":{"origin":14697,"position":2},"title":"ENTREVISTA CON EL DIPUTADO OSCAR GUTI\u00c9RREZ REYES: &#8220;PODEMOS SALVAR LA CHEC&#8221;","author":"admin","date":"agosto 10, 2004","format":false,"excerpt":"El a\u00f1o pasado, el diputado de la Asamblea de Caldas, Oscar Guti\u00e9rrez Reyes, denunci\u00f3 el contrato leonino de PPA de Termodorada en contra de la Central Hidroel\u00e9ctrica de Caldas (Chec). En esta entrevista explica su posici\u00f3n con relaci\u00f3n a \u00e9ste y a otros asuntos relacionados con esa empresa y la\u2026","rel":"","context":"En \u00abEL USUARIO N\u00ba6 JULIO-AGOSTO DE 2002\u00bb","block_context":{"text":"EL USUARIO N\u00ba6 JULIO-AGOSTO DE 2002","link":"https:\/\/moir.com.co\/web\/category\/temas\/servicios-publicos-articulos-de-actualidad\/el-usuario\/el-usuario-no6-julio-agosto-de-2002\/"},"img":{"alt_text":"","src":"","width":0,"height":0},"classes":[]},{"id":16474,"url":"https:\/\/moir.com.co\/web\/video-pregunta-yamid-entrevista-a-oscar-gutierrez-reyes-director-ejecutivo-de-dignidad-agropecuaria-colombiana\/","url_meta":{"origin":14697,"position":3},"title":"Video: Pregunta Yamid: entrevista a \u00d3scar Guti\u00e9rrez Reyes, director ejecutivo de Dignidad Agropecuaria Colombiana","author":"admin","date":"noviembre 22, 2018","format":"video","excerpt":"Bogot\u00e1, noviembre 21 de 2018","rel":"","context":"En \u00abAgro\u00bb","block_context":{"text":"Agro","link":"https:\/\/moir.com.co\/web\/category\/temas\/agro\/"},"img":{"alt_text":"","src":"","width":0,"height":0},"classes":[]},{"id":17299,"url":"https:\/\/moir.com.co\/web\/video-intervencion-de-oscar-gutierres-reyes-director-ejecutivo-nacional-de-dignidad-agropecuaria-en-la-audiencia-el-agro-en-crisis\/","url_meta":{"origin":14697,"position":4},"title":"Video: Intervenci\u00f3n de Oscar Guti\u00e9rrez Reyes, Director Ejecutivo Nacional de Dignidad Agropecuaria en  la audiencia &#8220;El agro en crisis&#8221;","author":"admin","date":"abril 14, 2019","format":"video","excerpt":"Bogot\u00e1, abril 13 de 2019","rel":"","context":"En \u00abAgro\u00bb","block_context":{"text":"Agro","link":"https:\/\/moir.com.co\/web\/category\/temas\/agro\/"},"img":{"alt_text":"","src":"","width":0,"height":0},"classes":[]},{"id":19791,"url":"https:\/\/moir.com.co\/web\/el-moir-repudia-el-atentado-contra-oscar-gutierrez-2\/","url_meta":{"origin":14697,"position":5},"title":"EL MOIR REPUDIA EL ATENTADO CONTRA OSCAR GUTI\u00c9RREZ","author":"admin","date":"agosto 10, 2004","format":false,"excerpt":"Cuando en las horas de la ma\u00f1ana del 7 de noviembre se dirig\u00eda por la carretera que de Chinchin\u00e1 conduce a Manizales a iniciar sus labores pol\u00edticas como dirigente del MOIR en Caldas y diputado de la Asamblea en ese departamento, Oscar Guti\u00e9rrez Reyes fue v\u00edctima de un atentado criminal\u2026","rel":"","context":"En \u00abTribuna Roja N\u00ba 89, noviembre 18 de 2002\u00bb","block_context":{"text":"Tribuna Roja N\u00ba 89, noviembre 18 de 2002","link":"https:\/\/moir.com.co\/web\/category\/tribuna-roja\/ediciones-2000-2004\/tribuna-roja-no-89-noviembre-18-de-2002\/"},"img":{"alt_text":"","src":"","width":0,"height":0},"classes":[]}],"jetpack_sharing_enabled":true,"_links":{"self":[{"href":"https:\/\/moir.com.co\/web\/wp-json\/wp\/v2\/posts\/14697","targetHints":{"allow":["GET"]}}],"collection":[{"href":"https:\/\/moir.com.co\/web\/wp-json\/wp\/v2\/posts"}],"about":[{"href":"https:\/\/moir.com.co\/web\/wp-json\/wp\/v2\/types\/post"}],"author":[{"embeddable":true,"href":"https:\/\/moir.com.co\/web\/wp-json\/wp\/v2\/users\/1"}],"replies":[{"embeddable":true,"href":"https:\/\/moir.com.co\/web\/wp-json\/wp\/v2\/comments?post=14697"}],"version-history":[{"count":1,"href":"https:\/\/moir.com.co\/web\/wp-json\/wp\/v2\/posts\/14697\/revisions"}],"predecessor-version":[{"id":14698,"href":"https:\/\/moir.com.co\/web\/wp-json\/wp\/v2\/posts\/14697\/revisions\/14698"}],"wp:featuredmedia":[{"embeddable":true,"href":"https:\/\/moir.com.co\/web\/wp-json\/wp\/v2\/media\/14571"}],"wp:attachment":[{"href":"https:\/\/moir.com.co\/web\/wp-json\/wp\/v2\/media?parent=14697"}],"wp:term":[{"taxonomy":"category","embeddable":true,"href":"https:\/\/moir.com.co\/web\/wp-json\/wp\/v2\/categories?post=14697"},{"taxonomy":"post_tag","embeddable":true,"href":"https:\/\/moir.com.co\/web\/wp-json\/wp\/v2\/tags?post=14697"}],"curies":[{"name":"wp","href":"https:\/\/api.w.org\/{rel}","templated":true}]}}