{"id":14677,"date":"2018-03-06T21:58:18","date_gmt":"2018-03-06T21:58:18","guid":{"rendered":"https:\/\/moir.org.co\/web\/?p=14677"},"modified":"2018-03-06T21:59:02","modified_gmt":"2018-03-06T21:59:02","slug":"video-de-frente-con-rosberg-perilla-de-enlace-television-barrancabermeja","status":"publish","type":"post","link":"https:\/\/moir.com.co\/web\/video-de-frente-con-rosberg-perilla-de-enlace-television-barrancabermeja\/","title":{"rendered":"Video: Robledo en De Frente con Rosberg Perilla, de Enlace Televisi\u00f3n, Barrancabermeja"},"content":{"rendered":"<p>Barrancabermeja, marzo 5 de 2018<\/p>\n","protected":false},"excerpt":{"rendered":"<p>Barrancabermeja, marzo 5 de 2018<\/p>\n","protected":false},"author":1,"featured_media":0,"comment_status":"open","ping_status":"open","sticky":false,"template":"","format":"video","meta":{"advanced_seo_description":"","jetpack_seo_html_title":"","jetpack_seo_noindex":false,"_jetpack_memberships_contains_paid_content":false,"footnotes":""},"categories":[102,97,4,107,98],"tags":[],"class_list":["post-14677","post","type-post","status-publish","format-video","hentry","category-economia","category-imperialismo-y-neoliberalismo","category-jorge-enrique-robledo","category-mineria-y-petroleo","category-politica","post_format-post-format-video"],"jetpack_featured_media_url":"","jetpack-related-posts":[{"id":14673,"url":"https:\/\/moir.com.co\/web\/video-intervencion-de-jorge-enrique-robledo-en-el-acto-de-la-coalicion-colombia-en-barrancabermeja\/","url_meta":{"origin":14677,"position":0},"title":"Video: Intervenci\u00f3n de Jorge Enrique Robledo en el acto de la Coalici\u00f3n Colombia en Barrancabermeja","author":"admin","date":"marzo 5, 2018","format":"video","excerpt":"Publicado en marzo 5 de 2018","rel":"","context":"En \u00abEconom\u00eda\u00bb","block_context":{"text":"Econom\u00eda","link":"https:\/\/moir.com.co\/web\/category\/temas\/economia\/"},"img":{"alt_text":"","src":"","width":0,"height":0},"classes":[]},{"id":4179,"url":"https:\/\/moir.com.co\/web\/reunion-de-la-campana-del-senador-robledo-y-de-emiro-arias-candidato-a-la-camara-por-santander-en-barrancabermeja-marzo-2-de-2010\/","url_meta":{"origin":14677,"position":1},"title":"Reuni\u00f3n de la campa\u00f1a del senador Robledo y de Emiro Arias, candidato a la C\u00e1mara por Santander, en Barrancabermeja, marzo 2 de 2010","author":"admin","date":"marzo 2, 2010","format":false,"excerpt":"","rel":"","context":"En \u00abGaler\u00edas\u00bb","block_context":{"text":"Galer\u00edas","link":"https:\/\/moir.com.co\/web\/category\/multimedia\/galerias\/"},"img":{"alt_text":"","src":"","width":0,"height":0},"classes":[]},{"id":4738,"url":"https:\/\/moir.com.co\/web\/foro-de-la-comision-quinta-del-senado-para-continuar-el-debate-sobre-las-regalias-y-la-politica-petrolera-del-gobierno-de-santos-con-la-participacion-del-senador-jorge-enrique-robledo-barrancabermeja\/","url_meta":{"origin":14677,"position":2},"title":"Foro de la Comisi\u00f3n Quinta del Senado para continuar el debate sobre las regal\u00edas y la pol\u00edtica petrolera del gobierno de Santos con la participaci\u00f3n del senador Jorge Enrique Robledo, Barrancabermeja, septiembre 2 de 2010","author":"admin","date":"septiembre 2, 2010","format":false,"excerpt":"","rel":"","context":"En \u00abGaler\u00edas\u00bb","block_context":{"text":"Galer\u00edas","link":"https:\/\/moir.com.co\/web\/category\/multimedia\/galerias\/"},"img":{"alt_text":"","src":"","width":0,"height":0},"classes":[]},{"id":4609,"url":"https:\/\/moir.com.co\/web\/el-senador-jorge-enrique-robledo-reunido-con-los-50-trabajadores-de-ecopetrol-despedidos-en-la-ultima-huelga-y-que-ayer-fueron-reintegrados-por-sentencia-judicial-barrancabermeja-julio-30-de-2010\/","url_meta":{"origin":14677,"position":3},"title":"El senador Jorge Enrique Robledo reunido con los 50 trabajadores de Ecopetrol despedidos en la \u00faltima huelga y que ayer fueron reintegrados por sentencia judicial, Barrancabermeja, julio 30 de 2010","author":"admin","date":"julio 30, 2010","format":false,"excerpt":"","rel":"","context":"En \u00abGaler\u00edas\u00bb","block_context":{"text":"Galer\u00edas","link":"https:\/\/moir.com.co\/web\/category\/multimedia\/galerias\/"},"img":{"alt_text":"","src":"","width":0,"height":0},"classes":[]},{"id":12575,"url":"https:\/\/moir.com.co\/web\/encuentro-por-la-verdad-para-escuchar-a-la-gente-de-barrancabermeja-y-el-magdalena-medio\/","url_meta":{"origin":14677,"position":4},"title":"Encuentro Por la Verdad para escuchar a la gente de Barrancabermeja y el Magdalena Medio","author":"admin","date":"mayo 31, 2017","format":false,"excerpt":"Barrancabermeja, mayo 17 y 18 de 2017 El senador y candidato presidencial por el Polo Democr\u00e1tico Alternativo, Jorge Enrique Robledo, estuvo en Barrancabermeja el pasado 17 y 18 de mayo acompa\u00f1ando la Gran Movilizaci\u00f3n de los barranque\u00f1os por la Modernizaci\u00f3n de la Refiner\u00eda y desarrollando la Audencia Ciudadana \u201cEncuentro por\u2026","rel":"","context":"En \u00abEconom\u00eda\u00bb","block_context":{"text":"Econom\u00eda","link":"https:\/\/moir.com.co\/web\/category\/temas\/economia\/"},"img":{"alt_text":"","src":"https:\/\/i0.wp.com\/moir.com.co\/web\/wp-content\/uploads\/2017\/05\/robledobarrancaaudiencia.png?fit=512%2C296&ssl=1&resize=350%2C200","width":350,"height":200},"classes":[]},{"id":7852,"url":"https:\/\/moir.com.co\/web\/es-inaceptable-lentitud-con-la-que-se-moderniza-la-refineria-de-barrancabermeja\/","url_meta":{"origin":14677,"position":5},"title":"Es inaceptable lentitud con la que se moderniza la refiner\u00eda de Barrancabermeja","author":"admin","date":"agosto 29, 2013","format":false,"excerpt":"Ecopetrol pierde en la refinaci\u00f3n 768 mil millones anuales. La refiner\u00eda apenas se modernizar\u00eda 13 a\u00f1os despu\u00e9s de tomada la decisi\u00f3n. Cuantiosas p\u00e9rdidas empresariales. Son justos los reclamos de los l\u00edderes gremiales y pol\u00edticos de la regi\u00f3n En debate de control pol\u00edtico realizado en la Comisi\u00f3n Quinta de Senado, l\u00edderes\u2026","rel":"","context":"En \u00abJorge Enrique Robledo\u00bb","block_context":{"text":"Jorge Enrique Robledo","link":"https:\/\/moir.com.co\/web\/category\/jorge-enrique-robledo\/"},"img":{"alt_text":"","src":"","width":0,"height":0},"classes":[]}],"jetpack_sharing_enabled":true,"_links":{"self":[{"href":"https:\/\/moir.com.co\/web\/wp-json\/wp\/v2\/posts\/14677","targetHints":{"allow":["GET"]}}],"collection":[{"href":"https:\/\/moir.com.co\/web\/wp-json\/wp\/v2\/posts"}],"about":[{"href":"https:\/\/moir.com.co\/web\/wp-json\/wp\/v2\/types\/post"}],"author":[{"embeddable":true,"href":"https:\/\/moir.com.co\/web\/wp-json\/wp\/v2\/users\/1"}],"replies":[{"embeddable":true,"href":"https:\/\/moir.com.co\/web\/wp-json\/wp\/v2\/comments?post=14677"}],"version-history":[{"count":2,"href":"https:\/\/moir.com.co\/web\/wp-json\/wp\/v2\/posts\/14677\/revisions"}],"predecessor-version":[{"id":14680,"href":"https:\/\/moir.com.co\/web\/wp-json\/wp\/v2\/posts\/14677\/revisions\/14680"}],"wp:attachment":[{"href":"https:\/\/moir.com.co\/web\/wp-json\/wp\/v2\/media?parent=14677"}],"wp:term":[{"taxonomy":"category","embeddable":true,"href":"https:\/\/moir.com.co\/web\/wp-json\/wp\/v2\/categories?post=14677"},{"taxonomy":"post_tag","embeddable":true,"href":"https:\/\/moir.com.co\/web\/wp-json\/wp\/v2\/tags?post=14677"}],"curies":[{"name":"wp","href":"https:\/\/api.w.org\/{rel}","templated":true}]}}