{"id":14675,"date":"2018-03-06T16:51:20","date_gmt":"2018-03-06T16:51:20","guid":{"rendered":"https:\/\/moir.org.co\/web\/?p=14675"},"modified":"2018-03-06T16:51:20","modified_gmt":"2018-03-06T16:51:20","slug":"creemos-que-polo-aumentara-curules-jorge-robledo","status":"publish","type":"post","link":"https:\/\/moir.com.co\/web\/creemos-que-polo-aumentara-curules-jorge-robledo\/","title":{"rendered":"Creemos que Polo aumentar\u00e1 curules: Jorge Robledo"},"content":{"rendered":"<p><strong>Entrevista de la Redacci\u00f3n Pol\u00edtica de El Nuevo Siglo, Bogot\u00e1, marzo 6 de 2018<\/strong><\/p>\n<p><strong>EL NUEVO SIGLO: \u00bfC\u00f3mo avanza su aspiraci\u00f3n al Senado?<\/strong><\/p>\n<p><strong>JORGE ENRIQUE ROBLEDO:<\/strong>\u00a0Estoy contento porque por donde voy encuentro gran reconocimiento, cari\u00f1o, solidaridad, respeto, realmente las cosas van bien. Estamos muy optimistas porque adem\u00e1s el resto de la lista lo est\u00e1 haciendo muy bien, porque nos est\u00e1n agrediendo brutalmente, principalmente en las redes, se han ido convirtiendo en verdaderas cloacas, y se van a quedar con los crespos hechos.<\/p>\n<p><strong>ENS: \u00bfCon qu\u00e9 propuestas quiere llegar al Congreso?<\/strong><\/p>\n<p><strong>JER:<\/strong>\u00a0A m\u00ed me han escogido como el mejor senador de Colombia por seis a\u00f1os, pues yo vuelvo al Congreso para fundamentalmente ser el que siempre he sido. Ahora, \u00bfcu\u00e1l ha sido la orientaci\u00f3n m\u00eda? Primero votamos a conciencia los proyectos de ley, no nos compran con mermelada, segundo tenemos el valor civil para hacer los debates de control pol\u00edtico, particularmente contra la corrupci\u00f3n, tercero somos congresistas que respaldamos la luchas sociales, las luchas de los ambientalistas, los educadores, las luchas democr\u00e1ticas, no nos hemos vendido ni a Santos ni a Uribe, la idea es seguir actuando con ese criterio, y si por supuesto si el Presidente es Sergio Fajardo, ah\u00ed tendremos una funci\u00f3n que es la de respaldar a ese gobierno.<\/p>\n<p><strong>ENS: \u00bfQu\u00e9 problemas ha encontrado en la gente?<\/strong><\/p>\n<p><strong>JER:<\/strong>\u00a0La situaci\u00f3n del pa\u00eds es dram\u00e1tica, las condiciones de pobreza y de desempleo y de hambre son dram\u00e1ticas. Son 7 millones de personas en\u00a0 la miseria, eso\u00a0 quiere decir que todas las noches se acuestan a dormir con dolor en sus est\u00f3magos no porque comieron mucho, sino porque no comieron nada. Mire la crisis de la salud, la crisis de la educaci\u00f3n, la crisis agraria, el pa\u00eds est\u00e1 funcionando supremamente mal, el Presidente Santos nos va a dejar un pa\u00eds con una econom\u00eda muy deteriorada, y unos grados de corrupci\u00f3n espantosos.<\/p>\n<p><strong>ENS: \u00bfCu\u00e1l es el reto del pr\u00f3ximo del Congreso?<\/strong><\/p>\n<p><strong>JER<\/strong>: Va a depender de c\u00f3mo de componga, yo tengo la preocupaci\u00f3n de que las fuerzas de la corrupci\u00f3n y el clientelismo, y la politiquer\u00eda, van a quedarse nuevamente con las mayor\u00edas en el Congreso. En ese sentido pues es un problema muy grave porque sabemos que esas fuerzas no act\u00faan pensando en el verdadero progreso del pa\u00eds, sino en sus intereses particulares.<\/p>\n<p><strong>ENS: \u00bfCu\u00e1ntos senadores estiman que el Polo obtenga?<\/strong><\/p>\n<p><strong>JER:<\/strong>\u00a0No tengo c\u00e1lculos precisos, pero los que tenemos hacia arriba, no s\u00e9 cu\u00e1ntos, pero esperamos pasar el umbral, y vamos a aumentar la votaci\u00f3n que sacamos hace cuatro a\u00f1os, no obstante la agresi\u00f3n que hemos sido v\u00edctimas en las redes.<\/p>\n<p><strong>ENS: \u00bfUsted impulsar\u00eda la reforma agraria tan pronto llegue de nuevo al Congreso?<\/strong><\/p>\n<p><strong>JER<\/strong>\u00a0Todo depende de quien llegue a la Presidencia, eso cambia mucho la vida de un congresista. Pero en lo que si llego al Congreso es a pedir debate del Puente de Chirajara, y llego a pedir debate sobre el caso de Odebrecht en relaci\u00f3n con las denuncias de Daniel Coronel, y eso lo pondr\u00e9 como debate en el Congreso.<\/p>\n<p><strong>ENS: \u00bfQu\u00e9 piensa del nivel de polarizaci\u00f3n\u00a0 que se est\u00e1 viviendo?<\/strong><\/p>\n<p><strong>JER:<\/strong>\u00a0Yo he rechazado cada una de las agresiones hacia cualquier candidato, no compartimos que se intente sacar \u00a0de las calles a nadie, las calles son sitios p\u00fablicos. El problema es que esto lo volvieron una pelea de perros y gatos, agresiones de la cuales somos v\u00edctimas, pero no participamos<\/p>\n","protected":false},"excerpt":{"rendered":"<p>Entrevista de la Redacci\u00f3n Pol\u00edtica de El Nuevo Siglo, Bogot\u00e1, marzo 6 de 2018 EL NUEVO SIGLO: \u00bfC\u00f3mo avanza su aspiraci\u00f3n al Senado? JORGE ENRIQUE ROBLEDO:\u00a0Estoy contento porque por donde voy encuentro gran reconocimiento, cari\u00f1o, solidaridad, respeto, realmente las cosas van bien. Estamos muy optimistas porque adem\u00e1s el resto de la lista lo est\u00e1 haciendo [&hellip;]<\/p>\n","protected":false},"author":1,"featured_media":14571,"comment_status":"open","ping_status":"open","sticky":false,"template":"","format":"standard","meta":{"advanced_seo_description":"","jetpack_seo_html_title":"","jetpack_seo_noindex":false,"_jetpack_memberships_contains_paid_content":false,"footnotes":""},"categories":[102,103,97,4,98],"tags":[],"class_list":["post-14675","post","type-post","status-publish","format-standard","has-post-thumbnail","hentry","category-economia","category-educacion","category-imperialismo-y-neoliberalismo","category-jorge-enrique-robledo","category-politica"],"jetpack_featured_media_url":"https:\/\/i0.wp.com\/moir.com.co\/web\/wp-content\/uploads\/2018\/02\/robledoafichecampan%CC%83a2018.jpg?fit=397%2C442&ssl=1","jetpack-related-posts":[{"id":15727,"url":"https:\/\/moir.com.co\/web\/la-corrupcion-en-colombia-es-sistemica-jorge-enrique-robledo\/","url_meta":{"origin":14675,"position":0},"title":"\u201cLa corrupci\u00f3n en Colombia es sist\u00e9mica\u201d: Jorge Enrique Robledo","author":"admin","date":"agosto 24, 2018","format":false,"excerpt":"http:\/\/m.eldiario.com.co\/, Pereira, agosto 24 de 2018 \u201cEs mentira que nos vayan a dar reposici\u00f3n de votos, no la hay, esto es a palo seco, como se dice\u201d. As\u00ed comenz\u00f3 la rueda de prensa en la que el senador del Polo Democr\u00e1tico, Jorge Enrique Robledo habl\u00f3 del flagelo de la corrupci\u00f3n,\u2026","rel":"","context":"En \u00abJorge Enrique Robledo\u00bb","block_context":{"text":"Jorge Enrique Robledo","link":"https:\/\/moir.com.co\/web\/category\/jorge-enrique-robledo\/"},"img":{"alt_text":"","src":"https:\/\/i0.wp.com\/moir.com.co\/web\/wp-content\/uploads\/2018\/08\/anticoruupcionrisaralda2018.jpg?fit=680%2C245&ssl=1&resize=350%2C200","width":350,"height":200,"srcset":"https:\/\/i0.wp.com\/moir.com.co\/web\/wp-content\/uploads\/2018\/08\/anticoruupcionrisaralda2018.jpg?fit=680%2C245&ssl=1&resize=350%2C200 1x, https:\/\/i0.wp.com\/moir.com.co\/web\/wp-content\/uploads\/2018\/08\/anticoruupcionrisaralda2018.jpg?fit=680%2C245&ssl=1&resize=525%2C300 1.5x"},"classes":[]},{"id":8826,"url":"https:\/\/moir.com.co\/web\/el-polo-debe-ser-nini-ni-con-santos-ni-con-uribe-robledo\/","url_meta":{"origin":14675,"position":1},"title":"El Polo debe ser \u2018nini\u2019, ni con Santos ni con Uribe: Robledo","author":"admin","date":"octubre 28, 2014","format":false,"excerpt":"\u201cEs probable que Clara L\u00f3pez presente su candidatura. Pero insisto en que esa candidatura debe ser una candidatura de clar\u00edsimo deslinde con Santos o con Uribe, esa candidatura deber ser nini\u201d, expres\u00f3 el senador Jorge Enrique Robledo, del Polo Democr\u00e1tico, anotando que espera que el pr\u00f3ximo Congreso de la colectividad\u2026","rel":"","context":"En \u00abJorge Enrique Robledo\u00bb","block_context":{"text":"Jorge Enrique Robledo","link":"https:\/\/moir.com.co\/web\/category\/jorge-enrique-robledo\/"},"img":{"alt_text":"","src":"","width":0,"height":0},"classes":[]},{"id":21175,"url":"https:\/\/moir.com.co\/web\/el-congreso-necesita-la-voz-lucida-de-robledo\/","url_meta":{"origin":14675,"position":2},"title":"EL CONGRESO NECESITA LA VOZ L\u00daCIDA DE ROBLEDO","author":"admin","date":"noviembre 24, 2005","format":false,"excerpt":"Carlos Gaviria D\u00edaz Un saludo muy fraterno a todos los compa\u00f1eros presentes. Es realmente reconfortante asistir, en una coyuntura como la que enfrenta el pa\u00eds, a un acto masivo de esta naturaleza. Porque no est\u00e1 presente s\u00f3lo la militancia del MOIR, que desde luego hace presencia masiva en esta sala,\u2026","rel":"","context":"En \u00abTribuna Roja N\u00ba 101, diciembre 9 de 2005\u00bb","block_context":{"text":"Tribuna Roja N\u00ba 101, diciembre 9 de 2005","link":"https:\/\/moir.com.co\/web\/category\/tribuna-roja\/ediciones-2005-2009\/tribuna-roja-no-101-diciembre-9-de-2005\/"},"img":{"alt_text":"","src":"","width":0,"height":0},"classes":[]},{"id":4572,"url":"https:\/\/moir.com.co\/web\/audio-de-la-intervencion-del-senador-jorge-enrique-robledo-vocero-de-la-bancada-del-polo-en-la-instalacion-de-las-sesiones-del-congreso\/","url_meta":{"origin":14675,"position":3},"title":"Audio de la intervenci\u00f3n del senador Jorge Enrique Robledo, vocero de la bancada del Polo, en la instalaci\u00f3n de las sesiones del congreso","author":"admin","date":"julio 20, 2010","format":false,"excerpt":"En la instalaci\u00f3n de las sesiones del nuevo congreso de la Rep\u00fablica, elegido el pasado 14 de marzo, el senador Jorge Enrique Robledo hizo la intervenci\u00f3n como vocero de la bancada del Polo Democr\u00e1tico Alternativo explicando el car\u00e1cter de la oposici\u00f3n al entrante gobierno de Santos que el Comit\u00e9 Ejecutivo\u2026","rel":"","context":"En \u00abJorge Enrique Robledo\u00bb","block_context":{"text":"Jorge Enrique Robledo","link":"https:\/\/moir.com.co\/web\/category\/jorge-enrique-robledo\/"},"img":{"alt_text":"","src":"","width":0,"height":0},"classes":[]},{"id":12213,"url":"https:\/\/moir.com.co\/web\/audio-de-jorge-enrique-robledo-enviado-al-congreso-de-la-paz\/","url_meta":{"origin":14675,"position":4},"title":"Audio de Jorge Enrique Robledo enviado al Congreso de la Paz","author":"admin","date":"abril 29, 2017","format":"audio","excerpt":"","rel":"","context":"En \u00abJorge Enrique Robledo\u00bb","block_context":{"text":"Jorge Enrique Robledo","link":"https:\/\/moir.com.co\/web\/category\/jorge-enrique-robledo\/"},"img":{"alt_text":"","src":"https:\/\/i0.wp.com\/moir.com.co\/web\/wp-content\/uploads\/2017\/02\/robledoelnuevodia271014.jpg?fit=600%2C400&ssl=1&resize=350%2C200","width":350,"height":200,"srcset":"https:\/\/i0.wp.com\/moir.com.co\/web\/wp-content\/uploads\/2017\/02\/robledoelnuevodia271014.jpg?fit=600%2C400&ssl=1&resize=350%2C200 1x, https:\/\/i0.wp.com\/moir.com.co\/web\/wp-content\/uploads\/2017\/02\/robledoelnuevodia271014.jpg?fit=600%2C400&ssl=1&resize=525%2C300 1.5x"},"classes":[]},{"id":15706,"url":"https:\/\/moir.com.co\/web\/video-colombia-medio-siglo-de-fracasos-en-la-politica-antidrogas-robledo\/","url_meta":{"origin":14675,"position":5},"title":"Video: Colombia, medio siglo de fracasos en la pol\u00edtica antidrogas: Robledo","author":"admin","date":"agosto 22, 2018","format":"video","excerpt":"Intervenci\u00f3n del senador Jorge Enrique Robledo, Bogot\u00e1, plenaria del Senado, 21 de agosto de 2018","rel":"","context":"En \u00abDebate Salud\u00bb","block_context":{"text":"Debate Salud","link":"https:\/\/moir.com.co\/web\/category\/jorge-enrique-robledo\/debate-salud\/"},"img":{"alt_text":"","src":"","width":0,"height":0},"classes":[]}],"jetpack_sharing_enabled":true,"_links":{"self":[{"href":"https:\/\/moir.com.co\/web\/wp-json\/wp\/v2\/posts\/14675","targetHints":{"allow":["GET"]}}],"collection":[{"href":"https:\/\/moir.com.co\/web\/wp-json\/wp\/v2\/posts"}],"about":[{"href":"https:\/\/moir.com.co\/web\/wp-json\/wp\/v2\/types\/post"}],"author":[{"embeddable":true,"href":"https:\/\/moir.com.co\/web\/wp-json\/wp\/v2\/users\/1"}],"replies":[{"embeddable":true,"href":"https:\/\/moir.com.co\/web\/wp-json\/wp\/v2\/comments?post=14675"}],"version-history":[{"count":1,"href":"https:\/\/moir.com.co\/web\/wp-json\/wp\/v2\/posts\/14675\/revisions"}],"predecessor-version":[{"id":14676,"href":"https:\/\/moir.com.co\/web\/wp-json\/wp\/v2\/posts\/14675\/revisions\/14676"}],"wp:featuredmedia":[{"embeddable":true,"href":"https:\/\/moir.com.co\/web\/wp-json\/wp\/v2\/media\/14571"}],"wp:attachment":[{"href":"https:\/\/moir.com.co\/web\/wp-json\/wp\/v2\/media?parent=14675"}],"wp:term":[{"taxonomy":"category","embeddable":true,"href":"https:\/\/moir.com.co\/web\/wp-json\/wp\/v2\/categories?post=14675"},{"taxonomy":"post_tag","embeddable":true,"href":"https:\/\/moir.com.co\/web\/wp-json\/wp\/v2\/tags?post=14675"}],"curies":[{"name":"wp","href":"https:\/\/api.w.org\/{rel}","templated":true}]}}