{"id":14668,"date":"2018-03-05T21:10:46","date_gmt":"2018-03-05T21:10:46","guid":{"rendered":"https:\/\/moir.org.co\/web\/?p=14668"},"modified":"2018-03-05T21:10:46","modified_gmt":"2018-03-05T21:10:46","slug":"en-carta-a-vargas-lleras-y-duque-robledo-les-pide-pronunciarse-sobre-denuncias-de-daniel-coronell-acerca-de-financiacion-corrupta-de-odebrecht-a-campanas-2014","status":"publish","type":"post","link":"https:\/\/moir.com.co\/web\/en-carta-a-vargas-lleras-y-duque-robledo-les-pide-pronunciarse-sobre-denuncias-de-daniel-coronell-acerca-de-financiacion-corrupta-de-odebrecht-a-campanas-2014\/","title":{"rendered":"En carta a Vargas Lleras y Duque, Robledo les pide pronunciarse sobre denuncias de Daniel Coronell acerca de financiaci\u00f3n corrupta de Odebrecht a campa\u00f1as 2014"},"content":{"rendered":"<p><strong>Oficina de prensa del senador Jorge Enrique Robledo, marzo 5 de 2018<\/strong><\/p>\n<p>Bolet\u00edn de prensa<\/p>\n<p>El senador Jorge Enrique Robledo, quien ha realizado dos debates de control pol\u00edtico exigiendo la verdad total sobre la corrupci\u00f3n de Odebrecht, le envi\u00f3 una carta a los candidatos presidenciales Germ\u00e1n Vargas Lleras e Iv\u00e1n Duque Marquez en la que les solicita pronunciarse sobre las recientes denuncias del periodista Daniel Coronell en las que se confirma que tanto la campa\u00f1a de Santos-Vargas como la de Zuluaga-Trujullo recibieron dineros de la corrupta Odebrecht.<\/p>\n<p>Robledo les dice en la carta \u201ccomo las campa\u00f1as del 2014 de la Unidad Nacional y el Centro Democr\u00e1tico son parte del patrimonio pol\u00edtico en el que se sustentan sus candidaturas a la Presidencia de la Rep\u00fablica, cordialmente, les pregunto: \u00bfqu\u00e9 opinan sobre estas denuncias?\u201d.<\/p>\n<p>A continuaci\u00f3n el texto de la carta.<\/p>\n<p>Oficina de prensa<br \/>\nSenador Jorge Enrique Robledo<br \/>\nBogot\u00e1, 5 de marzo de 2018<\/p>\n<p><img data-recalc-dims=\"1\" fetchpriority=\"high\" decoding=\"async\" class=\"alignnone wp-image-8002 size-full\" src=\"https:\/\/i0.wp.com\/jorgerobledo.com\/wp-content\/uploads\/2018\/03\/Screen-Shot-2018-03-05-at-10.08.09-AM.png?resize=632%2C791&#038;ssl=1\" sizes=\"(max-width: 632px) 100vw, 632px\" srcset=\"https:\/\/jorgerobledo.com\/wp-content\/uploads\/2018\/03\/Screen-Shot-2018-03-05-at-10.08.09-AM.png 632w, https:\/\/jorgerobledo.com\/wp-content\/uploads\/2018\/03\/Screen-Shot-2018-03-05-at-10.08.09-AM-240x300.png 240w\" alt=\"\" width=\"632\" height=\"791\" data-attachment-id=\"8002\" data-permalink=\"https:\/\/jorgerobledo.com\/carta-vargas-lleras-duque-robledo-les-pide-pronunciarse-denuncias-daniel-coronell-acerca-financiacion-corrupta-odebrecht-campanas-2014\/screen-shot-2018-03-05-at-10-08-09-am\/\" data-orig-file=\"https:\/\/jorgerobledo.com\/wp-content\/uploads\/2018\/03\/Screen-Shot-2018-03-05-at-10.08.09-AM.png\" data-orig-size=\"632,791\" data-comments-opened=\"1\" data-image-meta=\"{&quot;aperture&quot;:&quot;0&quot;,&quot;credit&quot;:&quot;&quot;,&quot;camera&quot;:&quot;&quot;,&quot;caption&quot;:&quot;&quot;,&quot;created_timestamp&quot;:&quot;0&quot;,&quot;copyright&quot;:&quot;&quot;,&quot;focal_length&quot;:&quot;0&quot;,&quot;iso&quot;:&quot;0&quot;,&quot;shutter_speed&quot;:&quot;0&quot;,&quot;title&quot;:&quot;&quot;,&quot;orientation&quot;:&quot;0&quot;}\" data-image-title=\"Screen Shot 2018-03-05 at 10.08.09 AM\" data-image-description=\"\" data-medium-file=\"https:\/\/jorgerobledo.com\/wp-content\/uploads\/2018\/03\/Screen-Shot-2018-03-05-at-10.08.09-AM-240x300.png\" data-large-file=\"https:\/\/jorgerobledo.com\/wp-content\/uploads\/2018\/03\/Screen-Shot-2018-03-05-at-10.08.09-AM.png\" \/><img data-recalc-dims=\"1\" decoding=\"async\" class=\"alignnone wp-image-8005 size-full\" src=\"https:\/\/i0.wp.com\/jorgerobledo.com\/wp-content\/uploads\/2018\/03\/Screen-Shot-2018-03-05-at-12.10.44-PM.png?resize=578%2C772&#038;ssl=1\" sizes=\"(max-width: 578px) 100vw, 578px\" srcset=\"https:\/\/jorgerobledo.com\/wp-content\/uploads\/2018\/03\/Screen-Shot-2018-03-05-at-12.10.44-PM.png 578w, https:\/\/jorgerobledo.com\/wp-content\/uploads\/2018\/03\/Screen-Shot-2018-03-05-at-12.10.44-PM-225x300.png 225w\" alt=\"\" width=\"578\" height=\"772\" data-attachment-id=\"8005\" data-permalink=\"https:\/\/jorgerobledo.com\/carta-vargas-lleras-duque-robledo-les-pide-pronunciarse-denuncias-daniel-coronell-acerca-financiacion-corrupta-odebrecht-campanas-2014\/screen-shot-2018-03-05-at-12-10-44-pm\/\" data-orig-file=\"https:\/\/jorgerobledo.com\/wp-content\/uploads\/2018\/03\/Screen-Shot-2018-03-05-at-12.10.44-PM.png\" data-orig-size=\"578,772\" data-comments-opened=\"1\" data-image-meta=\"{&quot;aperture&quot;:&quot;0&quot;,&quot;credit&quot;:&quot;&quot;,&quot;camera&quot;:&quot;&quot;,&quot;caption&quot;:&quot;&quot;,&quot;created_timestamp&quot;:&quot;0&quot;,&quot;copyright&quot;:&quot;&quot;,&quot;focal_length&quot;:&quot;0&quot;,&quot;iso&quot;:&quot;0&quot;,&quot;shutter_speed&quot;:&quot;0&quot;,&quot;title&quot;:&quot;&quot;,&quot;orientation&quot;:&quot;0&quot;}\" data-image-title=\"Screen Shot 2018-03-05 at 12.10.44 PM\" data-image-description=\"\" data-medium-file=\"https:\/\/jorgerobledo.com\/wp-content\/uploads\/2018\/03\/Screen-Shot-2018-03-05-at-12.10.44-PM-225x300.png\" data-large-file=\"https:\/\/jorgerobledo.com\/wp-content\/uploads\/2018\/03\/Screen-Shot-2018-03-05-at-12.10.44-PM.png\" \/><img data-recalc-dims=\"1\" decoding=\"async\" class=\"size-full wp-image-6861 aligncenter\" src=\"https:\/\/i0.wp.com\/jorgerobledo.com\/wp-content\/uploads\/2017\/07\/Imagen_Congreso.png?resize=205%2C61&#038;ssl=1\" alt=\"\" width=\"205\" height=\"61\" data-attachment-id=\"6861\" data-permalink=\"https:\/\/jorgerobledo.com\/el-gobierno-debe-proteger-la-mineria-tradicional-en-remedios-y-segovia-robledo-en-carta-santos\/imagen_congreso-3\/\" data-orig-file=\"https:\/\/jorgerobledo.com\/wp-content\/uploads\/2017\/07\/Imagen_Congreso.png\" data-orig-size=\"205,61\" data-comments-opened=\"1\" data-image-meta=\"{&quot;aperture&quot;:&quot;0&quot;,&quot;credit&quot;:&quot;&quot;,&quot;camera&quot;:&quot;&quot;,&quot;caption&quot;:&quot;&quot;,&quot;created_timestamp&quot;:&quot;0&quot;,&quot;copyright&quot;:&quot;&quot;,&quot;focal_length&quot;:&quot;0&quot;,&quot;iso&quot;:&quot;0&quot;,&quot;shutter_speed&quot;:&quot;0&quot;,&quot;title&quot;:&quot;&quot;,&quot;orientation&quot;:&quot;0&quot;}\" data-image-title=\"Imagen_Congreso\" data-image-description=\"\" data-medium-file=\"https:\/\/jorgerobledo.com\/wp-content\/uploads\/2017\/07\/Imagen_Congreso.png\" data-large-file=\"https:\/\/jorgerobledo.com\/wp-content\/uploads\/2017\/07\/Imagen_Congreso.png\" \/><\/p>\n<p>Bogot\u00e1, 4 de marzo de 2018<\/p>\n<p>&nbsp;<\/p>\n<p>Doctor<\/p>\n<p>GERM\u00c1N VARGAS LLERAS<\/p>\n<p>Candidato presidencial por Cambio Radical<\/p>\n<p>Doctor<\/p>\n<p>IV\u00c1N DUQUE M\u00c1RQUEZ<\/p>\n<p>Candidato presidencial por el Centro Democr\u00e1tico<\/p>\n<p>&nbsp;<\/p>\n<p><u>Referencia<\/u>: \u00bfQu\u00e9 opini\u00f3n les merecen las nuevas denuncias de dineros corruptos de Odebrecht en las dos campa\u00f1as presidenciales de 2014?<\/p>\n<p>Daniel Coronell, uno de los periodistas m\u00e1s respetados del pa\u00eds, acaba de explicar c\u00f3mo fue que en 2014 entraron los dineros corruptos de Odebrecht a las campa\u00f1as presidenciales de Santos y Vargas Lleras, de una parte, y de Oscar Iv\u00e1n Zuluaga y Carlos Holmes Trujillo, de la otra. Su informaci\u00f3n proviene de confesiones de los altos funcionarios de Odebrecht que pagaron los sobornos en Colombia (ver Semana #1870).<\/p>\n<p>En el caso de Santos-Vargas Lleras, un mill\u00f3n d\u00f3lares de Odebrecht llegaron a trav\u00e9s de las empresas Sancho BBDO y Paddington. Y en el de Zuluaga-Trujillo, los de Odebrecht le dieron 1,5 millones de d\u00f3lares a Daniel Garc\u00eda Arizabaleta, quien fue alto funcionario del gobierno de \u00c1lvaro Uribe y termin\u00f3 destituido por la Procuradur\u00eda por corrupto (2009), sanci\u00f3n que no le impidi\u00f3 volverse contratista de Odebrecht en 2010-2013, primero, y en 2014 ser de los jefes de las campa\u00f1as al Congreso y la Presidencia de la Rep\u00fablica del Centro Democr\u00e1tico y haber llevado a Zuluaga a Brasil a reunirse con los de Odebrecht.<\/p>\n<p>Adem\u00e1s, en actuaciones inaceptables, el Consejo Nacional Electoral, con mayor\u00edas de la Unidad Nacional y el Centro Democr\u00e1tico, archiv\u00f3 la investigaci\u00f3n en contra de Zuluaga, seg\u00fan dijo, por falta de evidencia, en tanto que sobre la de Santos-Vargas no se ha pronunciado, a pesar de que ha debido hacerlo desde el a\u00f1o pasado. Y la Fiscal\u00eda act\u00faa con notable lentitud y complacencia.<\/p>\n<p>Entonces, y como las campa\u00f1as del 2014 de la Unidad Nacional y el Centro Democr\u00e1tico son parte del patrimonio pol\u00edtico en el que se sustentan sus candidaturas a la Presidencia de la Rep\u00fablica, cordialmente, les pregunto: \u00bfqu\u00e9 opinan sobre estas denuncias?<\/p>\n<p>&nbsp;<\/p>\n<p>Atentamente,<\/p>\n<p><img data-recalc-dims=\"1\" loading=\"lazy\" decoding=\"async\" class=\"alignnone  wp-image-3861\" src=\"https:\/\/i0.wp.com\/jorgerobledo.com\/wp-content\/uploads\/2016\/04\/Firma-Robledo-282x153.png?resize=243%2C132&#038;ssl=1\" alt=\"\" width=\"243\" height=\"132\" data-attachment-id=\"3861\" data-permalink=\"https:\/\/jorgerobledo.com\/en-carta-a-penalosa-el-senador-robledo-el-representante-navas-talero-y-el-concejal-sarmiento-le-solicitan-no-destruir-la-van-der-hammen\/firma-robledo-282x153\/\" data-orig-file=\"https:\/\/jorgerobledo.com\/wp-content\/uploads\/2016\/04\/Firma-Robledo-282x153.png\" data-orig-size=\"282,153\" data-comments-opened=\"1\" data-image-meta=\"{&quot;aperture&quot;:&quot;0&quot;,&quot;credit&quot;:&quot;&quot;,&quot;camera&quot;:&quot;&quot;,&quot;caption&quot;:&quot;&quot;,&quot;created_timestamp&quot;:&quot;0&quot;,&quot;copyright&quot;:&quot;&quot;,&quot;focal_length&quot;:&quot;0&quot;,&quot;iso&quot;:&quot;0&quot;,&quot;shutter_speed&quot;:&quot;0&quot;,&quot;title&quot;:&quot;&quot;,&quot;orientation&quot;:&quot;0&quot;}\" data-image-title=\"Firma-Robledo\u2013282\u00d7153\" data-image-description=\"\" data-medium-file=\"https:\/\/jorgerobledo.com\/wp-content\/uploads\/2016\/04\/Firma-Robledo-282x153.png\" data-large-file=\"https:\/\/jorgerobledo.com\/wp-content\/uploads\/2016\/04\/Firma-Robledo-282x153.png\" \/><\/p>\n<p>JORGE ENRIQUE ROBLEDO<\/p>\n<p>Senador de la Rep\u00fablica<\/p>\n<p>Polo Democr\u00e1tico Alternativo<\/p>\n","protected":false},"excerpt":{"rendered":"<p>Oficina de prensa del senador Jorge Enrique Robledo, marzo 5 de 2018 Bolet\u00edn de prensa El senador Jorge Enrique Robledo, quien ha realizado dos debates de control pol\u00edtico exigiendo la verdad total sobre la corrupci\u00f3n de Odebrecht, le envi\u00f3 una carta a los candidatos presidenciales Germ\u00e1n Vargas Lleras e Iv\u00e1n Duque Marquez en la que [&hellip;]<\/p>\n","protected":false},"author":1,"featured_media":0,"comment_status":"open","ping_status":"open","sticky":false,"template":"","format":"standard","meta":{"advanced_seo_description":"","jetpack_seo_html_title":"","jetpack_seo_noindex":false,"_jetpack_memberships_contains_paid_content":false,"footnotes":""},"categories":[102,97,4,98],"tags":[],"class_list":["post-14668","post","type-post","status-publish","format-standard","hentry","category-economia","category-imperialismo-y-neoliberalismo","category-jorge-enrique-robledo","category-politica"],"jetpack_featured_media_url":"","jetpack-related-posts":[{"id":14650,"url":"https:\/\/moir.com.co\/web\/video-el-tapen-tapen-a-la-corrupcion-de-odebrecht-no-va-a-tener-la-complicidad-del-senador-robledo\/","url_meta":{"origin":14668,"position":0},"title":"Video: El tapen-tapen a la corrupci\u00f3n de Odebrecht no va a tener la complicidad del senador Robledo","author":"admin","date":"marzo 4, 2018","format":"video","excerpt":"El senador Jorge Enrique Robledo se refiere a la columna de Daniel Coronell en la que se confirma que las campa\u00f1as de Santos-Vargas y Zuluaga-Trujillo fueron financiadas con platas corruptas de Odebrecht. No al tapen tapen. Bogot\u00e1, marzo 4 de 2018","rel":"","context":"En \u00abImperialismo y Neoliberalismo\u00bb","block_context":{"text":"Imperialismo y Neoliberalismo","link":"https:\/\/moir.com.co\/web\/category\/temas\/imperialismo-y-neoliberalismo\/"},"img":{"alt_text":"","src":"","width":0,"height":0},"classes":[]},{"id":14691,"url":"https:\/\/moir.com.co\/web\/confirmado-dineros-de-odebrecht-en-campanas-2014-eran-para-comprarse-los-gobiernos-de-santos-o-zuluaga-robledo\/","url_meta":{"origin":14668,"position":1},"title":"Confirmado, dineros de Odebrecht en campa\u00f1as 2014 eran para comprarse los gobiernos de Santos o Zuluaga: Robledo","author":"admin","date":"marzo 8, 2018","format":false,"excerpt":"Oficina de prensa del senador Jorge Enrique Robledo, Bogot\u00e1, marzo 7 de 2018 Corficolombiana entreg\u00f3 dineros a campa\u00f1a de Santos y Vargas en 2014. Superintendente Industria y Comercio salv\u00f3 a Grupo Aval de sanci\u00f3n. Ex director de la ANI confirma que sin CONPES 3817 no se pod\u00eda hacer contrato Oca\u00f1a\u2026","rel":"","context":"En \u00abEconom\u00eda\u00bb","block_context":{"text":"Econom\u00eda","link":"https:\/\/moir.com.co\/web\/category\/temas\/economia\/"},"img":{"alt_text":"","src":"https:\/\/i0.wp.com\/moir.com.co\/web\/wp-content\/uploads\/2018\/03\/robledoacostaruedaprensa2018.png?fit=600%2C459&ssl=1&resize=350%2C200","width":350,"height":200,"srcset":"https:\/\/i0.wp.com\/moir.com.co\/web\/wp-content\/uploads\/2018\/03\/robledoacostaruedaprensa2018.png?fit=600%2C459&ssl=1&resize=350%2C200 1x, https:\/\/i0.wp.com\/moir.com.co\/web\/wp-content\/uploads\/2018\/03\/robledoacostaruedaprensa2018.png?fit=600%2C459&ssl=1&resize=525%2C300 1.5x"},"classes":[]},{"id":14131,"url":"https:\/\/moir.com.co\/web\/robledo-denuncia-al-presidente-santos-y-al-fiscal-martinez-por-presuntos-delitos-cometidos-en-la-campana-santos-vargas-2014\/","url_meta":{"origin":14668,"position":2},"title":"Robledo denuncia al Presidente Santos y al Fiscal Mart\u00ednez por presuntos delitos cometidos en la campa\u00f1a Santos-Vargas 2014","author":"admin","date":"diciembre 19, 2017","format":false,"excerpt":"Oficina de prensa del senador Jorge Enrique Robledo, Bogot\u00e1, diciembre 19 de 2017 Que se investigue a Santos y a Mart\u00ednez en la Comisi\u00f3n de Acusaciones de la C\u00e1mara de Representantes por lavados de activos, cohecho, fraude procesal, entre otros presuntos delitos pide Robledo. Entre 4.000 y 8.000 millones de\u2026","rel":"","context":"En \u00abEconom\u00eda\u00bb","block_context":{"text":"Econom\u00eda","link":"https:\/\/moir.com.co\/web\/category\/temas\/economia\/"},"img":{"alt_text":"","src":"https:\/\/i0.wp.com\/moir.com.co\/web\/wp-content\/uploads\/2017\/12\/robledocacusaciones.jpeg?fit=768%2C432&ssl=1&resize=350%2C200","width":350,"height":200,"srcset":"https:\/\/i0.wp.com\/moir.com.co\/web\/wp-content\/uploads\/2017\/12\/robledocacusaciones.jpeg?fit=768%2C432&ssl=1&resize=350%2C200 1x, https:\/\/i0.wp.com\/moir.com.co\/web\/wp-content\/uploads\/2017\/12\/robledocacusaciones.jpeg?fit=768%2C432&ssl=1&resize=525%2C300 1.5x, https:\/\/i0.wp.com\/moir.com.co\/web\/wp-content\/uploads\/2017\/12\/robledocacusaciones.jpeg?fit=768%2C432&ssl=1&resize=700%2C400 2x"},"classes":[]},{"id":14906,"url":"https:\/\/moir.com.co\/web\/vargas-lleras-y-duque-y-odebrecht-y-sarmiento-angulo\/","url_meta":{"origin":14668,"position":3},"title":"Vargas Lleras y Duque y Odebrecht y Sarmiento Angulo","author":"admin","date":"abril 14, 2018","format":false,"excerpt":"Jorge Enrique Robledo, Bogot\u00e1, abril 13 de 2018 Mientras se lee esta columna, un tribunal de arbitramento puede transferirle hasta 400 mil millones de pesos de los colombianos al Consorcio de la Ruta del Sol II, la empresa que realmente pag\u00f3 los sobornos \u201cde Odebrecht\u201d y que pertenece a Odebrecht\u2026","rel":"","context":"En \u00abEconom\u00eda\u00bb","block_context":{"text":"Econom\u00eda","link":"https:\/\/moir.com.co\/web\/category\/temas\/economia\/"},"img":{"alt_text":"","src":"","width":0,"height":0},"classes":[]},{"id":14739,"url":"https:\/\/moir.com.co\/web\/como-vencer-a-los-mismos-con-las-mismas\/","url_meta":{"origin":14668,"position":4},"title":"C\u00f3mo vencer a los mismos con las mismas","author":"admin","date":"marzo 17, 2018","format":false,"excerpt":"Jorge Enrique Robledo, Bogot\u00e1, marzo 16 de 2018 Tal como se advirti\u00f3 en esta columna, el clientelismo y la corrupci\u00f3n se ense\u00f1orearon en las pasadas elecciones. Y como era de esperarse tambi\u00e9n, ya escogieron el chivo expiatorio que sacrificar\u00e1n en el altar de la hipocres\u00eda, para los mismos poder decir\u2026","rel":"","context":"En \u00abEconom\u00eda\u00bb","block_context":{"text":"Econom\u00eda","link":"https:\/\/moir.com.co\/web\/category\/temas\/economia\/"},"img":{"alt_text":"","src":"","width":0,"height":0},"classes":[]},{"id":14909,"url":"https:\/\/moir.com.co\/web\/video-robledo-nos-lee-su-articulo-quincenal-vargas-lleras-y-duque-y-odebrecht-y-sarmiento-angulo\/","url_meta":{"origin":14668,"position":5},"title":"Video: Robledo nos lee su art\u00edculo quincenal: Vargas Lleras y Duque y Odebrecht y Sarmiento Angulo","author":"admin","date":"abril 14, 2018","format":"video","excerpt":"Bogot\u00e1, abril 14 de 2018","rel":"","context":"En \u00abEconom\u00eda\u00bb","block_context":{"text":"Econom\u00eda","link":"https:\/\/moir.com.co\/web\/category\/temas\/economia\/"},"img":{"alt_text":"","src":"","width":0,"height":0},"classes":[]}],"jetpack_sharing_enabled":true,"_links":{"self":[{"href":"https:\/\/moir.com.co\/web\/wp-json\/wp\/v2\/posts\/14668","targetHints":{"allow":["GET"]}}],"collection":[{"href":"https:\/\/moir.com.co\/web\/wp-json\/wp\/v2\/posts"}],"about":[{"href":"https:\/\/moir.com.co\/web\/wp-json\/wp\/v2\/types\/post"}],"author":[{"embeddable":true,"href":"https:\/\/moir.com.co\/web\/wp-json\/wp\/v2\/users\/1"}],"replies":[{"embeddable":true,"href":"https:\/\/moir.com.co\/web\/wp-json\/wp\/v2\/comments?post=14668"}],"version-history":[{"count":1,"href":"https:\/\/moir.com.co\/web\/wp-json\/wp\/v2\/posts\/14668\/revisions"}],"predecessor-version":[{"id":14670,"href":"https:\/\/moir.com.co\/web\/wp-json\/wp\/v2\/posts\/14668\/revisions\/14670"}],"wp:attachment":[{"href":"https:\/\/moir.com.co\/web\/wp-json\/wp\/v2\/media?parent=14668"}],"wp:term":[{"taxonomy":"category","embeddable":true,"href":"https:\/\/moir.com.co\/web\/wp-json\/wp\/v2\/categories?post=14668"},{"taxonomy":"post_tag","embeddable":true,"href":"https:\/\/moir.com.co\/web\/wp-json\/wp\/v2\/tags?post=14668"}],"curies":[{"name":"wp","href":"https:\/\/api.w.org\/{rel}","templated":true}]}}