{"id":14659,"date":"2018-03-05T15:40:17","date_gmt":"2018-03-05T15:40:17","guid":{"rendered":"https:\/\/moir.org.co\/web\/?p=14659"},"modified":"2018-03-05T15:41:57","modified_gmt":"2018-03-05T15:41:57","slug":"hay-que-evitar-la-ruina-de-nuestros-arroceros","status":"publish","type":"post","link":"https:\/\/moir.com.co\/web\/hay-que-evitar-la-ruina-de-nuestros-arroceros\/","title":{"rendered":"Hay que evitar la ruina de nuestros arroceros"},"content":{"rendered":"<p><strong>Oficina de prensa del senador Jorge Enrique Robledo, Bogot\u00e1, marzo 4 de 2018<\/strong><\/p>\n<p>En carta dirigida al ministro de Agricultura, doctor Juan Guillermo Zuluaga, el senador Jorge Enrique Robledo explica que los 16 mil arroceros colombianos est\u00e1n en riesgo de desaparecer por las malas pol\u00edticas agrarias y los incumplimientos del gobierno. Lea aqu\u00ed la carta:<\/p>\n<p>Bogot\u00e1, 4 de marzo de 2018<\/p>\n<p>Doctor<\/p>\n<p>JUAN GUILLERMO ZULUAGA<\/p>\n<p>Ministro de Agricultura y Desarrollo Rural<\/p>\n<p>Asunto: Hay que atender la crisis de los arroceros y evitar su ruina.<\/p>\n<p>Atento saludo.<\/p>\n<p>Es inadmisible lo que est\u00e1 pas\u00e1ndole a los arroceros colombianos. Luego de m\u00e1s de cinco a\u00f1os de reclamos y diligencias ante el Ministerio de Agricultura no se han dispuesto soluciones reales a la crisis de endeudamiento. Aunque el gobierno nacional habla de aliviar las deudas y de utilizar mecanismos como el FONSA y los PRAN, estos compromisos son reiteradamente incumplidos mientras en todo el territorio nacional avanzan remates de tierras y de enseres de los agricultores afectados por asuntos sanitarios, clim\u00e1ticos y las malas pol\u00edticas agrarias. \u00bfCu\u00e1ntos paros m\u00e1s tendr\u00e1n que hacer los arroceros, se\u00f1or ministro? \u00bfSe va a quedar imp\u00e1vido el gobierno ante la quiebra de nuestros productores?<\/p>\n<p>&nbsp;<\/p>\n<p>Como agravante de la crisis, he conocido denuncias que muestran como arroz importado desde Ecuador se vende a precios inferiores a los declarados en el lugar de exportaci\u00f3n (Guayaquil). En Villavicencio, Espinal, Valledupar y Monter\u00eda, el precio de ese arroz importado es entre 7 y 12 por ciento menor al reportado en el puerto de exportaci\u00f3n. Es incre\u00edble que el gobierno permita pr\u00e1cticas de dumping que quiebran a los productores nacionales y que ponen en riesgo la seguridad alimentaria nacional. \u00bfConoce usted, doctor Zuluaga, esta situaci\u00f3n? \u00bfQu\u00e9 se har\u00e1 al respecto?<\/p>\n<div class=\"jetpack-video-wrapper\"><span class=\"embed-youtube\"><iframe class=\"youtube-player\" src=\"https:\/\/www.youtube.com\/embed\/Pyw7RQOx6ME?version=3&amp;rel=1&amp;fs=1&amp;autohide=2&amp;showsearch=0&amp;showinfo=1&amp;iv_load_policy=1&amp;wmode=transparent\" width=\"300\" height=\"150\" allowfullscreen=\"allowfullscreen\" data-ratio=\"0.609375\" data-width=\"640\" data-height=\"390\" data-mce-fragment=\"1\"><\/iframe><\/span><\/div>\n<p>Los m\u00e1s de 16 mil arroceros colombianos, que en un 95,5 por ciento siembran en unidades productivas peque\u00f1as o medianas, necesitan garant\u00edas para desarrollar una actividad que hace grandes aportes al progreso de Colombia. Est\u00e1n en riesgo cerca de 600 mil hect\u00e1reas de cultivos, en un pa\u00eds donde solo se siembra la tercera parte del \u00e1rea apta para uso agr\u00edcola. Mi deber como senador de la Rep\u00fablica es no ser indiferente ante la ruina de los productores colombianos por eso espero que este tema lo podamos discutir prontamente en el Senado de la Rep\u00fablica.<\/p>\n<div class=\"SandboxRoot env-bp-350\" data-twitter-event-id=\"0\">\n<div id=\"twitter-widget-0\" class=\"EmbeddedTweet EmbeddedTweet--edge EmbeddedTweet--mediaForward media-forward js-clickToOpenTarget js-tweetIdInfo tweet-InformationCircle-widgetParent\" lang=\"es\" data-click-to-open-target=\"https:\/\/twitter.com\/JERobledo\/status\/872136288782221313\" data-iframe-title=\"Tweet de Twitter\" data-dt-full=\"%{hours24}:%{minutes} - %{day} %{month} %{year}\" data-dt-explicit-timestamp=\"12:01 - 6 jun. 2017\" data-dt-months=\"ene|feb|mar|abr|Mayo|jun|jul|ago|sep|oct|nov|dic\" data-dt-am=\"AM\" data-dt-pm=\"PM\" data-dt-now=\"ahora\" data-dt-s=\"s\" data-dt-m=\"m\" data-dt-h=\"h\" data-dt-second=\"segundo\" data-dt-seconds=\"segundos\" data-dt-minute=\"minuto\" data-dt-minutes=\"minutos\" data-dt-hour=\"hora\" data-dt-hours=\"horas\" data-dt-abbr=\"%{number}%{symbol}\" data-dt-short=\"%{day} %{month}\" data-dt-long=\"%{day} %{month} %{year}\" data-scribe=\"page:tweet\" data-tweet-id=\"872136288782221313\" data-twitter-event-id=\"1\">\n<article class=\"MediaCard MediaCard--mediaForward cards-multimedia customisable-border\" dir=\"ltr\" data-scribe=\"component:card\">\n<div class=\"MediaCard-media\">\n<div class=\"MediaCard-widthConstraint js-cspForcedStyle\" data-style=\"max-width: 2000px\">\n<div class=\"MediaCard-mediaContainer js-cspForcedStyle\" data-style=\"padding-bottom: 56.2500%\">\n<div class=\"NaturalImage-ctaOverlay PlayButton PlayButton--centered\" data-scribe=\"element:play_button\"><\/div>\n<p><a class=\"MediaCard-mediaAsset MediaCard-mediaPlaceholder NaturalImage NaturalImage--fill js-playableMediaInterstitial\" href=\"https:\/\/twitter.com\/JERobledo\/status\/872136288782221313\"><img decoding=\"async\" class=\"NaturalImage-image\" src=\"https:\/\/pbs.twimg.com\/ext_tw_video_thumb\/872135945470046209\/pu\/img\/yWosLm1g4o3orVHs?format=jpg&amp;name=medium\" alt=\"\" data-image=\"https:\/\/pbs.twimg.com\/ext_tw_video_thumb\/872135945470046209\/pu\/img\/yWosLm1g4o3orVHs\" data-scribe=\"element:poster_image\" \/><\/a><\/p>\n<\/div>\n<\/div>\n<\/div>\n<\/article>\n<div class=\"EmbeddedTweet-tweet\">\n<blockquote class=\"Tweet h-entry js-tweetIdInfo subject expanded\" cite=\"https:\/\/twitter.com\/JERobledo\/status\/872136288782221313\" data-tweet-id=\"872136288782221313\" data-scribe=\"section:subject\">\n<div class=\"Tweet-header u-cf\">\n<div class=\"Tweet-brand u-floatRight\"><\/div>\n<div class=\"TweetAuthor js-inViewportScribingTarget\" data-scribe=\"component:author\">\n<p><a class=\"TweetAuthor-link Identity u-linkBlend\" href=\"https:\/\/twitter.com\/JERobledo\" data-scribe=\"element:user_link\" aria-label=\"Jorge Robledo (nombre de pantalla: JERobledo)\"><span class=\"TweetAuthor-avatar Identity-avatar\"><img data-recalc-dims=\"1\" decoding=\"async\" class=\"Avatar Avatar--edge\" src=\"https:\/\/i0.wp.com\/pbs.twimg.com\/profile_images\/954042638377914368\/LXaNVcTk_bigger.jpg?w=800&#038;ssl=1\" alt=\"\" data-scribe=\"element:avatar\" data-src-2x=\"https:\/\/pbs.twimg.com\/profile_images\/954042638377914368\/LXaNVcTk_bigger.jpg\" data-src-1x=\"https:\/\/pbs.twimg.com\/profile_images\/954042638377914368\/LXaNVcTk_normal.jpg\" \/><\/span><span class=\"TweetAuthor-decoratedName\"><span class=\"TweetAuthor-name Identity-name customisable-highlight\" title=\"Jorge Robledo\" data-scribe=\"element:name\">Jorge Robledo<\/span><\/span><\/a><\/p>\n<div class=\"Icon Icon--verified \" title=\"Cuenta verificada\" role=\"img\" aria-label=\"Cuenta verificada\"><\/div>\n<p><a class=\"TweetAuthor-link Identity u-linkBlend\" href=\"https:\/\/twitter.com\/JERobledo\" data-scribe=\"element:user_link\" aria-label=\"Jorge Robledo (nombre de pantalla: JERobledo)\"><span class=\"TweetAuthor-decoratedName\"><span class=\"TweetAuthor-verifiedBadge\" data-scribe=\"element:verified_badge\"><b class=\"u-hiddenVisually\">\u2714<\/b><\/span><\/span><span class=\"TweetAuthor-screenName Identity-screenName\" dir=\"ltr\" title=\"@JERobledo\" data-scribe=\"element:screen_name\">@JERobledo<\/span><\/a><\/p>\n<\/div>\n<\/div>\n<div class=\"Tweet-body e-entry-content\" data-scribe=\"component:tweet\">\n<div class=\"u-hiddenVisually js-inViewportScribingTarget\"><\/div>\n<p class=\"Tweet-text e-entry-title\" dir=\"ltr\" lang=\"es\">En la movilizaci\u00f3n de arroceros manifiesto mi respaldo a sus just\u00edsimos reclamos. <a class=\"PrettyLink hashtag customisable\" dir=\"ltr\" href=\"https:\/\/twitter.com\/hashtag\/PrecioJustoArroz?src=hash\" rel=\"tag\" data-query-source=\"hashtag_click\" data-scribe=\"element:hashtag\"><span class=\"PrettyLink-prefix\">#<\/span><span class=\"PrettyLink-value Tweet-prettyLink\">PrecioJustoArroz<\/span><\/a><\/p>\n<div class=\"Tweet-metadata dateline\"><a class=\"u-linkBlend u-url customisable-highlight long-permalink\" href=\"https:\/\/twitter.com\/JERobledo\/status\/872136288782221313\" data-datetime=\"2017-06-06T17:01:09+0000\" data-scribe=\"element:full_timestamp\"><time class=\"dt-updated\" title=\"Publicado a las: 06 de junio de 2017 17:01:09 (UTC)\" datetime=\"2017-06-06T17:01:09+0000\">12:01 &#8211; 6 jun. 2017<\/time><\/a><\/div>\n<ul class=\"Tweet-actions Tweet-action--newsActions\" role=\"menu\" data-scribe=\"component:actions\" aria-label=\"Acciones del Tweet\">\n<li class=\"Tweet-action Tweet-action--newsAction\">\n<div class=\"Icon Icon--heartEdge TweetAction-icon\" role=\"img\" data-scribe=\"element:heart\"><\/div>\n<p><a class=\"Tweet-action--heart TweetAction TweetAction--heartEdge\" title=\"Me gusta\" href=\"https:\/\/twitter.com\/intent\/like?tweet_id=872136288782221313\" data-scribe=\"component:actions\"><span class=\"TweetAction-stat\" data-scribe=\"element:heart_count\">190<\/span><\/a><\/li>\n<li class=\"Tweet-action Tweet-action--newsAction\">\n<div class=\"Icon Icon--replyEdge TweetAction-icon\" role=\"img\" data-scribe=\"element:conversation_icon\"><\/div>\n<p><span class=\"TweetAction-stat\" data-scribe=\"element:conversation_text\"><a class=\"Tweet-action--replyEdge TweetAction TweetAction--replyEdge\" title=\"Ver la conversaci\u00f3n en Twitter\" href=\"https:\/\/twitter.com\/JERobledo\/status\/872136288782221313\" data-scribe=\"component:news\">180 personas est\u00e1n hablando de esto<\/a><\/span><\/li>\n<\/ul>\n<\/div>\n<\/blockquote>\n<\/div>\n<\/div>\n<\/div>\n<p>La anterior petici\u00f3n la hago basado en el art\u00edculo 258 de la Ley 5\u00aa de 1992. De antemano agradezco la atenci\u00f3n que merezca la presente.<\/p>\n<p>JORGE ENRIQUE ROBLEDO<\/p>\n<p>Senador de la Rep\u00fablica<\/p>\n","protected":false},"excerpt":{"rendered":"<p>Oficina de prensa del senador Jorge Enrique Robledo, Bogot\u00e1, marzo 4 de 2018 En carta dirigida al ministro de Agricultura, doctor Juan Guillermo Zuluaga, el senador Jorge Enrique Robledo explica que los 16 mil arroceros colombianos est\u00e1n en riesgo de desaparecer por las malas pol\u00edticas agrarias y los incumplimientos del gobierno. Lea aqu\u00ed la carta: [&hellip;]<\/p>\n","protected":false},"author":1,"featured_media":14661,"comment_status":"open","ping_status":"open","sticky":false,"template":"","format":"standard","meta":{"advanced_seo_description":"","jetpack_seo_html_title":"","jetpack_seo_noindex":false,"_jetpack_memberships_contains_paid_content":false,"footnotes":""},"categories":[114,102,97,4,98],"tags":[],"class_list":["post-14659","post","type-post","status-publish","format-standard","has-post-thumbnail","hentry","category-agro","category-economia","category-imperialismo-y-neoliberalismo","category-jorge-enrique-robledo","category-politica"],"jetpack_featured_media_url":"https:\/\/i0.wp.com\/moir.com.co\/web\/wp-content\/uploads\/2018\/03\/arrozquiebra2018.jpg?fit=768%2C480&ssl=1","jetpack-related-posts":[{"id":7325,"url":"https:\/\/moir.com.co\/web\/robledo-le-pide-a-roy-barreras-que-cite-debate-sobre-la-responsabilidad-del-ministro-de-agricultura-en-crisis-cafetera-cacaotera-y-agraria\/","url_meta":{"origin":14659,"position":0},"title":"Robledo le pide a Roy Barreras que cite debate sobre la responsabilidad del Ministro de Agricultura en crisis cafetera, cacaotera y agraria","author":"admin","date":"marzo 2, 2013","format":false,"excerpt":"El debate se har\u00eda antes de que inicien las sesiones ordinarias. En carta dirigida al Presidente del Senado, el senador Jorge Enrique Robledo le solicit\u00f3 la citaci\u00f3n a un debate de control pol\u00edtico sobre la responsabilidad del Ministro de Agricultura en la crisis cafetera, cacaotera y, en general, de todo\u2026","rel":"","context":"En \u00abJorge Enrique Robledo\u00bb","block_context":{"text":"Jorge Enrique Robledo","link":"https:\/\/moir.com.co\/web\/category\/jorge-enrique-robledo\/"},"img":{"alt_text":"","src":"","width":0,"height":0},"classes":[]},{"id":14115,"url":"https:\/\/moir.com.co\/web\/gobierno-debe-respaldar-maiceros-de-cordoba-en-crisis\/","url_meta":{"origin":14659,"position":1},"title":"Gobierno debe respaldar maiceros de C\u00f3rdoba en crisis","author":"admin","date":"diciembre 17, 2017","format":false,"excerpt":"Oficina de prensa del senador Jorge Enrique Robledo, Bogot\u00e1, diciembre 16 de 2017 Doctor JUAN GUILLERMO ZULUAGA Ministro de Agricultura y Desarrollo Rural \u00a0 Ref.: El gobierno debe respaldar a los maiceros de C\u00f3rdoba, sumidos en grave crisis. \u00a0 Atento saludo: Los cultivadores de ma\u00edz blanco de C\u00f3rdoba pasan por\u2026","rel":"","context":"En \u00abAgro\u00bb","block_context":{"text":"Agro","link":"https:\/\/moir.com.co\/web\/category\/temas\/agro\/"},"img":{"alt_text":"","src":"https:\/\/i0.wp.com\/moir.com.co\/web\/wp-content\/uploads\/2017\/12\/maizcordoba2017.jpg?fit=539%2C379&ssl=1&resize=350%2C200","width":350,"height":200,"srcset":"https:\/\/i0.wp.com\/moir.com.co\/web\/wp-content\/uploads\/2017\/12\/maizcordoba2017.jpg?fit=539%2C379&ssl=1&resize=350%2C200 1x, https:\/\/i0.wp.com\/moir.com.co\/web\/wp-content\/uploads\/2017\/12\/maizcordoba2017.jpg?fit=539%2C379&ssl=1&resize=525%2C300 1.5x"},"classes":[]},{"id":7352,"url":"https:\/\/moir.com.co\/web\/el-ministro-de-agricultura-juan-camilo-restrepo-debe-renunciar-robledo\/","url_meta":{"origin":14659,"position":2},"title":"El Ministro de Agricultura, Juan Camilo Restrepo, debe renunciar: Robledo","author":"admin","date":"marzo 10, 2013","format":false,"excerpt":"Por su p\u00e9simo manejo de la crisis cafetera y cacaotera. Y por su mediocre atenci\u00f3n a los problemas del resto del agro. Es casi incre\u00edble que no haya renunciado. Seg\u00fan el senador Jorge Enrique Robledo, \u201cel ministro de Agricultura, Juan Camilo Restrepo, debe renunciar a su cargo, dado su p\u00e9simo\u2026","rel":"","context":"En \u00abJorge Enrique Robledo\u00bb","block_context":{"text":"Jorge Enrique Robledo","link":"https:\/\/moir.com.co\/web\/category\/jorge-enrique-robledo\/"},"img":{"alt_text":"","src":"","width":0,"height":0},"classes":[]},{"id":5532,"url":"https:\/\/moir.com.co\/web\/el-gobierno-debe-atender-los-reclamos-de-los-habitantes-del-san-jorge-y-la-mojana-dice-el-senador-robledo\/","url_meta":{"origin":14659,"position":3},"title":"El gobierno debe atender los reclamos  de los habitantes del San Jorge y la Mojana, dice el senador Robledo","author":"admin","date":"abril 18, 2011","format":false,"excerpt":"El Senador Jorge Enrique Robledo llam\u00f3 a los ministros del Interior, Agricultura y V\u00edas a atender con prontitud y seriedad a los damnificados por el desastre invernal de 2010 en la regi\u00f3n del San Jorge y La Mojana, sobre quienes est\u00e1 afectando, adem\u00e1s, el invierno de 2011. En sus carta\u2026","rel":"","context":"En \u00abJorge Enrique Robledo\u00bb","block_context":{"text":"Jorge Enrique Robledo","link":"https:\/\/moir.com.co\/web\/category\/jorge-enrique-robledo\/"},"img":{"alt_text":"","src":"","width":0,"height":0},"classes":[]},{"id":3330,"url":"https:\/\/moir.com.co\/web\/senador-robledo-defiende-la-produccion-arrocera-y-demas-produccion-agropecuaria-y-la-industrial\/","url_meta":{"origin":14659,"position":4},"title":"SENADOR ROBLEDO DEFIENDE LA PRODUCCI\u00d3N ARROCERA Y DEM\u00c1S PRODUCCI\u00d3N AGROPECUARIA Y LA INDUSTRIAL","author":"admin","date":"julio 29, 2009","format":false,"excerpt":"Ayer, en la plenaria del Senado, el senador Jorge Enrique Robledo explic\u00f3 c\u00f3mo el \u201clibre comercio\u201d sigue haci\u00e9ndole un grave da\u00f1o a la producci\u00f3n nacional. Mostr\u00f3 como ejemplo del desastre agropecuaria a la producci\u00f3n arrocera, y calific\u00f3 de \u201cgrav\u00edsima\u201d la crisis de este importante rengl\u00f3n agr\u00edcola. El congresista del Polo\u2026","rel":"","context":"En \u00abJorge Enrique Robledo\u00bb","block_context":{"text":"Jorge Enrique Robledo","link":"https:\/\/moir.com.co\/web\/category\/jorge-enrique-robledo\/"},"img":{"alt_text":"","src":"","width":0,"height":0},"classes":[]},{"id":12595,"url":"https:\/\/moir.com.co\/web\/el-gobierno-santos-debe-atender-las-peticiones-de-los-arroceros-colombianos-senador-robledo\/","url_meta":{"origin":14659,"position":5},"title":"El gobierno Santos debe atender las peticiones de los arroceros colombianos: senador Robledo","author":"admin","date":"junio 3, 2017","format":"video","excerpt":"Oficina de prensa del senador Jorge Enrique Robledo, Bogot\u00e1, junio 2 de 2017 \u00a0 Soluciones para los arroceros; las importaciones en 2016 sumaron 332 mil toneladas; es necesario renegociar los TLC \u201cEl libre comercio est\u00e1 causando una grave crisis entre los arroceros colombianos,\u201d explic\u00f3 el senador Jorge Enrique Robledo, quien\u2026","rel":"","context":"En \u00abAgro\u00bb","block_context":{"text":"Agro","link":"https:\/\/moir.com.co\/web\/category\/temas\/agro\/"},"img":{"alt_text":"","src":"","width":0,"height":0},"classes":[]}],"jetpack_sharing_enabled":true,"_links":{"self":[{"href":"https:\/\/moir.com.co\/web\/wp-json\/wp\/v2\/posts\/14659","targetHints":{"allow":["GET"]}}],"collection":[{"href":"https:\/\/moir.com.co\/web\/wp-json\/wp\/v2\/posts"}],"about":[{"href":"https:\/\/moir.com.co\/web\/wp-json\/wp\/v2\/types\/post"}],"author":[{"embeddable":true,"href":"https:\/\/moir.com.co\/web\/wp-json\/wp\/v2\/users\/1"}],"replies":[{"embeddable":true,"href":"https:\/\/moir.com.co\/web\/wp-json\/wp\/v2\/comments?post=14659"}],"version-history":[{"count":2,"href":"https:\/\/moir.com.co\/web\/wp-json\/wp\/v2\/posts\/14659\/revisions"}],"predecessor-version":[{"id":14662,"href":"https:\/\/moir.com.co\/web\/wp-json\/wp\/v2\/posts\/14659\/revisions\/14662"}],"wp:featuredmedia":[{"embeddable":true,"href":"https:\/\/moir.com.co\/web\/wp-json\/wp\/v2\/media\/14661"}],"wp:attachment":[{"href":"https:\/\/moir.com.co\/web\/wp-json\/wp\/v2\/media?parent=14659"}],"wp:term":[{"taxonomy":"category","embeddable":true,"href":"https:\/\/moir.com.co\/web\/wp-json\/wp\/v2\/categories?post=14659"},{"taxonomy":"post_tag","embeddable":true,"href":"https:\/\/moir.com.co\/web\/wp-json\/wp\/v2\/tags?post=14659"}],"curies":[{"name":"wp","href":"https:\/\/api.w.org\/{rel}","templated":true}]}}