{"id":14641,"date":"2018-03-03T15:05:04","date_gmt":"2018-03-03T15:05:04","guid":{"rendered":"https:\/\/moir.org.co\/web\/?p=14641"},"modified":"2022-06-16T16:19:42","modified_gmt":"2022-06-16T16:19:42","slug":"para-tener-en-cuenta-al-votar-el-11-de-marzo","status":"publish","type":"post","link":"https:\/\/moir.com.co\/web\/para-tener-en-cuenta-al-votar-el-11-de-marzo\/","title":{"rendered":"Para tener en cuenta al votar el 11 de marzo"},"content":{"rendered":"<p><strong>Art\u00edculo quincenal del senador Jorge Enrique Robledo, Bogot\u00e1, marzo 2 de 2018<\/strong><\/p>\n<p>Llegaron las elecciones de Congreso, comicios que revisten una gran importancia. Porque se escoge a quienes van a aprobar las leyes entre el 2018 y el 2022 y porque sus resultados afectan, para bien o para mal, la selecci\u00f3n del pr\u00f3ximo presidente.<\/p>\n<p>Todo indica que no obstante el enorme descontento ciudadano con la clase pol\u00edtica, los mismos con las mismas mantendr\u00e1n sus mayor\u00edas. Porque los m\u00e9todos vitandos para arrear electores se mantienen inc\u00f3lumes, desde la mermelada corrupta, nacional y regional, que les sirve a las formas clientelistas y extorsivas, hasta la compra directa del voto, c\u00ednica, sin disimulos. Y porque, astutos frente a la crisis de un r\u00e9gimen \u2013su r\u00e9gimen\u2013 que ni siquiera es capaz de generar m\u00e1s riqueza, as\u00ed fuera para echarse m\u00e1s plata ilegal al bolsillo, se han dedicado a llenar de miedo a los colombianos, pues saben que no hay nadie m\u00e1s f\u00e1cil de enga\u00f1ar que una persona muerta de p\u00e1nico. En su desfachatez, proclaman: \u201cHemos probado que gobernamos de la peor manera, pero, eso s\u00ed, ni se atrevan a pensar siquiera en reemplazarnos\u201d. La peor versi\u00f3n del conocido \u201c\u00a1y es que usted no sabe qui\u00e9n soy yo!\u201d.<\/p>\n<p>Luego las mayor\u00edas del nuevo Congreso ser\u00e1n semejantes a las de los anteriores per\u00edodos, las cuales, adem\u00e1s de sus conocidos defectos, tienen otro poco mencionado pero que puede ser el peor: que no votan a conciencia sino que se les venden a ministros y presidentes a la hora de aprobar las leyes, aun cuando sean contrarias a los intereses de sus propios electores. No es gratuito que la Corte Suprema de Justicia les haya abierto investigaci\u00f3n a 230 congresistas por venderle al Ejecutivo los votos con los que le aprobaron sus malas leyes. Basta con ver a los supuestos representantes del campesinado, los ind\u00edgenas y el empresariado rural aprobando los TLC que los empobrecen y arruinan. E igual astucia ejecutan contra los m\u00e9dicos y las enfermeras, los educadores y los estudiantes y los industriales y los obreros que caen en sus redes.<\/p>\n<p>Si bien es cierto entonces que los congresistas ganamos mucho sea cual sea el indicador que se use para medirlo \u2013tanto, que a m\u00ed no me genera ning\u00fan problema donar la mitad de lo que gano\u2013, la cosa puede ser peor. Porque dada la p\u00e9sima calidad de las leyes que aprueban, \u00a1estos legisladores tambi\u00e9n ser\u00edan car\u00edsimos incluso por el salario m\u00ednimo! C\u00f3mo ser\u00eda de may\u00fascula la indignaci\u00f3n si el pa\u00eds supiera de las numerosas y malas leyes que las bancadas de Santos, Uribe y Vargas Lleras han aprobado, conjuntamente, desde el 2104.<\/p>\n<p>Y es obvio que la recta final de la carrera por la Presidencia va a estar muy afectada por los comentarios que se hagan de los resultados al Congreso, en las que pueden ser las elecciones m\u00e1s at\u00edpicas de Colombia por los Acuerdos de La Habana y el uso pol\u00edtico que se les ha dado.<\/p>\n<p>Es por ello que han armado como una gavilla en contra de Fajardo y la Coalici\u00f3n Colombia y en especial del Polo, acus\u00e1ndonos de cuanta desproporci\u00f3n se les ocurra. Porque no le perdonan al Polo que sus bancadas hayan sido las mejores del Congreso en raz\u00f3n de cuatro hechos irrefutables. 1. Votamos a conciencia y no por las canonj\u00edas de la Casa de Nari\u00f1o ni de nadie. 2. Actuamos con el valor civil suficiente para decirle pan al pan y vino al vino. 3. Somos solidarios con los reclamos ciudadanos. 4. No nos dejamos cooptar por los gobiernos de Uribe ni de Santos, hecho este \u00faltimo que en especial irrita a quienes estuvieron aqu\u00ed pero prefirieron acordarse con Santos y defender la idea de repetir en este a\u00f1o las elecciones del S\u00ed y el No, condenando a los colombianos a ser santistas o uribistas. Y porque el \u00fanico que puede generar una unidad tan amplia capaz derrotar a cualquier otro candidato es Sergio Fajardo, dado que para ganar la Presidencia hay que obtener la mitad m\u00e1s uno de los votos, al contrario de lo que ocurre con las alcald\u00edas, que pueden alcanzarse con respaldos bastante menores. \u00bfLa pesadilla de Vargas, Duque, Marta Luc\u00eda y Petro? Tener que competir con Fajardo en la segunda vuelta.<\/p>\n<p>Se imaginan ustedes las fiestas de la Casa de Nari\u00f1o y de otras c\u00fapulas pol\u00edticas si por una puerta entraran al Congreso nuevas fuerzas amigas del gobierno y por la otra sali\u00e9ramos los polistas, que siempre dijimos \u201cProceso de paz, s\u00ed; Santos no\u201d, y tampoco Uribe. Y las de ciertos intocables que el Polo s\u00ed ha tocado, si nuestras voces desaparecen de esos recintos. Aunque por el respaldo que sentimos estamos convencidos de que tendr\u00e1n que seguir aguant\u00e1ndonos en el Senado y la C\u00e1mara, no le sobra, amigo lector, meditar sobre c\u00f3mo se est\u00e1n moviendo las cosas.<\/p>\n","protected":false},"excerpt":{"rendered":"<p>Art\u00edculo quincenal del senador Jorge Enrique Robledo, Bogot\u00e1, marzo 2 de 2018 Llegaron las elecciones de Congreso, comicios que revisten una gran importancia. Porque se escoge a quienes van a aprobar las leyes entre el 2018 y el 2022 y porque sus resultados afectan, para bien o para mal, la selecci\u00f3n del pr\u00f3ximo presidente. Todo [&hellip;]<\/p>\n","protected":false},"author":1,"featured_media":14643,"comment_status":"open","ping_status":"open","sticky":false,"template":"","format":"standard","meta":{"advanced_seo_description":"","jetpack_seo_html_title":"","jetpack_seo_noindex":false,"_jetpack_memberships_contains_paid_content":false,"footnotes":""},"categories":[101,102,97,4,98],"tags":[],"class_list":["post-14641","post","type-post","status-publish","format-standard","has-post-thumbnail","hentry","category-bogota","category-economia","category-imperialismo-y-neoliberalismo","category-jorge-enrique-robledo","category-politica"],"jetpack_featured_media_url":"https:\/\/i0.wp.com\/moir.com.co\/web\/wp-content\/uploads\/2018\/03\/robledovolanteando.png?fit=768%2C428&ssl=1","jetpack-related-posts":[{"id":14645,"url":"https:\/\/moir.com.co\/web\/video-lectura-del-articulo-quincenal-de-jorge-enrique-robledo-para-tener-en-cuenta-al-votar-el-11-de-marzo\/","url_meta":{"origin":14641,"position":0},"title":"Video: Lectura del art\u00edculo quincenal de Jorge Enrique Robledo: Para tener en cuenta al votar el 11 de marzo","author":"admin","date":"marzo 4, 2018","format":"video","excerpt":"Bogot\u00e1, marzo 3 de 2018","rel":"","context":"En \u00abEconom\u00eda\u00bb","block_context":{"text":"Econom\u00eda","link":"https:\/\/moir.com.co\/web\/category\/temas\/economia\/"},"img":{"alt_text":"","src":"","width":0,"height":0},"classes":[]},{"id":14699,"url":"https:\/\/moir.com.co\/web\/video-robledo-en-antioquia-si-hay-por-quien-votar-jorge-gomez-camara-polo-101\/","url_meta":{"origin":14641,"position":1},"title":"Video: Robledo: \u00a1En Antioquia s\u00ed hay por quien votar! Jorge G\u00f3mez C\u00e1mara Polo 101","author":"admin","date":"marzo 9, 2018","format":"video","excerpt":"\u00a1En Antioquia s\u00ed hay por quien votar! Los invito a votar por Jorge G\u00f3mez [Polo 101], trabajador incansable por Antioquia y un candidato de excelentes calidades. #VotoRobledoPolo1\u00a0Bogot\u00e1, marzo 9 de 2018","rel":"","context":"En \u00abJorge Enrique Robledo\u00bb","block_context":{"text":"Jorge Enrique Robledo","link":"https:\/\/moir.com.co\/web\/category\/jorge-enrique-robledo\/"},"img":{"alt_text":"","src":"","width":0,"height":0},"classes":[]},{"id":14726,"url":"https:\/\/moir.com.co\/web\/video-sobre-el-empadronamiento-de-quienes-votaron-las-consultas-opina-el-senador-robledo\/","url_meta":{"origin":14641,"position":2},"title":"Video: Sobre el empadronamiento de quienes votaron las consultas, opina el senador Robledo","author":"admin","date":"marzo 15, 2018","format":"video","excerpt":"Bogot\u00e1, marzo 14 de 2018","rel":"","context":"En \u00abImperialismo y Neoliberalismo\u00bb","block_context":{"text":"Imperialismo y Neoliberalismo","link":"https:\/\/moir.com.co\/web\/category\/temas\/imperialismo-y-neoliberalismo\/"},"img":{"alt_text":"","src":"","width":0,"height":0},"classes":[]},{"id":14515,"url":"https:\/\/moir.com.co\/web\/video-por-que-los-mineros-deben-votar-por-robledo\/","url_meta":{"origin":14641,"position":3},"title":"Video: Por qu\u00e9 los mineros deben votar por Robledo","author":"admin","date":"febrero 19, 2018","format":"video","excerpt":"A los mineros los han maltratado de mil maneras, este 11 de marzo no deben votar por sus verdugos. Bogot\u00e1, febrero 19 de 2018","rel":"","context":"En \u00abEconom\u00eda\u00bb","block_context":{"text":"Econom\u00eda","link":"https:\/\/moir.com.co\/web\/category\/temas\/economia\/"},"img":{"alt_text":"","src":"","width":0,"height":0},"classes":[]},{"id":14629,"url":"https:\/\/moir.com.co\/web\/video-mensaje-a-los-voluntarios-con-robledo\/","url_meta":{"origin":14641,"position":4},"title":"Video: Mensaje a los Voluntarios con Robledo","author":"admin","date":"marzo 3, 2018","format":"video","excerpt":"Un gran esfuerzo de los voluntarios es conseguir votos y otro igual o m\u00e1s importante es protegerlos siendo testigos electorales. Los invito a ser parte de los guardianes del voto. Bogot\u00e1, marzo 2 de 2018","rel":"","context":"En \u00abImperialismo y Neoliberalismo\u00bb","block_context":{"text":"Imperialismo y Neoliberalismo","link":"https:\/\/moir.com.co\/web\/category\/temas\/imperialismo-y-neoliberalismo\/"},"img":{"alt_text":"","src":"","width":0,"height":0},"classes":[]},{"id":14756,"url":"https:\/\/moir.com.co\/web\/video-lectura-del-articulo-quincenal-de-jorge-enrique-robledo-como-vencer-a-los-mismos-con-las-mismas\/","url_meta":{"origin":14641,"position":5},"title":"Video: Lectura del art\u00edculo quincenal de Jorge Enrique Robledo: &#8220;C\u00f3mo vencer a los mismos con las mismas&#8221;","author":"admin","date":"marzo 19, 2018","format":"video","excerpt":"Bogot\u00e1, marzo 19 de 2018","rel":"","context":"En \u00abEconom\u00eda\u00bb","block_context":{"text":"Econom\u00eda","link":"https:\/\/moir.com.co\/web\/category\/temas\/economia\/"},"img":{"alt_text":"","src":"","width":0,"height":0},"classes":[]}],"jetpack_sharing_enabled":true,"_links":{"self":[{"href":"https:\/\/moir.com.co\/web\/wp-json\/wp\/v2\/posts\/14641","targetHints":{"allow":["GET"]}}],"collection":[{"href":"https:\/\/moir.com.co\/web\/wp-json\/wp\/v2\/posts"}],"about":[{"href":"https:\/\/moir.com.co\/web\/wp-json\/wp\/v2\/types\/post"}],"author":[{"embeddable":true,"href":"https:\/\/moir.com.co\/web\/wp-json\/wp\/v2\/users\/1"}],"replies":[{"embeddable":true,"href":"https:\/\/moir.com.co\/web\/wp-json\/wp\/v2\/comments?post=14641"}],"version-history":[{"count":2,"href":"https:\/\/moir.com.co\/web\/wp-json\/wp\/v2\/posts\/14641\/revisions"}],"predecessor-version":[{"id":14644,"href":"https:\/\/moir.com.co\/web\/wp-json\/wp\/v2\/posts\/14641\/revisions\/14644"}],"wp:featuredmedia":[{"embeddable":true,"href":"https:\/\/moir.com.co\/web\/wp-json\/wp\/v2\/media\/14643"}],"wp:attachment":[{"href":"https:\/\/moir.com.co\/web\/wp-json\/wp\/v2\/media?parent=14641"}],"wp:term":[{"taxonomy":"category","embeddable":true,"href":"https:\/\/moir.com.co\/web\/wp-json\/wp\/v2\/categories?post=14641"},{"taxonomy":"post_tag","embeddable":true,"href":"https:\/\/moir.com.co\/web\/wp-json\/wp\/v2\/tags?post=14641"}],"curies":[{"name":"wp","href":"https:\/\/api.w.org\/{rel}","templated":true}]}}