{"id":14631,"date":"2018-03-03T14:40:14","date_gmt":"2018-03-03T14:40:14","guid":{"rendered":"https:\/\/moir.org.co\/web\/?p=14631"},"modified":"2018-03-03T14:40:14","modified_gmt":"2018-03-03T14:40:14","slug":"video-mi-total-desacuerdo-con-el-despido-de-los-pilotos-de-avianca-robledo","status":"publish","type":"post","link":"https:\/\/moir.com.co\/web\/video-mi-total-desacuerdo-con-el-despido-de-los-pilotos-de-avianca-robledo\/","title":{"rendered":"Video: Mi total desacuerdo con el despido de los pilotos de Avianca, Robledo"},"content":{"rendered":"<p>Mi total desacuerdo con la decisi\u00f3n de Efromovich de despedir los pilotos de Avianca que hicieron uso del derecho a la huelga. No m\u00e1s alcahueteria del gobierno nacional. Bogot\u00e1, marzo 2 de 2018<\/p>\n","protected":false},"excerpt":{"rendered":"<p>Mi total desacuerdo con la decisi\u00f3n de Efromovich de despedir los pilotos de Avianca que hicieron uso del derecho a la huelga. No m\u00e1s alcahueteria del gobierno nacional. Bogot\u00e1, marzo 2 de 2018<\/p>\n","protected":false},"author":1,"featured_media":0,"comment_status":"open","ping_status":"open","sticky":false,"template":"","format":"video","meta":{"advanced_seo_description":"","jetpack_seo_html_title":"","jetpack_seo_noindex":false,"_jetpack_memberships_contains_paid_content":false,"footnotes":""},"categories":[102,97,4,98,109],"tags":[],"class_list":["post-14631","post","type-post","status-publish","format-video","hentry","category-economia","category-imperialismo-y-neoliberalismo","category-jorge-enrique-robledo","category-politica","category-sindical","post_format-post-format-video"],"jetpack_featured_media_url":"","jetpack-related-posts":[{"id":14590,"url":"https:\/\/moir.com.co\/web\/rechazo-al-despido-de-los-pilotos-en-avianca-robledo\/","url_meta":{"origin":14631,"position":0},"title":"Rechazo al despido de los pilotos en Avianca: Robledo","author":"admin","date":"febrero 27, 2018","format":false,"excerpt":"Oficina de prensa del senador Jorge Enrique Robledo, Bogot\u00e1, febrero 27 de 2018 En laudo arbitral Avianca se comprometi\u00f3 a no perseguir a los pilotos de Acdac; las directivas de la compa\u00f1\u00eda a\u00e9rea deben cesar esta injustificada persecuci\u00f3n. \u201cToda mi solidaridad con los pilotos despedidos de la compa\u00f1\u00eda Avianca\u201d, expres\u00f3\u2026","rel":"","context":"En \u00abEconom\u00eda\u00bb","block_context":{"text":"Econom\u00eda","link":"https:\/\/moir.com.co\/web\/category\/temas\/economia\/"},"img":{"alt_text":"","src":"https:\/\/i0.wp.com\/moir.com.co\/web\/wp-content\/uploads\/2018\/02\/pilotosavianca2017.jpg?fit=768%2C407&ssl=1&resize=350%2C200","width":350,"height":200,"srcset":"https:\/\/i0.wp.com\/moir.com.co\/web\/wp-content\/uploads\/2018\/02\/pilotosavianca2017.jpg?fit=768%2C407&ssl=1&resize=350%2C200 1x, https:\/\/i0.wp.com\/moir.com.co\/web\/wp-content\/uploads\/2018\/02\/pilotosavianca2017.jpg?fit=768%2C407&ssl=1&resize=525%2C300 1.5x, https:\/\/i0.wp.com\/moir.com.co\/web\/wp-content\/uploads\/2018\/02\/pilotosavianca2017.jpg?fit=768%2C407&ssl=1&resize=700%2C400 2x"},"classes":[]},{"id":13343,"url":"https:\/\/moir.com.co\/web\/avianca-debe-atender-las-justas-peticiones-de-los-pilotos-robledo\/","url_meta":{"origin":14631,"position":1},"title":"Avianca debe atender las justas peticiones de los pilotos: Robledo","author":"admin","date":"septiembre 21, 2017","format":false,"excerpt":"Oficina de prensa del senador Jorge Enrique Robledo, Bogot\u00e1, septiembre 20 de 2017 Despu\u00e9s de expresar su solidaridad con las peticiones de los pilotos de Avianca, el senador Jorge Enrique Robledo hizo un llamado a las partes para que busquen el camino que les permita resolver sus diferencias y llegar\u2026","rel":"","context":"En \u00abEconom\u00eda\u00bb","block_context":{"text":"Econom\u00eda","link":"https:\/\/moir.com.co\/web\/category\/temas\/economia\/"},"img":{"alt_text":"","src":"https:\/\/i0.wp.com\/moir.com.co\/web\/wp-content\/uploads\/2017\/09\/pilotosacdac.png?fit=634%2C369&ssl=1&resize=350%2C200","width":350,"height":200,"srcset":"https:\/\/i0.wp.com\/moir.com.co\/web\/wp-content\/uploads\/2017\/09\/pilotosacdac.png?fit=634%2C369&ssl=1&resize=350%2C200 1x, https:\/\/i0.wp.com\/moir.com.co\/web\/wp-content\/uploads\/2017\/09\/pilotosacdac.png?fit=634%2C369&ssl=1&resize=525%2C300 1.5x"},"classes":[]},{"id":13412,"url":"https:\/\/moir.com.co\/web\/video-lo-que-no-sabias-sobre-el-paro-de-pilotos-de-avianca-sergio-fernandez\/","url_meta":{"origin":14631,"position":2},"title":"Video: Lo que no sab\u00edas sobre el paro de pilotos de Avianca, Sergio Fern\u00e1ndez","author":"admin","date":"septiembre 30, 2017","format":"video","excerpt":"El trabajo de un piloto no es como los dem\u00e1s, de \u00e9l dependen muchas vidas, incluida la suya; la complejidad es extrema, el sacrificio tambi\u00e9n, y sin embargo, los pilotos en Colombia tienen salarios bajos comparados con los dem\u00e1s pa\u00edses de la regi\u00f3n. Bogot\u00e1, septiembre 29 de 2017","rel":"","context":"En \u00abEconom\u00eda\u00bb","block_context":{"text":"Econom\u00eda","link":"https:\/\/moir.com.co\/web\/category\/temas\/economia\/"},"img":{"alt_text":"","src":"","width":0,"height":0},"classes":[]},{"id":13440,"url":"https:\/\/moir.com.co\/web\/quien-expone-a-avianca-sus-pilotos-o-sus-propietarios\/","url_meta":{"origin":14631,"position":3},"title":"Qui\u00e9n expone a Avianca, \u00bfsus pilotos o sus propietarios?","author":"admin","date":"octubre 5, 2017","format":false,"excerpt":"Aurelio Su\u00e1rez Montoya, Bogot\u00e1, octubre 4 de 2017 Se dice\u00a0 que los pilotos de Avianca la quieren acabar; que\u00a0exigen jornada laboral mensual de 166 horas en lugar de 200; que hacen peticiones estramb\u00f3ticas para su bienestar y sus familias; que quieren ganar como en otros pa\u00edses donde opera la compa\u00f1\u00eda;\u2026","rel":"","context":"En \u00abAurelio Su\u00e1rez Montoya\u00bb","block_context":{"text":"Aurelio Su\u00e1rez Montoya","link":"https:\/\/moir.com.co\/web\/category\/bitacoras\/aurelio-suarez-montoya\/"},"img":{"alt_text":"","src":"https:\/\/i0.wp.com\/moir.com.co\/web\/wp-content\/uploads\/2017\/10\/aviancaparopilotos.jpg?fit=650%2C466&ssl=1&resize=350%2C200","width":350,"height":200,"srcset":"https:\/\/i0.wp.com\/moir.com.co\/web\/wp-content\/uploads\/2017\/10\/aviancaparopilotos.jpg?fit=650%2C466&ssl=1&resize=350%2C200 1x, https:\/\/i0.wp.com\/moir.com.co\/web\/wp-content\/uploads\/2017\/10\/aviancaparopilotos.jpg?fit=650%2C466&ssl=1&resize=525%2C300 1.5x"},"classes":[]},{"id":15923,"url":"https:\/\/moir.com.co\/web\/video-gobierno-debe-proteger-derechos-laborales-de-pilotos-de-avianca-y-acabar-abusos-contra-los-usuarios-representante-jorge-gomez\/","url_meta":{"origin":14631,"position":4},"title":"Video: Gobierno debe proteger derechos laborales de pilotos de Avianca y acabar abusos contra los usuarios, representante Jorge G\u00f3mez","author":"admin","date":"septiembre 13, 2018","format":"video","excerpt":"Intervenci\u00f3n del Representante a la C\u00e1mara Jorge G\u00f3mez en debate contra el poder monop\u00f3lico de Avianca en Colombia. Bogot\u00e1, 12 septiembre de 2018.","rel":"","context":"En \u00abEconom\u00eda\u00bb","block_context":{"text":"Econom\u00eda","link":"https:\/\/moir.com.co\/web\/category\/temas\/economia\/"},"img":{"alt_text":"","src":"","width":0,"height":0},"classes":[]},{"id":13464,"url":"https:\/\/moir.com.co\/web\/colombia-sin-piloto\/","url_meta":{"origin":14631,"position":5},"title":"Colombia sin piloto","author":"admin","date":"octubre 9, 2017","format":false,"excerpt":"Jos\u00e9 Arlex Arias, Cartagena, octubre 9 de 2017 Decir que \u201cColombia anda sin piloto\u201d es una verdad que ratifican todas las encuestas. Lo peor es que el piloto autom\u00e1tico que est\u00e1 al mando de la cabina de control es incapaz de cambiar de rumbo, debido a los compromisos con los\u2026","rel":"","context":"En \u00abEconom\u00eda\u00bb","block_context":{"text":"Econom\u00eda","link":"https:\/\/moir.com.co\/web\/category\/temas\/economia\/"},"img":{"alt_text":"","src":"","width":0,"height":0},"classes":[]}],"jetpack_sharing_enabled":true,"_links":{"self":[{"href":"https:\/\/moir.com.co\/web\/wp-json\/wp\/v2\/posts\/14631","targetHints":{"allow":["GET"]}}],"collection":[{"href":"https:\/\/moir.com.co\/web\/wp-json\/wp\/v2\/posts"}],"about":[{"href":"https:\/\/moir.com.co\/web\/wp-json\/wp\/v2\/types\/post"}],"author":[{"embeddable":true,"href":"https:\/\/moir.com.co\/web\/wp-json\/wp\/v2\/users\/1"}],"replies":[{"embeddable":true,"href":"https:\/\/moir.com.co\/web\/wp-json\/wp\/v2\/comments?post=14631"}],"version-history":[{"count":1,"href":"https:\/\/moir.com.co\/web\/wp-json\/wp\/v2\/posts\/14631\/revisions"}],"predecessor-version":[{"id":14632,"href":"https:\/\/moir.com.co\/web\/wp-json\/wp\/v2\/posts\/14631\/revisions\/14632"}],"wp:attachment":[{"href":"https:\/\/moir.com.co\/web\/wp-json\/wp\/v2\/media?parent=14631"}],"wp:term":[{"taxonomy":"category","embeddable":true,"href":"https:\/\/moir.com.co\/web\/wp-json\/wp\/v2\/categories?post=14631"},{"taxonomy":"post_tag","embeddable":true,"href":"https:\/\/moir.com.co\/web\/wp-json\/wp\/v2\/tags?post=14631"}],"curies":[{"name":"wp","href":"https:\/\/api.w.org\/{rel}","templated":true}]}}