{"id":14618,"date":"2018-03-02T14:15:14","date_gmt":"2018-03-02T14:15:14","guid":{"rendered":"https:\/\/moir.org.co\/web\/?p=14618"},"modified":"2018-03-02T14:15:14","modified_gmt":"2018-03-02T14:15:14","slug":"robledo-lleva-anos-respaldando-a-usuarios-de-electricaribe","status":"publish","type":"post","link":"https:\/\/moir.com.co\/web\/robledo-lleva-anos-respaldando-a-usuarios-de-electricaribe\/","title":{"rendered":"Robledo lleva a\u00f1os respaldando a usuarios de Electricaribe"},"content":{"rendered":"<p><strong>Norman Alarc\u00f3n Rodas, Barranquilla, marzo 1 de 2018<\/strong><\/p>\n<p>Uno de los temas fundamentales que afectan a toda la Costa Atl\u00e1ntica es el del servicio el\u00e9ctrico, porque est\u00e1 relacionado directamente con la calidad de vida de la poblaci\u00f3n y con la capacidad del sector productivo. Se cumplen veinte a\u00f1os de la privatizaci\u00f3n de las siete electrificadoras de sendos departamentos de la Regi\u00f3n Caribe por parte del gobierno de la \u00e9poca y en el a\u00f1o 2000 la trasnacional espa\u00f1ola Uni\u00f3n Fenosa compr\u00f3 la mayor\u00eda accionaria de la empresa, obviamente con fines de lucro. Su primera \u201chaza\u00f1a\u201d fue la de desmantelar miles de kil\u00f3metros de redes de cobre para venderlas en el extranjero y hacer el primer saqueo de un patrimonio p\u00fablico que le hab\u00eda costado a\u00f1os de pagos de sobretasas a los usuarios de la Costa. El monopolio espa\u00f1ol instal\u00f3 en su reemplazo redes de aluminio de mala calidad que desmejoran el servicio. Tambi\u00e9n despidi\u00f3 a miles de trabajadores id\u00f3neos e instaur\u00f3 la tercerizaci\u00f3n laboral, otro atentado que va en desmedro de un servicio adecuado.<\/p>\n<p>Ante tama\u00f1a afrenta y otros desafueros, el senador polista Jorge Enrique Robledo hizo un debate en el Congreso \u00a1hace catorce a\u00f1os!, desenmascarando la naturaleza expoliadora de la compa\u00f1\u00eda for\u00e1nea y denunciando los atropellos y el p\u00e9simo servicio para los millones de usuarios, los saqueos y la pol\u00edtica antisindical. Solicit\u00f3 a la Contralor\u00eda General de la Rep\u00fablica que realizara un control excepcional a dicha empresa. En los cinco lustros siguientes, hasta hoy, el senador Robledo ha hecho innumerables debates sobre Electricaribe en la Comisi\u00f3n Quinta del Senado y en las plenarias de la misma corporaci\u00f3n, a los que invit\u00f3 a representantes de los indignados usuarios del norte del pa\u00eds.<\/p>\n<p>M\u00e1s de una d\u00e9cada despu\u00e9s del primer debate, el Contralor General de la Rep\u00fablica, Edgardo Maya Villaz\u00f3n, abri\u00f3 una investigaci\u00f3n especial contra Electricaribe y encontr\u00f3 graves anomal\u00edas de inmensa gravedad que caen en la \u00f3rbita del C\u00f3digo Penal. En primer lugar la trasnacional Gas Natural Fenosa, que surgi\u00f3 de la fusi\u00f3n de Gas Natural y Uni\u00f3n Fenosa, due\u00f1a del 85,38% de la empresa, se embolsill\u00f3 m\u00e1s de 217.000 millones de pesos entre el 2011 y el 2017 del subsidio especial Foes, destinados a los sectores m\u00e1s vulnerables de las llamadas \u00e1reas especiales, donde habitan 400.000 familias, dos millones de personas. Seg\u00fan la Contralor\u00eda, Electricaribe debe devolver el dinero a sus verdaderos due\u00f1os. El ente de control encontr\u00f3 adem\u00e1s detrimento patrimonial en los recursos entregados por el Estado para los programas de normalizaci\u00f3n de redes (Prone) y electrificaci\u00f3n rural (Faer) por m\u00e1s de cien mil millones de pesos. Con la devoluci\u00f3n de estos recursos se deber\u00edan cancelar las deudas infladas que atormentan a m\u00e1s de dos millones de usuarios coste\u00f1os, una vez depuradas.<\/p>\n<p>El senador Robledo ha venido proponiendo a las fuerzas vivas de la Costa que le exijan al Gobierno nacional adelantar las cuantiosas inversiones que se requieren para mejorar la infraestructura obsoleta dejada por los espa\u00f1oles, \u00fanica forma de mejorar la calidad del servicio el\u00e9ctrico. La Costa debe exigir tambi\u00e9n que se alivien las deudas infladas de los usuarios y que se modifique la normatividad tarifaria a favor de los usuarios, razones de peso para que la ciudadan\u00eda de la Regi\u00f3n Caribe le brinde el respaldo a Robledo, n\u00famero 1 del Polo, el 11 de marzo pr\u00f3ximo.<\/p>\n","protected":false},"excerpt":{"rendered":"<p>Norman Alarc\u00f3n Rodas, Barranquilla, marzo 1 de 2018 Uno de los temas fundamentales que afectan a toda la Costa Atl\u00e1ntica es el del servicio el\u00e9ctrico, porque est\u00e1 relacionado directamente con la calidad de vida de la poblaci\u00f3n y con la capacidad del sector productivo. Se cumplen veinte a\u00f1os de la privatizaci\u00f3n de las siete electrificadoras [&hellip;]<\/p>\n","protected":false},"author":1,"featured_media":14571,"comment_status":"open","ping_status":"open","sticky":false,"template":"","format":"standard","meta":{"advanced_seo_description":"","jetpack_seo_html_title":"","jetpack_seo_noindex":false,"_jetpack_memberships_contains_paid_content":false,"footnotes":""},"categories":[102,97,98,108],"tags":[],"class_list":["post-14618","post","type-post","status-publish","format-standard","has-post-thumbnail","hentry","category-economia","category-imperialismo-y-neoliberalismo","category-politica","category-servicios-publicos-articulos-de-actualidad"],"jetpack_featured_media_url":"https:\/\/i0.wp.com\/moir.com.co\/web\/wp-content\/uploads\/2018\/02\/robledoafichecampan%CC%83a2018.jpg?fit=397%2C442&ssl=1","jetpack-related-posts":[{"id":11258,"url":"https:\/\/moir.com.co\/web\/encuentro-regional-de-la-costa-aprueba-liquidacion-de-electricaribe-ya-veeduria-ciudadana-y-comite-coordinador\/","url_meta":{"origin":14618,"position":0},"title":"Encuentro Regional de la Costa aprueba liquidaci\u00f3n de Electricaribe ya, veedur\u00eda ciudadana y comit\u00e9 coordinador","author":"admin","date":"diciembre 7, 2016","format":false,"excerpt":"Barranquilla, diciembre 3 de 2016 El s\u00e1bado 3 de diciembre se realiz\u00f3 en Barranquilla el Encuentro Regional de la Costa Atl\u00e1ntica sobre Liquidaci\u00f3n de Electricaribe con representantes de los departamentos de la regi\u00f3n y de varias organizaciones vinculadas a la defensa de los usuarios de los servicios p\u00fablicos. Despu\u00e9s de\u2026","rel":"","context":"En \u00abImperialismo y Neoliberalismo\u00bb","block_context":{"text":"Imperialismo y Neoliberalismo","link":"https:\/\/moir.com.co\/web\/category\/temas\/imperialismo-y-neoliberalismo\/"},"img":{"alt_text":"","src":"","width":0,"height":0},"classes":[]},{"id":13027,"url":"https:\/\/moir.com.co\/web\/gas-natural-fenosa-no-puede-regresar-a-la-costa-atlantica\/","url_meta":{"origin":14618,"position":1},"title":"Gas Natural Fenosa no puede regresar a la Costa Atl\u00e1ntica","author":"admin","date":"agosto 3, 2017","format":false,"excerpt":"Barranquilla, agosto 2 de 2017 Declaraci\u00f3n de Vocales de Control, Indignados y comunales de la Costa sobre intervenci\u00f3n y fraudes de Electricaribe le\u00edda por Norman Alarc\u00f3n ante el Superintendente de Servicios P\u00fablicos, los gobernadores de Atl\u00e1ntico y Bol\u00edvar, sectores gremiales, vocales de control, indignados en Barranquilla el 2 de agosto\u2026","rel":"","context":"En \u00abEconom\u00eda\u00bb","block_context":{"text":"Econom\u00eda","link":"https:\/\/moir.com.co\/web\/category\/temas\/economia\/"},"img":{"alt_text":"","src":"https:\/\/i0.wp.com\/moir.com.co\/web\/wp-content\/uploads\/2017\/08\/Electricaribevocales.jpg?fit=770%2C432&ssl=1&resize=350%2C200","width":350,"height":200,"srcset":"https:\/\/i0.wp.com\/moir.com.co\/web\/wp-content\/uploads\/2017\/08\/Electricaribevocales.jpg?fit=770%2C432&ssl=1&resize=350%2C200 1x, https:\/\/i0.wp.com\/moir.com.co\/web\/wp-content\/uploads\/2017\/08\/Electricaribevocales.jpg?fit=770%2C432&ssl=1&resize=525%2C300 1.5x, https:\/\/i0.wp.com\/moir.com.co\/web\/wp-content\/uploads\/2017\/08\/Electricaribevocales.jpg?fit=770%2C432&ssl=1&resize=700%2C400 2x"},"classes":[]},{"id":7903,"url":"https:\/\/moir.com.co\/web\/expectativa-en-la-costa-por-debate-sobre-electricaribe-en-comision-quinta-del-senado-el-martes-17-de-septiembre\/","url_meta":{"origin":14618,"position":2},"title":"Expectativa en la Costa por debate sobre Electricaribe en comisi\u00f3n quinta del Senado el martes 17 de septiembre","author":"admin","date":"septiembre 16, 2013","format":false,"excerpt":"Desde hace quince a\u00f1os la trasnacional espa\u00f1ola Gas Natural Fenosa viene controlando la distribuci\u00f3n y comercializaci\u00f3n del servicio de energ\u00eda el\u00e9ctrica en la Costa Atl\u00e1ntica a trav\u00e9s de la empresa Electricaribe, como producto de la privatizaci\u00f3n del patrimonio p\u00fablico ordenado por las pol\u00edticas de apertura y libre comercio imperantes en\u2026","rel":"","context":"En \u00abPolo Democr\u00e1tico Alternativo\u00bb","block_context":{"text":"Polo Democr\u00e1tico Alternativo","link":"https:\/\/moir.com.co\/web\/category\/polo-democratico-alternativo\/"},"img":{"alt_text":"","src":"","width":0,"height":0},"classes":[]},{"id":17140,"url":"https:\/\/moir.com.co\/web\/regalo-de-duque-a-electricaribe-contra-los-usuarios-y-el-patrimonio-de-los-colombianos\/","url_meta":{"origin":14618,"position":3},"title":"Regalo de duque a Electricaribe: contra los usuarios y el patrimonio de los colombianos.","author":"admin","date":"marzo 28, 2019","format":false,"excerpt":"Fabio Pinto, Valledupar, marzo 25 de 2019 Un tremendo \u201cgol\u201d les ha metido a los ciudadanos de la costa atl\u00e1ntica, la aprobaci\u00f3n en primer debate del Plan Nacional de Desarrollo del gobierno de Iv\u00e1n Duque, que bien es llamado por el senador Jorge Robledo como \u201cde subdesarrollo\u201d. El gobierno, con\u2026","rel":"","context":"En \u00abEconom\u00eda\u00bb","block_context":{"text":"Econom\u00eda","link":"https:\/\/moir.com.co\/web\/category\/temas\/economia\/"},"img":{"alt_text":"","src":"","width":0,"height":0},"classes":[]},{"id":1669,"url":"https:\/\/moir.com.co\/web\/alzas-brutales-en-las-tarifas\/","url_meta":{"origin":14618,"position":4},"title":"ALZAS BRUTALES EN LAS TARIFAS","author":"admin","date":"agosto 12, 2004","format":false,"excerpt":"En Bogot\u00e1, por ejemplo, el costo de la recolecci\u00f3n de basuras aument\u00f3 entre tres mil y siete mil por ciento desde que, hace once a\u00f1os, la prestaci\u00f3n del servicio se privatiz\u00f3 En algunos apartes del art\u00edculo titulado \u201cEl atraco de las tarifas\u201d, publicado en El Tiempo el 16 de octubre\u2026","rel":"","context":"En \u00abEL USUARIO N\u00ba4 DICIEMBRE DE 2000\u00bb","block_context":{"text":"EL USUARIO N\u00ba4 DICIEMBRE DE 2000","link":"https:\/\/moir.com.co\/web\/category\/temas\/servicios-publicos-articulos-de-actualidad\/el-usuario\/el-usuario-no4-diciembre-de-2000\/"},"img":{"alt_text":"","src":"","width":0,"height":0},"classes":[]},{"id":18766,"url":"https:\/\/moir.com.co\/web\/cero-pesos-de-gobierno-nacional-para-usuarios-de-servicios-publicos-en-la-pandemia\/","url_meta":{"origin":14618,"position":5},"title":"Cero pesos de Gobierno Nacional para usuarios de servicios p\u00fablicos en la pandemia","author":"admin","date":"julio 29, 2020","format":false,"excerpt":"Norman Alarc\u00f3n Rodas, Barranquilla, julio 28 de 2020 La Corte Constitucional declar\u00f3 inexequible el Decreto Legislativo 580 de 15 de abril de 2020 por vicios de forma, ya que a dicha norma de Emergencia Econ\u00f3mica le faltaban las firmas de dos ministros. El Decreto 580 aumentaba los subsidios de agua,\u2026","rel":"","context":"En \u00abEconom\u00eda\u00bb","block_context":{"text":"Econom\u00eda","link":"https:\/\/moir.com.co\/web\/category\/temas\/economia\/"},"img":{"alt_text":"","src":"https:\/\/i0.wp.com\/moir.com.co\/web\/wp-content\/uploads\/2019\/04\/agua3.jpg?fit=358%2C262&ssl=1&resize=350%2C200","width":350,"height":200},"classes":[]}],"jetpack_sharing_enabled":true,"_links":{"self":[{"href":"https:\/\/moir.com.co\/web\/wp-json\/wp\/v2\/posts\/14618","targetHints":{"allow":["GET"]}}],"collection":[{"href":"https:\/\/moir.com.co\/web\/wp-json\/wp\/v2\/posts"}],"about":[{"href":"https:\/\/moir.com.co\/web\/wp-json\/wp\/v2\/types\/post"}],"author":[{"embeddable":true,"href":"https:\/\/moir.com.co\/web\/wp-json\/wp\/v2\/users\/1"}],"replies":[{"embeddable":true,"href":"https:\/\/moir.com.co\/web\/wp-json\/wp\/v2\/comments?post=14618"}],"version-history":[{"count":1,"href":"https:\/\/moir.com.co\/web\/wp-json\/wp\/v2\/posts\/14618\/revisions"}],"predecessor-version":[{"id":14619,"href":"https:\/\/moir.com.co\/web\/wp-json\/wp\/v2\/posts\/14618\/revisions\/14619"}],"wp:featuredmedia":[{"embeddable":true,"href":"https:\/\/moir.com.co\/web\/wp-json\/wp\/v2\/media\/14571"}],"wp:attachment":[{"href":"https:\/\/moir.com.co\/web\/wp-json\/wp\/v2\/media?parent=14618"}],"wp:term":[{"taxonomy":"category","embeddable":true,"href":"https:\/\/moir.com.co\/web\/wp-json\/wp\/v2\/categories?post=14618"},{"taxonomy":"post_tag","embeddable":true,"href":"https:\/\/moir.com.co\/web\/wp-json\/wp\/v2\/tags?post=14618"}],"curies":[{"name":"wp","href":"https:\/\/api.w.org\/{rel}","templated":true}]}}