{"id":14616,"date":"2018-03-02T05:19:26","date_gmt":"2018-03-02T05:19:26","guid":{"rendered":"https:\/\/moir.org.co\/web\/?p=14616"},"modified":"2018-03-02T05:19:26","modified_gmt":"2018-03-02T05:19:26","slug":"el-magisterio-en-pie-de-lucha","status":"publish","type":"post","link":"https:\/\/moir.com.co\/web\/el-magisterio-en-pie-de-lucha\/","title":{"rendered":"El magisterio en pie de lucha"},"content":{"rendered":"<p><strong>Tribuna Magisterial Nacional, Bogot\u00e1, marzo 1 de 2018<\/strong><\/p>\n<p>Contra la desfinanciaci\u00f3n de la educaci\u00f3n, la congelaci\u00f3n de los ascensos, los p\u00e9simos servicios de salud y la destrucci\u00f3n del Fondo Nacional del Magisterio.<\/p>\n<p>El gobierno Santos, cumpliendo las ordenes de las agencias internacionales, que act\u00faan al servicio de los intereses del Gobierno de los EEUU, ha desatado una brutal agresi\u00f3n contra la educaci\u00f3n p\u00fablica, los educadores y los estudiantes expresada en la congelaci\u00f3n de los ascensos de los maestros regidos por el estatuto docente 1278, la negaci\u00f3n flagrante de los derechos a la salud y a la vida, la disminuci\u00f3n de los recursos para educaci\u00f3n y la utilizaci\u00f3n de la reforma a la Ley 715 para agravar a\u00fan m\u00e1s los criterios neoliberales de eficiencia, como justificaci\u00f3n a la negaci\u00f3n del derecho a la educaci\u00f3n y, en una maniobra descarada, destruir el Fondo de Prestaciones Sociales del Magisterio y con ello el r\u00e9gimen especial.<br \/>\nSantos termina su mandato como lo comenz\u00f3, con una pol\u00edtica fr\u00edamente calculada para descargar sobre los hombros de la inmensa mayor\u00eda de los colombianos las consecuencias de la crisis causada por la entrega de la soberan\u00eda nacional, la destrucci\u00f3n de la industria y la agricultura, la privatizaci\u00f3n del patrimonio p\u00fablico y el crecimiento exponencial de la deuda del estado. Ante ello se han dado un un gran n\u00famero de protesta c\u00edvicas y populares, entre las cuales destacan la huelga de los pilotos de Avianca, ferozmente reprimida por Efromovich con la abierta complicidad del Gobierno Nacional y el paro nacional indefinido del magisterio colombiano, liderado por FECODE y sus sindicatos filiales, acompa\u00f1ados y orientados por Central Unitaria de Trabajadores.<\/p>\n<p>El pasado 21 de febrero el Magisterio Colombiano realiz\u00f3 un paro de 24 horas reclam\u00e1ndo el cumplimiento de los acuerdos firmados en junio del 2017 con motivo del paro nacional. Despu\u00e9s de haber llevado a cabo varias reuniones con el gobierno los resultados son negastivos.<\/p>\n<p>Cuando el pa\u00eds esperaba una reforma estructural de la financiaci\u00f3n para resolver los grav\u00edsimos problemas de millones de ni\u00f1os sin derecho a estudiar, de una Jornada \u00danica hu\u00e9rfana de recursos, de la infame mezquindad y corrupci\u00f3n de los recursos de alimentaci\u00f3n y transporte, de miles de colegios en condiciones deplorables de infraestructura, del hacinamiento en las aulas, Santos y su combo se burlan de lo pactado al notificar que van a presentar una reforma que mantiene y agrava la desfinanciaci\u00f3n, impone medidas neoliberales m\u00e1s agresivas e introduce un aut\u00e9ntico engendro para liquidar el Fondo del Magisterio y con ello destruir el r\u00e9gimen especial de los educadores.<br \/>\nViola el Gobierno descaradamente el acuerdo del 2015 y el decreto 1657 de 2016 al no convocar la tercera cohorte de la ECDF en el 2017, cuando claramente est\u00e1 establecido que el proceso de ascenso y reubicaci\u00f3n debe ser convocado por lo menos una vez al a\u00f1o. No contento ocn haber burlado la norma busca imponer un cronograma que se desarrollar\u00eda hasta el 2021 o el regreso al examen escrito, con lo cual en la pr\u00e1ctica congela el ascenso de los compa\u00f1eros del 1278.<\/p>\n<p>El problema de la salud, muy a pesar de haberse firmado nuevos contratos, que se iniciaron el 23 de noviembre, se ha agudizado hasta el punto de tener paralizada la prestaci\u00f3n del servicio, en pr\u00e1cticamente todo el territorio nacional ante la mirada complaciente del Gobierno Nacional, afectando derechos fundamentales y usando esa deplorable situaci\u00f3n con la vieja t\u00e1ctica, ya utilizada con la ley 100, de deteriorar el servicio para justificar la destrucci\u00f3n del r\u00e9gimen prestacional, debilitando hasta la liquidaci\u00f3n el Fondo Nacional de Prestaciones Sociales del Magisterio.<\/p>\n<p>Impuso la expedici\u00f3n del decreto 2105 con medidas altamente lesivas para la educaci\u00f3n p\u00fablica y los educadores, disminuyendo las horas de clase en Jornada \u00danica, con la cual convierte a \u00e9sta en una farsa, precariza las condiciones de los maestros provisionales y niega derechos de carrera.<\/p>\n<p>Convocamos al magisterio, padres de familia y estudiantes a prepararnos para dar una nueva batalla en defensa de una educaci\u00f3n p\u00fablica adecuadamente financiada, cient\u00edfica, democr\u00e1tica y al servicio del desarrollo nacional, y por los derechos del magisterio colombiano.<\/p>\n<p>&nbsp;<\/p>\n<p><strong>Tribuna Magisterial Nacional<\/strong><\/p>\n<p>EL\u00cdAS FONSECA CORTINA.<br \/>\nFRANCISCO TORRES.<br \/>\nDI\u00d3GENES ORJUELA.<br \/>\nLUIS ALBERTO MENDOZA.<br \/>\nMEDARDO HERN\u00c1NDEZ.<\/p>\n","protected":false},"excerpt":{"rendered":"<p>Tribuna Magisterial Nacional, Bogot\u00e1, marzo 1 de 2018 Contra la desfinanciaci\u00f3n de la educaci\u00f3n, la congelaci\u00f3n de los ascensos, los p\u00e9simos servicios de salud y la destrucci\u00f3n del Fondo Nacional del Magisterio. El gobierno Santos, cumpliendo las ordenes de las agencias internacionales, que act\u00faan al servicio de los intereses del Gobierno de los EEUU, ha [&hellip;]<\/p>\n","protected":false},"author":1,"featured_media":13869,"comment_status":"open","ping_status":"open","sticky":false,"template":"","format":"standard","meta":{"advanced_seo_description":"","jetpack_seo_html_title":"","jetpack_seo_noindex":false,"_jetpack_memberships_contains_paid_content":false,"footnotes":""},"categories":[102,103,97,98,96,109,11],"tags":[],"class_list":["post-14616","post","type-post","status-publish","format-standard","has-post-thumbnail","hentry","category-economia","category-educacion","category-imperialismo-y-neoliberalismo","category-politica","category-salud-y-pensiones","category-sindical","category-tribuna-magisterial"],"jetpack_featured_media_url":"https:\/\/i0.wp.com\/moir.com.co\/web\/wp-content\/uploads\/2017\/11\/magisteriovacaciones.jpg?fit=800%2C532&ssl=1","jetpack-related-posts":[{"id":16085,"url":"https:\/\/moir.com.co\/web\/tribuna-magisterial-rechaza-la-posicion-del-gobierno-duque-contra-la-educacion-publica-expresada-por-la-ministra\/","url_meta":{"origin":14616,"position":0},"title":"Tribuna Magisterial rechaza la posici\u00f3n del gobierno Duque contra la educaci\u00f3n p\u00fablica expresada por la ministra","author":"admin","date":"octubre 4, 2018","format":false,"excerpt":"Tribuna Magisterial Nacional, Bogot\u00e1, octubre 3 de 2018 El d\u00eda de hoy se reuni\u00f3 el reci\u00e9n electo Comit\u00e9 Ejecutivo de FECODE con la Ministra de Educaci\u00f3n en el marco de los reiterados incumplimientos del Gobierno a los acuerdos suscritos (reforma estructural al SGP, tercera cohorte y curso del ascenso con\u2026","rel":"","context":"En \u00abEducaci\u00f3n\u00bb","block_context":{"text":"Educaci\u00f3n","link":"https:\/\/moir.com.co\/web\/category\/temas\/educacion\/"},"img":{"alt_text":"","src":"","width":0,"height":0},"classes":[]},{"id":15030,"url":"https:\/\/moir.com.co\/web\/por-financiacion-ascensos-y-salud-y-el-cumplimiento-de-los-acuerdos-viva-el-paro-nacional-de-48-horas-9-y-10-de-mayo-el-magisterio-a-la-calle\/","url_meta":{"origin":14616,"position":1},"title":"Por financiaci\u00f3n, ascensos y salud y el cumplimiento de los acuerdos \u00a1viva el paro nacional de 48 horas! \u00a19 y 10 de mayo el magisterio a la calle!","author":"admin","date":"mayo 2, 2018","format":false,"excerpt":"Tribuna magisterial Nacional, Bogot\u00e1, mayo 2 de 2018 El comit\u00e9 ejecutivo de FECODE acogiendo lo definido por la Junta Nacional el mi\u00e9rcoles 21 de marzo, determin\u00f3 convocar el paro de 48 horas para los d\u00edas 9 y 10 de mayo del presente a\u00f1o con los siguientes objetivos Por una financiaci\u00f3n\u2026","rel":"","context":"En \u00abEconom\u00eda\u00bb","block_context":{"text":"Econom\u00eda","link":"https:\/\/moir.com.co\/web\/category\/temas\/economia\/"},"img":{"alt_text":"","src":"","width":0,"height":0},"classes":[]},{"id":7557,"url":"https:\/\/moir.com.co\/web\/a-los-maestros-colombianos\/","url_meta":{"origin":14616,"position":2},"title":"A los maestros colombianos","author":"admin","date":"mayo 13, 2013","format":false,"excerpt":"Celebramos los maestros nuestro d\u00eda rodeados del cari\u00f1o de alumnos, padres de familia y administrativos, expresado en actos sencillos de una sinceridad y belleza tan genuinas que son la mayor recompensa para los esfuerzos que d\u00eda a d\u00eda hacemos. Al mismo tiempo nos enfrentamos con una persecuci\u00f3n implacable por parte\u2026","rel":"","context":"En \u00abTribuna Magisterial\u00bb","block_context":{"text":"Tribuna Magisterial","link":"https:\/\/moir.com.co\/web\/category\/tribuna-magisterial\/"},"img":{"alt_text":"","src":"","width":0,"height":0},"classes":[]},{"id":12334,"url":"https:\/\/moir.com.co\/web\/tribuna-magisterial-sumemonos-decididamente-al-paro-nacional\/","url_meta":{"origin":14616,"position":3},"title":"Tribuna Magisterial: sum\u00e9monos decididamente al Paro Nacional","author":"admin","date":"mayo 9, 2017","format":false,"excerpt":"Nada m\u00e1s revelador de la pol\u00edtica que Santos adelanta contra la educaci\u00f3n p\u00fablica, los estudiantes y los educadores, que analizar las poderosas razones que llevaron a la Junta Nacional de nuestra Federaci\u00f3n Colombiana de Trabajadores de la Educaci\u00f3n, FECODE, a fijar la hora cero del paro para el 11 de\u2026","rel":"","context":"En \u00abEducaci\u00f3n\u00bb","block_context":{"text":"Educaci\u00f3n","link":"https:\/\/moir.com.co\/web\/category\/temas\/educacion\/"},"img":{"alt_text":"","src":"https:\/\/i0.wp.com\/moir.com.co\/web\/wp-content\/uploads\/2017\/05\/tribmag7.jpg?fit=720%2C540&ssl=1&resize=350%2C200","width":350,"height":200,"srcset":"https:\/\/i0.wp.com\/moir.com.co\/web\/wp-content\/uploads\/2017\/05\/tribmag7.jpg?fit=720%2C540&ssl=1&resize=350%2C200 1x, https:\/\/i0.wp.com\/moir.com.co\/web\/wp-content\/uploads\/2017\/05\/tribmag7.jpg?fit=720%2C540&ssl=1&resize=525%2C300 1.5x, https:\/\/i0.wp.com\/moir.com.co\/web\/wp-content\/uploads\/2017\/05\/tribmag7.jpg?fit=720%2C540&ssl=1&resize=700%2C400 2x"},"classes":[]},{"id":7511,"url":"https:\/\/moir.com.co\/web\/razones-para-el-paro-nacional-indefinido-del-magisterio-colombiano\/","url_meta":{"origin":14616,"position":4},"title":"Razones para el Paro Nacional Indefinido del magisterio colombiano","author":"admin","date":"abril 29, 2013","format":false,"excerpt":"La pol\u00edtica de Santos agrava el deterioro del sector educativo nacional. Aumenta arbitrariamente la jornada laboral en los centros educativos y les entrega facultades a los rectores para ejercer control policivo y asfixiante, incluida la Directiva Ministerial 02 de 2012, que autoriza negar permisos laborales. Profundiza la privatizaci\u00f3n con los\u2026","rel":"","context":"En \u00abTribuna Magisterial\u00bb","block_context":{"text":"Tribuna Magisterial","link":"https:\/\/moir.com.co\/web\/category\/tribuna-magisterial\/"},"img":{"alt_text":"","src":"","width":0,"height":0},"classes":[]},{"id":8356,"url":"https:\/\/moir.com.co\/web\/informe-de-tribuna-magisterial-sobre-la-situacion-del-magisterio\/","url_meta":{"origin":14616,"position":5},"title":"Informe de Tribuna Magisterial sobre la situaci\u00f3n del magisterio","author":"admin","date":"abril 4, 2014","format":false,"excerpt":"El Gobierno de Santos, obsecuente continuador de la pol\u00edtica neoliberal, es el responsable de la cat\u00e1strofe que vive la educaci\u00f3n colombiana con su pol\u00edtica de privatizaci\u00f3n, violaci\u00f3n de la autonom\u00eda educativa, hacinamiento, destrucci\u00f3n del preescolar, promoci\u00f3n autom\u00e1tica, colegios convertidos en empresas con rectores como gerentes, negaci\u00f3n de la jornada \u00fanica\u2026","rel":"","context":"En \u00abTribuna Magisterial\u00bb","block_context":{"text":"Tribuna Magisterial","link":"https:\/\/moir.com.co\/web\/category\/tribuna-magisterial\/"},"img":{"alt_text":"","src":"","width":0,"height":0},"classes":[]}],"jetpack_sharing_enabled":true,"_links":{"self":[{"href":"https:\/\/moir.com.co\/web\/wp-json\/wp\/v2\/posts\/14616","targetHints":{"allow":["GET"]}}],"collection":[{"href":"https:\/\/moir.com.co\/web\/wp-json\/wp\/v2\/posts"}],"about":[{"href":"https:\/\/moir.com.co\/web\/wp-json\/wp\/v2\/types\/post"}],"author":[{"embeddable":true,"href":"https:\/\/moir.com.co\/web\/wp-json\/wp\/v2\/users\/1"}],"replies":[{"embeddable":true,"href":"https:\/\/moir.com.co\/web\/wp-json\/wp\/v2\/comments?post=14616"}],"version-history":[{"count":1,"href":"https:\/\/moir.com.co\/web\/wp-json\/wp\/v2\/posts\/14616\/revisions"}],"predecessor-version":[{"id":14617,"href":"https:\/\/moir.com.co\/web\/wp-json\/wp\/v2\/posts\/14616\/revisions\/14617"}],"wp:featuredmedia":[{"embeddable":true,"href":"https:\/\/moir.com.co\/web\/wp-json\/wp\/v2\/media\/13869"}],"wp:attachment":[{"href":"https:\/\/moir.com.co\/web\/wp-json\/wp\/v2\/media?parent=14616"}],"wp:term":[{"taxonomy":"category","embeddable":true,"href":"https:\/\/moir.com.co\/web\/wp-json\/wp\/v2\/categories?post=14616"},{"taxonomy":"post_tag","embeddable":true,"href":"https:\/\/moir.com.co\/web\/wp-json\/wp\/v2\/tags?post=14616"}],"curies":[{"name":"wp","href":"https:\/\/api.w.org\/{rel}","templated":true}]}}