{"id":14590,"date":"2018-02-27T18:33:11","date_gmt":"2018-02-27T18:33:11","guid":{"rendered":"https:\/\/moir.org.co\/web\/?p=14590"},"modified":"2018-02-27T18:33:11","modified_gmt":"2018-02-27T18:33:11","slug":"rechazo-al-despido-de-los-pilotos-en-avianca-robledo","status":"publish","type":"post","link":"https:\/\/moir.com.co\/web\/rechazo-al-despido-de-los-pilotos-en-avianca-robledo\/","title":{"rendered":"Rechazo al despido de los pilotos en Avianca: Robledo"},"content":{"rendered":"<p><strong>Oficina de prensa del senador Jorge Enrique Robledo, Bogot\u00e1, febrero 27 de 2018<\/strong><\/p>\n<p><em>En laudo arbitral Avianca se comprometi\u00f3 a no perseguir a los pilotos de Acdac; las directivas de la compa\u00f1\u00eda a\u00e9rea deben cesar esta injustificada persecuci\u00f3n.<\/em><\/p>\n<p>\u201cToda mi solidaridad con los pilotos despedidos de la compa\u00f1\u00eda Avianca\u201d, expres\u00f3 el senador Jorge Enrique Robledo, quien le hizo un llamado a las autoridades para que act\u00faen en favor de la parte d\u00e9bil de esta contradicci\u00f3n. \u201cEl pa\u00eds no obtendr\u00e1 el verdadero progreso si se acepta como normal que a los trabajadores se les maltrate por el simple hecho de reclamar sus derechos democr\u00e1ticos.\u201d<\/p>\n<div class=\"jetpack-video-wrapper\"><span class=\"embed-youtube\"><iframe class=\"youtube-player\" src=\"https:\/\/www.youtube.com\/embed\/huK5hK_FJwA?version=3&amp;rel=1&amp;fs=1&amp;autohide=2&amp;showsearch=0&amp;showinfo=1&amp;iv_load_policy=1&amp;wmode=transparent\" width=\"300\" height=\"150\" allowfullscreen=\"allowfullscreen\" data-ratio=\"0.609375\" data-width=\"640\" data-height=\"390\" data-mce-fragment=\"1\"><\/iframe><\/span><\/div>\n<p>En el laudo del tribunal de arbitramento \u2013obligatorio para las partes\u2013 de diciembre de 2017, Avianca se comprometi\u00f3 a \u201cno ejercer directa o indirectamente ninguna clase de represalia\u201d en contra del personal de la Asociaci\u00f3n Colombia de Aviadores Civiles, Acdac, o cualquier otro trabajador no afiliado a la organizaci\u00f3n que hubiere adherido al pliego de peticiones. A pesar del mandato, la compa\u00f1\u00eda controlada por Germ\u00e1n Efromovich que domina cerca el 57 por ciento del mercado a\u00e9reo nacional e internacional, persigue a quienes se movilizaron amparados en la Constituci\u00f3n.<\/p>\n<div class=\"SandboxRoot env-bp-350\" data-twitter-event-id=\"0\">\n<div id=\"twitter-widget-0\" class=\"EmbeddedTweet EmbeddedTweet--edge js-clickToOpenTarget tweet-InformationCircle-widgetParent\" lang=\"es\" data-click-to-open-target=\"https:\/\/twitter.com\/JERobledo\/status\/912663156731924481\" data-iframe-title=\"Tweet de Twitter\" data-dt-full=\"%{hours24}:%{minutes} - %{day} %{month} %{year}\" data-dt-explicit-timestamp=\"8:00 - 26 sept. 2017\" data-dt-months=\"ene|feb|mar|abr|Mayo|jun|jul|ago|sep|oct|nov|dic\" data-dt-am=\"AM\" data-dt-pm=\"PM\" data-dt-now=\"ahora\" data-dt-s=\"s\" data-dt-m=\"m\" data-dt-h=\"h\" data-dt-second=\"segundo\" data-dt-seconds=\"segundos\" data-dt-minute=\"minuto\" data-dt-minutes=\"minutos\" data-dt-hour=\"hora\" data-dt-hours=\"horas\" data-dt-abbr=\"%{number}%{symbol}\" data-dt-short=\"%{day} %{month}\" data-dt-long=\"%{day} %{month} %{year}\" data-scribe=\"page:tweet\" data-twitter-event-id=\"1\">\n<div class=\"EmbeddedTweet-tweet\">\n<blockquote class=\"Tweet h-entry js-tweetIdInfo subject expanded\" cite=\"https:\/\/twitter.com\/JERobledo\/status\/912663156731924481\" data-tweet-id=\"912663156731924481\" data-scribe=\"section:subject\">\n<div class=\"Tweet-header u-cf\">\n<div class=\"Tweet-brand u-floatRight\"><\/div>\n<div class=\"TweetAuthor js-inViewportScribingTarget\" data-scribe=\"component:author\"><a class=\"TweetAuthor-link Identity u-linkBlend\" href=\"https:\/\/twitter.com\/JERobledo\" data-scribe=\"element:user_link\" aria-label=\"Jorge Robledo (nombre de pantalla: JERobledo)\"><span class=\"TweetAuthor-avatar Identity-avatar\"><img data-recalc-dims=\"1\" decoding=\"async\" class=\"Avatar Avatar--edge\" src=\"https:\/\/i0.wp.com\/pbs.twimg.com\/profile_images\/954042638377914368\/LXaNVcTk_bigger.jpg?w=800&#038;ssl=1\" alt=\"\" data-scribe=\"element:avatar\" data-src-2x=\"https:\/\/pbs.twimg.com\/profile_images\/954042638377914368\/LXaNVcTk_bigger.jpg\" data-src-1x=\"https:\/\/pbs.twimg.com\/profile_images\/954042638377914368\/LXaNVcTk_normal.jpg\" \/><\/span><span class=\"TweetAuthor-decoratedName\"><span class=\"TweetAuthor-name Identity-name customisable-highlight\" title=\"Jorge Robledo\" data-scribe=\"element:name\">Jorge Robledo<\/span><\/span><\/a><\/p>\n<div class=\"Icon Icon--verified \" title=\"Cuenta verificada\" role=\"img\" aria-label=\"Cuenta verificada\"><\/div>\n<p><a class=\"TweetAuthor-link Identity u-linkBlend\" href=\"https:\/\/twitter.com\/JERobledo\" data-scribe=\"element:user_link\" aria-label=\"Jorge Robledo (nombre de pantalla: JERobledo)\"><span class=\"TweetAuthor-decoratedName\"><span class=\"TweetAuthor-verifiedBadge\" data-scribe=\"element:verified_badge\"><b class=\"u-hiddenVisually\">\u2714<\/b><\/span><\/span><span class=\"TweetAuthor-screenName Identity-screenName\" dir=\"ltr\" title=\"@JERobledo\" data-scribe=\"element:screen_name\">@JERobledo<\/span><\/a><\/div>\n<\/div>\n<div class=\"Tweet-body e-entry-content\" data-scribe=\"component:tweet\">\n<div class=\"u-hiddenVisually js-inViewportScribingTarget\"><\/div>\n<p class=\"Tweet-text e-entry-title\" dir=\"ltr\" lang=\"es\">Si Efremovich matonea a los pilotos de Avianca en p\u00fablico, \u00a1c\u00f3mo los tratar\u00e1 en privado!<br \/>\nQue atienda con respeto sus justas peticiones<\/p>\n<div class=\"Tweet-metadata dateline\"><a class=\"u-linkBlend u-url customisable-highlight long-permalink\" href=\"https:\/\/twitter.com\/JERobledo\/status\/912663156731924481\" data-datetime=\"2017-09-26T13:00:27+0000\" data-scribe=\"element:full_timestamp\"><time class=\"dt-updated\" title=\"Publicado a las: 26 de septiembre de 2017 13:00:27 (UTC)\" datetime=\"2017-09-26T13:00:27+0000\">8:00 &#8211; 26 sept. 2017<\/time><\/a><\/div>\n<ul class=\"Tweet-actions Tweet-action--newsActions\" role=\"menu\" data-scribe=\"component:actions\" aria-label=\"Acciones del Tweet\">\n<li class=\"Tweet-action Tweet-action--newsAction\">\n<div class=\"Icon Icon--heartEdge TweetAction-icon\" role=\"img\" data-scribe=\"element:heart\"><\/div>\n<p><a class=\"Tweet-action--heart TweetAction TweetAction--heartEdge\" title=\"Me gusta\" href=\"https:\/\/twitter.com\/intent\/like?tweet_id=912663156731924481\" data-scribe=\"component:actions\"><span class=\"TweetAction-stat\" data-scribe=\"element:heart_count\">1.917<\/span><\/a><\/li>\n<li class=\"Tweet-action Tweet-action--newsAction\">\n<div class=\"Icon Icon--replyEdge TweetAction-icon\" role=\"img\" data-scribe=\"element:conversation_icon\"><\/div>\n<p><span class=\"TweetAction-stat\" data-scribe=\"element:conversation_text\"><a class=\"Tweet-action--replyEdge TweetAction TweetAction--replyEdge\" title=\"Ver la conversaci\u00f3n en Twitter\" href=\"https:\/\/twitter.com\/JERobledo\/status\/912663156731924481\" data-scribe=\"component:news\">1.866 personas est\u00e1n hablando de esto<\/a><\/span><\/li>\n<\/ul>\n<\/div>\n<\/blockquote>\n<\/div>\n<\/div>\n<\/div>\n<p>\u201cEs lamentable que la empresa maltrate a quienes ejercieron sus derechos democr\u00e1ticos. Es normal que entre los patronos y los empleados surjan diferencias, pero lo correcto es tratarlas dentro del respeto mutuo y sin hostigar a quienes recurrieron a las v\u00edas legales para reclamar el mejoramiento de sus condiciones laborales. Le hago un llamado a las directivas de Avianca para que cesen est\u00e1 injustificada persecuci\u00f3n,\u201d concluy\u00f3 Robledo.<\/p>\n","protected":false},"excerpt":{"rendered":"<p>Oficina de prensa del senador Jorge Enrique Robledo, Bogot\u00e1, febrero 27 de 2018 En laudo arbitral Avianca se comprometi\u00f3 a no perseguir a los pilotos de Acdac; las directivas de la compa\u00f1\u00eda a\u00e9rea deben cesar esta injustificada persecuci\u00f3n. \u201cToda mi solidaridad con los pilotos despedidos de la compa\u00f1\u00eda Avianca\u201d, expres\u00f3 el senador Jorge Enrique Robledo, [&hellip;]<\/p>\n","protected":false},"author":1,"featured_media":14591,"comment_status":"open","ping_status":"open","sticky":false,"template":"","format":"standard","meta":{"advanced_seo_description":"","jetpack_seo_html_title":"","jetpack_seo_noindex":false,"_jetpack_memberships_contains_paid_content":false,"footnotes":""},"categories":[102,97,4,98,109],"tags":[],"class_list":["post-14590","post","type-post","status-publish","format-standard","has-post-thumbnail","hentry","category-economia","category-imperialismo-y-neoliberalismo","category-jorge-enrique-robledo","category-politica","category-sindical"],"jetpack_featured_media_url":"https:\/\/i0.wp.com\/moir.com.co\/web\/wp-content\/uploads\/2018\/02\/pilotosavianca2017.jpg?fit=768%2C407&ssl=1","jetpack-related-posts":[{"id":13343,"url":"https:\/\/moir.com.co\/web\/avianca-debe-atender-las-justas-peticiones-de-los-pilotos-robledo\/","url_meta":{"origin":14590,"position":0},"title":"Avianca debe atender las justas peticiones de los pilotos: Robledo","author":"admin","date":"septiembre 21, 2017","format":false,"excerpt":"Oficina de prensa del senador Jorge Enrique Robledo, Bogot\u00e1, septiembre 20 de 2017 Despu\u00e9s de expresar su solidaridad con las peticiones de los pilotos de Avianca, el senador Jorge Enrique Robledo hizo un llamado a las partes para que busquen el camino que les permita resolver sus diferencias y llegar\u2026","rel":"","context":"En \u00abEconom\u00eda\u00bb","block_context":{"text":"Econom\u00eda","link":"https:\/\/moir.com.co\/web\/category\/temas\/economia\/"},"img":{"alt_text":"","src":"https:\/\/i0.wp.com\/moir.com.co\/web\/wp-content\/uploads\/2017\/09\/pilotosacdac.png?fit=634%2C369&ssl=1&resize=350%2C200","width":350,"height":200,"srcset":"https:\/\/i0.wp.com\/moir.com.co\/web\/wp-content\/uploads\/2017\/09\/pilotosacdac.png?fit=634%2C369&ssl=1&resize=350%2C200 1x, https:\/\/i0.wp.com\/moir.com.co\/web\/wp-content\/uploads\/2017\/09\/pilotosacdac.png?fit=634%2C369&ssl=1&resize=525%2C300 1.5x"},"classes":[]},{"id":14631,"url":"https:\/\/moir.com.co\/web\/video-mi-total-desacuerdo-con-el-despido-de-los-pilotos-de-avianca-robledo\/","url_meta":{"origin":14590,"position":1},"title":"Video: Mi total desacuerdo con el despido de los pilotos de Avianca, Robledo","author":"admin","date":"marzo 3, 2018","format":"video","excerpt":"Mi total desacuerdo con la decisi\u00f3n de Efromovich de despedir los pilotos de Avianca que hicieron uso del derecho a la huelga. No m\u00e1s alcahueteria del gobierno nacional. Bogot\u00e1, marzo 2 de 2018","rel":"","context":"En \u00abEconom\u00eda\u00bb","block_context":{"text":"Econom\u00eda","link":"https:\/\/moir.com.co\/web\/category\/temas\/economia\/"},"img":{"alt_text":"","src":"","width":0,"height":0},"classes":[]},{"id":13387,"url":"https:\/\/moir.com.co\/web\/video-si-al-dialogo-y-no-al-matoneo-en-avianca-robledo\/","url_meta":{"origin":14590,"position":2},"title":"Video: S\u00ed al di\u00e1logo y no al matoneo en Avianca, Robledo","author":"admin","date":"septiembre 26, 2017","format":"video","excerpt":"Intervenci\u00f3n senador Jorge Enrique Robledo, plenaria del Senado, 26 de septiembre de 2017","rel":"","context":"En \u00abEconom\u00eda\u00bb","block_context":{"text":"Econom\u00eda","link":"https:\/\/moir.com.co\/web\/category\/temas\/economia\/"},"img":{"alt_text":"","src":"","width":0,"height":0},"classes":[]},{"id":15923,"url":"https:\/\/moir.com.co\/web\/video-gobierno-debe-proteger-derechos-laborales-de-pilotos-de-avianca-y-acabar-abusos-contra-los-usuarios-representante-jorge-gomez\/","url_meta":{"origin":14590,"position":3},"title":"Video: Gobierno debe proteger derechos laborales de pilotos de Avianca y acabar abusos contra los usuarios, representante Jorge G\u00f3mez","author":"admin","date":"septiembre 13, 2018","format":"video","excerpt":"Intervenci\u00f3n del Representante a la C\u00e1mara Jorge G\u00f3mez en debate contra el poder monop\u00f3lico de Avianca en Colombia. Bogot\u00e1, 12 septiembre de 2018.","rel":"","context":"En \u00abEconom\u00eda\u00bb","block_context":{"text":"Econom\u00eda","link":"https:\/\/moir.com.co\/web\/category\/temas\/economia\/"},"img":{"alt_text":"","src":"","width":0,"height":0},"classes":[]},{"id":13491,"url":"https:\/\/moir.com.co\/web\/robledo-saluda-y-respalda-la-gran-jornada-nacional-de-movilizacion-del-12-de-octubre\/","url_meta":{"origin":14590,"position":4},"title":"Robledo saluda y respalda la gran jornada nacional de movilizaci\u00f3n del 12 de octubre","author":"admin","date":"octubre 12, 2017","format":false,"excerpt":"Oficina de prensa del senador Jorge Enrique Robledo, Bogot\u00e1, octubre 12 de 2017 El senador y candidato presidencial Jorge Enrique Robledo manifest\u00f3 su respaldo a la gran jornada nacional de movilizaci\u00f3n que se realiza este 12 de octubre en todo el pa\u00eds. En la jornada participan campesinos y productores agropecuarios\u2026","rel":"","context":"En \u00abAgro\u00bb","block_context":{"text":"Agro","link":"https:\/\/moir.com.co\/web\/category\/temas\/agro\/"},"img":{"alt_text":"","src":"https:\/\/i0.wp.com\/moir.com.co\/web\/wp-content\/uploads\/2017\/10\/12octmovilizacion.png?fit=517%2C362&ssl=1&resize=350%2C200","width":350,"height":200},"classes":[]},{"id":13415,"url":"https:\/\/moir.com.co\/web\/efromovich-o-los-pilotos-quien-es-el-avion\/","url_meta":{"origin":14590,"position":5},"title":"Efromovich o los pilotos: \u00bfQui\u00e9n es el \u2018avi\u00f3n\u2019?","author":"admin","date":"octubre 2, 2017","format":false,"excerpt":"Andr\u00e9s Pach\u00f3n, Bogot\u00e1, octubre 1 de 2017 \"Ilegales\u201d,\u201dinmorales\u201d,\u201dcriminales\u201d,\u201dinsignificante minor\u00eda\u201d,\u201dlos responsables no tengan duda que van a pagar por lo que est\u00e1n haciendo\u201d. Tales se\u00f1alamientos no hacen parte de un discurso contra los implicados en Odebrecht ni contra el Fiscal Anticorrupci\u00f3n Corrupto y su pandilla. Se trata de los calificativos injuriosos\u2026","rel":"","context":"En \u00abEconom\u00eda\u00bb","block_context":{"text":"Econom\u00eda","link":"https:\/\/moir.com.co\/web\/category\/temas\/economia\/"},"img":{"alt_text":"","src":"https:\/\/i0.wp.com\/moir.com.co\/web\/wp-content\/uploads\/2017\/10\/acdacavianca.jpg?fit=1024%2C512&ssl=1&resize=350%2C200","width":350,"height":200,"srcset":"https:\/\/i0.wp.com\/moir.com.co\/web\/wp-content\/uploads\/2017\/10\/acdacavianca.jpg?fit=1024%2C512&ssl=1&resize=350%2C200 1x, https:\/\/i0.wp.com\/moir.com.co\/web\/wp-content\/uploads\/2017\/10\/acdacavianca.jpg?fit=1024%2C512&ssl=1&resize=525%2C300 1.5x, https:\/\/i0.wp.com\/moir.com.co\/web\/wp-content\/uploads\/2017\/10\/acdacavianca.jpg?fit=1024%2C512&ssl=1&resize=700%2C400 2x"},"classes":[]}],"jetpack_sharing_enabled":true,"_links":{"self":[{"href":"https:\/\/moir.com.co\/web\/wp-json\/wp\/v2\/posts\/14590","targetHints":{"allow":["GET"]}}],"collection":[{"href":"https:\/\/moir.com.co\/web\/wp-json\/wp\/v2\/posts"}],"about":[{"href":"https:\/\/moir.com.co\/web\/wp-json\/wp\/v2\/types\/post"}],"author":[{"embeddable":true,"href":"https:\/\/moir.com.co\/web\/wp-json\/wp\/v2\/users\/1"}],"replies":[{"embeddable":true,"href":"https:\/\/moir.com.co\/web\/wp-json\/wp\/v2\/comments?post=14590"}],"version-history":[{"count":1,"href":"https:\/\/moir.com.co\/web\/wp-json\/wp\/v2\/posts\/14590\/revisions"}],"predecessor-version":[{"id":14592,"href":"https:\/\/moir.com.co\/web\/wp-json\/wp\/v2\/posts\/14590\/revisions\/14592"}],"wp:featuredmedia":[{"embeddable":true,"href":"https:\/\/moir.com.co\/web\/wp-json\/wp\/v2\/media\/14591"}],"wp:attachment":[{"href":"https:\/\/moir.com.co\/web\/wp-json\/wp\/v2\/media?parent=14590"}],"wp:term":[{"taxonomy":"category","embeddable":true,"href":"https:\/\/moir.com.co\/web\/wp-json\/wp\/v2\/categories?post=14590"},{"taxonomy":"post_tag","embeddable":true,"href":"https:\/\/moir.com.co\/web\/wp-json\/wp\/v2\/tags?post=14590"}],"curies":[{"name":"wp","href":"https:\/\/api.w.org\/{rel}","templated":true}]}}