{"id":14576,"date":"2018-02-26T16:03:25","date_gmt":"2018-02-26T16:03:25","guid":{"rendered":"https:\/\/moir.org.co\/web\/?p=14576"},"modified":"2018-02-26T16:03:25","modified_gmt":"2018-02-26T16:03:25","slug":"la-estafa-del-bienvenidos-al-futuro","status":"publish","type":"post","link":"https:\/\/moir.com.co\/web\/la-estafa-del-bienvenidos-al-futuro\/","title":{"rendered":"La estafa del \u00a1Bienvenidos al futuro!"},"content":{"rendered":"<p><strong>Mario Alejandro Valencia, Bogot\u00e1, febrero 26 de 2018<\/strong><\/p>\n<p>El 22 de febrero se cumplieron 28 a\u00f1os de la aprobaci\u00f3n de la Apertura Econ\u00f3mica, con el Conpes 2465 -llamado \u2018Modernizaci\u00f3n de la econom\u00eda\u2019-, que ser\u00eda implementado por el gobierno de C\u00e9sar Gaviria junto a sus ministros Juan Manuel Santos, Ernesto Samper, Rudolf Hommes\u2026y el gringo ah\u00ed.<\/p>\n<p>La primera reuni\u00f3n de Gaviria el d\u00eda de su posesi\u00f3n fue con el vicepresidente de Estados Unidos Dan Quayle, para recibir orientaci\u00f3n sobre la pol\u00edtica econ\u00f3mica de George Bush para Am\u00e9rica Latina.<\/p>\n<p>En los meses anteriores el gobierno de Barco hab\u00eda negociado un gigantesco cr\u00e9dito \u2018Challenger\u2019 por US$1.650 millones. El 7 de agosto de 1990 Gaviria pronunciar\u00eda su famosa frase \u00a1Bienvenidos al futuro! Ya estamos en este y, como era de esperarse, las promesas de gran diversificaci\u00f3n en la oferta exportadora, una industria robusta y un agro desarrollado, no se cumplieron, porque la apertura fue en realidad m\u00e1s el producto de las exigencias de planes de ajuste, que alg\u00fan esfuerzo real de modernizaci\u00f3n.<\/p>\n<p>Las cifras no mienten. Desde 1991 hasta 2017, las importaciones crecieron m\u00e1s que las exportaciones, 9,7% contra 7,8% y por eso las p\u00e9rdidas comerciales acumuladas para el pa\u00eds suman US$8.728 millones. El porcentaje del comercio total del pa\u00eds con relaci\u00f3n al PIB es hoy (26,4%) m\u00e1s bajo que en 1991 (28,2%). M\u00e1s preocupante a\u00fan, las exportaciones tradicionales que en 1991 eran el 49,3% de las totales, hoy son el 61,7%. As\u00ed, las ventas de manufacturas de alta tecnolog\u00eda son el 2% de las totales, \u00a1menos de la mitad que hace una d\u00e9cada! Nada raro entonces que actualmente existen menos empresas exportadoras que cuando se implement\u00f3 el modelo que iba a hacer que export\u00e1ramos m\u00e1s.<\/p>\n<p>En t\u00e9rminos productivos el pa\u00eds est\u00e1 peor que en 1990. Se habl\u00f3 de m\u00e1s industria y agro, pero en estos 28 a\u00f1os la industria pas\u00f3 de ser el 21% del PIB a tan solo el 10,9% en la actualidad. M\u00e1s grave es la situaci\u00f3n del agro, que pesaba el 22,3% y hoy solo representa el 6,3% de la econom\u00eda nacional.<\/p>\n<p>A pesar de las pruebas, nada los hace corregir el rumbo. El exministro Rudolf Hommes coment\u00f3 hace unos a\u00f1os que no hab\u00edamos podido entender \u201cque el beneficio del comercio proviene m\u00e1s de importar que de exportar\u201d. En un\u00a0<a href=\"https:\/\/colaboracion.dnp.gov.co\/CDT\/Estudios%20Econmicos\/280.pdf\" target=\"_blank\" rel=\"noopener\">estudio que \u00e9l elabor\u00f3 en 2005<\/a>, acabando de asesor del gobierno de Uribe V\u00e9lez, plante\u00f3 el futuro de Colombia en los pr\u00f3ximos 20 a\u00f1os. Otro fracaso.<\/p>\n<p>En este se proyect\u00f3 que la participaci\u00f3n de las exportaciones en el PIB ser\u00eda 34,7% pero no pas\u00f3 de 14%. El crecimiento de la industria manufacturera ser\u00eda de 7,37% promedio anual, y en estos 13 a\u00f1os creci\u00f3 solo 2%. El actual modelo deb\u00eda haber logrado una participaci\u00f3n de la industria de 24% del PIB y una menor dependencia de la miner\u00eda. La realidad es que el crecimiento de los \u00faltimos a\u00f1os se soport\u00f3 exclusivamente en el baloto de los recursos naturales y la especulaci\u00f3n financiera, en detrimento de la verdadera creaci\u00f3n de riqueza en la producci\u00f3n mercantil.<\/p>\n<p>\u00bfPor qu\u00e9 fracas\u00f3 el modelo? Porque los supuestos de ajuste fiscal, privatizaci\u00f3n, desregulaci\u00f3n y libre competencia, no funcionan en el mundo real. El profesor de Harvard, Dani Rodrik, lo manifiesta explicando que esas complicaciones se evitar\u00edan \u201csi hubiera evidencia convincente de que, en la pr\u00e1ctica, la liberalizaci\u00f3n comercial sistem\u00e1ticamente produce un mejor desempe\u00f1o econ\u00f3mico\u201d. Sencillamente no existe.<\/p>\n<p>Solo los fundamentalistas del mercado y algunos pseudo acad\u00e9micos defienden seguir con el modelo. Ni siquiera lo hace C\u00e9sar Gaviria, quien en 2006 afirm\u00f3: \u201creconozco mi cuota de culpa de haber cre\u00eddo que esos cambios econ\u00f3micos iban a generar crecimiento sostenido y mejoramiento de los indicadores de la desigualdad y la pobreza\u201d.<\/p>\n<p>Colombia va a completar tres d\u00e9cadas perdidas de desarrollo. La evidencia es tan contundente, que hasta el candidato presidencial del establecimiento prometi\u00f3 ret\u00f3ricamente la revisi\u00f3n de los TLC, principal eslab\u00f3n del modelo econ\u00f3mico sobre el que recae una buena parte de la responsabilidad de los 5.000 ni\u00f1os muertos por desnutrici\u00f3n en La Guajira, departamento controlado pol\u00edticamente por su partido pol\u00edtico.<\/p>\n<p>La soluci\u00f3n es obvia: no son quienes persistieron en el error los que van a cambiar su naturaleza. Son quienes los eligen los que deben propiciar su derrota.<\/p>\n","protected":false},"excerpt":{"rendered":"<p>Mario Alejandro Valencia, Bogot\u00e1, febrero 26 de 2018 El 22 de febrero se cumplieron 28 a\u00f1os de la aprobaci\u00f3n de la Apertura Econ\u00f3mica, con el Conpes 2465 -llamado \u2018Modernizaci\u00f3n de la econom\u00eda\u2019-, que ser\u00eda implementado por el gobierno de C\u00e9sar Gaviria junto a sus ministros Juan Manuel Santos, Ernesto Samper, Rudolf Hommes\u2026y el gringo ah\u00ed. [&hellip;]<\/p>\n","protected":false},"author":1,"featured_media":14577,"comment_status":"open","ping_status":"open","sticky":false,"template":"","format":"standard","meta":{"advanced_seo_description":"","jetpack_seo_html_title":"","jetpack_seo_noindex":false,"_jetpack_memberships_contains_paid_content":false,"footnotes":""},"categories":[102,97,98],"tags":[],"class_list":["post-14576","post","type-post","status-publish","format-standard","has-post-thumbnail","hentry","category-economia","category-imperialismo-y-neoliberalismo","category-politica"],"jetpack_featured_media_url":"https:\/\/i0.wp.com\/moir.com.co\/web\/wp-content\/uploads\/2018\/02\/cesargaviriasantosodebrecht.jpeg?fit=259%2C194&ssl=1","jetpack-related-posts":[{"id":19219,"url":"https:\/\/moir.com.co\/web\/alejandro-gaviria-no-es-como-lo-pintan\/","url_meta":{"origin":14576,"position":0},"title":"Alejandro Gaviria: no es como lo pintan","author":"admin","date":"julio 16, 2021","format":false,"excerpt":"Jos\u00e9 Arlex Arias, Cartagena, julio 12 de 2021 Algunos de los grandes medios de comunicaci\u00f3n se han lanzado en una nueva cruzada de seducci\u00f3n y enga\u00f1o al pueblo colombiano; no es extra\u00f1o, puesto que por ello tienen una gran responsabilidad en la enorme crisis econ\u00f3mica, social y pol\u00edtica en que\u2026","rel":"","context":"En \u00abEconom\u00eda\u00bb","block_context":{"text":"Econom\u00eda","link":"https:\/\/moir.com.co\/web\/category\/temas\/economia\/"},"img":{"alt_text":"","src":"https:\/\/i0.wp.com\/moir.com.co\/web\/wp-content\/uploads\/2021\/07\/Medimas.jpeg?fit=1200%2C680&ssl=1&resize=350%2C200","width":350,"height":200,"srcset":"https:\/\/i0.wp.com\/moir.com.co\/web\/wp-content\/uploads\/2021\/07\/Medimas.jpeg?fit=1200%2C680&ssl=1&resize=350%2C200 1x, https:\/\/i0.wp.com\/moir.com.co\/web\/wp-content\/uploads\/2021\/07\/Medimas.jpeg?fit=1200%2C680&ssl=1&resize=525%2C300 1.5x, https:\/\/i0.wp.com\/moir.com.co\/web\/wp-content\/uploads\/2021\/07\/Medimas.jpeg?fit=1200%2C680&ssl=1&resize=700%2C400 2x, https:\/\/i0.wp.com\/moir.com.co\/web\/wp-content\/uploads\/2021\/07\/Medimas.jpeg?fit=1200%2C680&ssl=1&resize=1050%2C600 3x"},"classes":[]},{"id":9971,"url":"https:\/\/moir.com.co\/web\/buscando-el-ahogado-aguas-arriba\/","url_meta":{"origin":14576,"position":1},"title":"Buscando el ahogado aguas arriba","author":"admin","date":"febrero 25, 2016","format":false,"excerpt":"El min- agricultura Aurelio Iragorri, alborot\u00f3 un avispero, en su entrevista al \u201cTiempo\u201d, al afirmar que los supermercados e intermediarios, eran los responsables de los altos precios de los alimentos. No sobra recordarle al ministro de la cosa agraria, que fruto de la pol\u00edtica implementada durante los \u00faltimos cinco lustros,\u2026","rel":"","context":"En \u00abTemas\u00bb","block_context":{"text":"Temas","link":"https:\/\/moir.com.co\/web\/category\/temas\/"},"img":{"alt_text":"","src":"","width":0,"height":0},"classes":[]},{"id":3761,"url":"https:\/\/moir.com.co\/web\/agro-ingreso-seguro-surrealismo-ministerial\/","url_meta":{"origin":14576,"position":2},"title":"Agro Ingreso Seguro: Surrealismo ministerial","author":"admin","date":"noviembre 15, 2009","format":false,"excerpt":"Los ministros de Agricultura de este gobierno Andr\u00e9s Felipe Arias y Andr\u00e9s Fern\u00e1ndez, han deleitado a los televidentes con una magistral c\u00e1tedra de surrealismo, cinismo y otros ismos. Sus intentos de enga\u00f1ar a los colombianos defendiendo la escandalosa asignaci\u00f3n de recursos p\u00fablicos en el programa Agro Ingreso Seguro -AIS-, empezaron\u2026","rel":"","context":"En \u00abRevista de Prensa\u00bb","block_context":{"text":"Revista de Prensa","link":"https:\/\/moir.com.co\/web\/category\/prensa\/revista-de-prensa\/"},"img":{"alt_text":"","src":"","width":0,"height":0},"classes":[]},{"id":1363,"url":"https:\/\/moir.com.co\/web\/contra-el-tlc-y-la-reeleccion-carlos-gaviria-diaz-presidente-2006-2010\/","url_meta":{"origin":14576,"position":3},"title":"CONTRA EL TLC Y LA REELECCI\u00d3N: CARLOS GAVIRIA D\u00cdAZ, PRESIDENTE 2006-2010","author":"admin","date":"marzo 8, 2006","format":false,"excerpt":"La consulta interna del Polo Democr\u00e1tico Alternativo, realizada el pasado 12 de marzo, escogi\u00f3 al senador Carlos Gaviria D\u00edaz como candidato a la Presidencia de la Rep\u00fablica para el periodo 2006-2010. Nuestra corriente estuvo comprometida a fondo con este trascendental logro democr\u00e1tico y estamos convencidos de que tan refrescante suceso\u2026","rel":"","context":"En \u00abPronunciamientos de Organizaciones Sociales\u00bb","block_context":{"text":"Pronunciamientos de Organizaciones Sociales","link":"https:\/\/moir.com.co\/web\/category\/pronunciamientos-de-organizaciones-sociales\/"},"img":{"alt_text":"","src":"","width":0,"height":0},"classes":[]},{"id":1147,"url":"https:\/\/moir.com.co\/web\/carlos-gaviria-ante-la-union-europea\/","url_meta":{"origin":14576,"position":4},"title":"CARLOS GAVIRIA, ANTE LA UNI\u00d3N EUROPEA","author":"admin","date":"abril 13, 2005","format":false,"excerpt":"Bogot\u00e1, abril 21 de 2005 Con el prop\u00f3sito de exponer ante el Parlamento Europeo y las distintas organizaciones pol\u00edticas la posici\u00f3n de las fuerzas democr\u00e1ticas colombianas en la actual coyuntura, el senador Carlos Gaviria D\u00edaz har\u00e1 una gira por el viejo continente entre el 26 de abril y el 10\u2026","rel":"","context":"En \u00abAlternativa Democr\u00e1tica\u00bb","block_context":{"text":"Alternativa Democr\u00e1tica","link":"https:\/\/moir.com.co\/web\/category\/alternativa-democratica\/"},"img":{"alt_text":"","src":"","width":0,"height":0},"classes":[]},{"id":11730,"url":"https:\/\/moir.com.co\/web\/gobierno-de-santos-hunde-la-nacion-con-sus-politicas-neoliberales\/","url_meta":{"origin":14576,"position":5},"title":"Gobierno de Santos hunde la naci\u00f3n con sus pol\u00edticas neoliberales","author":"admin","date":"febrero 20, 2017","format":false,"excerpt":"Norman Alarc\u00f3n Rodas, Barranquilla, febrero 20 de 2017 Una de las m\u00e1s correctas decisiones del Cuarto Congreso del Polo Democr\u00e1tico Alternativo fue la oposici\u00f3n al gobierno antinacional de Juan Manuel Santos, al tiempo que se respaldaba las negociaciones de La Habana para buscarle una \u201csalida negociada al conflicto armado interno\u201d\u2026","rel":"","context":"En \u00abEconom\u00eda\u00bb","block_context":{"text":"Econom\u00eda","link":"https:\/\/moir.com.co\/web\/category\/temas\/economia\/"},"img":{"alt_text":"","src":"https:\/\/i0.wp.com\/moir.com.co\/web\/wp-content\/uploads\/2016\/12\/PoloDemocraticologo.jpg?fit=630%2C366&ssl=1&resize=350%2C200","width":350,"height":200,"srcset":"https:\/\/i0.wp.com\/moir.com.co\/web\/wp-content\/uploads\/2016\/12\/PoloDemocraticologo.jpg?fit=630%2C366&ssl=1&resize=350%2C200 1x, https:\/\/i0.wp.com\/moir.com.co\/web\/wp-content\/uploads\/2016\/12\/PoloDemocraticologo.jpg?fit=630%2C366&ssl=1&resize=525%2C300 1.5x"},"classes":[]}],"jetpack_sharing_enabled":true,"_links":{"self":[{"href":"https:\/\/moir.com.co\/web\/wp-json\/wp\/v2\/posts\/14576","targetHints":{"allow":["GET"]}}],"collection":[{"href":"https:\/\/moir.com.co\/web\/wp-json\/wp\/v2\/posts"}],"about":[{"href":"https:\/\/moir.com.co\/web\/wp-json\/wp\/v2\/types\/post"}],"author":[{"embeddable":true,"href":"https:\/\/moir.com.co\/web\/wp-json\/wp\/v2\/users\/1"}],"replies":[{"embeddable":true,"href":"https:\/\/moir.com.co\/web\/wp-json\/wp\/v2\/comments?post=14576"}],"version-history":[{"count":1,"href":"https:\/\/moir.com.co\/web\/wp-json\/wp\/v2\/posts\/14576\/revisions"}],"predecessor-version":[{"id":14578,"href":"https:\/\/moir.com.co\/web\/wp-json\/wp\/v2\/posts\/14576\/revisions\/14578"}],"wp:featuredmedia":[{"embeddable":true,"href":"https:\/\/moir.com.co\/web\/wp-json\/wp\/v2\/media\/14577"}],"wp:attachment":[{"href":"https:\/\/moir.com.co\/web\/wp-json\/wp\/v2\/media?parent=14576"}],"wp:term":[{"taxonomy":"category","embeddable":true,"href":"https:\/\/moir.com.co\/web\/wp-json\/wp\/v2\/categories?post=14576"},{"taxonomy":"post_tag","embeddable":true,"href":"https:\/\/moir.com.co\/web\/wp-json\/wp\/v2\/tags?post=14576"}],"curies":[{"name":"wp","href":"https:\/\/api.w.org\/{rel}","templated":true}]}}