{"id":14573,"date":"2018-02-26T15:42:51","date_gmt":"2018-02-26T15:42:51","guid":{"rendered":"https:\/\/moir.org.co\/web\/?p=14573"},"modified":"2018-02-26T15:42:51","modified_gmt":"2018-02-26T15:42:51","slug":"indignacion-ciudadana-por-el-predial-ha-sido-tapada-por-la-campana-politica","status":"publish","type":"post","link":"https:\/\/moir.com.co\/web\/indignacion-ciudadana-por-el-predial-ha-sido-tapada-por-la-campana-politica\/","title":{"rendered":"Indignaci\u00f3n ciudadana por el predial ha sido tapada por la campa\u00f1a pol\u00edtica"},"content":{"rendered":"<p><strong>Aurelio Su\u00e1rez Montoya, Bogot\u00e1, febrero 26 de 2018<\/strong><\/p>\n<p>Hace unas semanas escrib\u00ed acerca de la exacci\u00f3n a los barranquilleros con el cobro del impuesto predial para 2018. Un alza del 47% prevista en el recaudo respecto al a\u00f1o 2017, que ha llevado a que \u2013acorde con su ingreso\u2013 cada ciudadano deba dedicar 20 d\u00edas al a\u00f1o para pagar impuestos distritales.<\/p>\n<p>As\u00ed mismo, en Ibagu\u00e9 se present\u00f3 otra ola de rechazo por un intento alcabalero similar.\u00a0<strong>All\u00ed se proyect\u00f3 una iniciativa que combinaba una mayor tarifa m\u00ednima, del uno por mil al cinco por mil, con la actualizaci\u00f3n catastral y la incorporaci\u00f3n de nuevos predios \u2013pasando de 139 mil en 2010 a 176 mil en 2018<\/strong>\u2013 hasta llegar a un aval\u00fao total de $8,5 billones para la capital del Tolima. Se planeaba pasar de cobrar $57.576 millones de recaudo en 2017 a m\u00e1s de $65 mil millones en 2018, a pesar de que el crecimiento del \u00edndice de valor predial en esta ciudad ha ca\u00eddo de 6,7 en 2015 a 5,4 en 2017. Menos mal, la protesta social pudo m\u00e1s que el atropello.<\/p>\n<p>El punto m\u00e1ximo se est\u00e1 alcanzando en Bogot\u00e1. Desde la administraci\u00f3n de Moreno se inici\u00f3 una espiral alcista desde un recaudo cercano a $1,2 billones en 2009 a m\u00e1s de $2 billones en 2015 con Petro y a $3,1 billones con Pe\u00f1alosa para 2018: un incremento del 200% por ocho a\u00f1os consecutivos al que han contribuido, sin excepci\u00f3n, las respectivas administraciones. Para 2018, se proyecta, por efectos equivalentes en aval\u00faos, la elevaci\u00f3n del tributo en 12,95% al estrato uno; del 16,06% al dos y al 14,67% al tres y tambi\u00e9n entre el 7,14% y el 10,52% para los dem\u00e1s. Sufrir\u00e1 tan gravoso aumento la casi totalidad de los hogares, el 95%, como lo viene denunciando el concejal Manuel Sarmiento.<\/p>\n<p><strong>Un cobro explosivo, desde hace ocho a\u00f1os, que supera tanto el crecimiento del salario m\u00ednimo<\/strong>\u00a0y el de la inflaci\u00f3n (Mateo Hoyos-lasillavacia.com) como el del ingreso por habitante. Mill\u00f3n y medio de familias sufrir\u00e1n otra vez esta nueva arremetida.<\/p>\n<p>Gustavo Petro justific\u00f3 haber duplicado el recaudo del predial en su administraci\u00f3n porque as\u00ed \u201cfinanci\u00f3 el gasto social\u201d y me calific\u00f3 como reaccionario por oponerme a la alcabala indefinida. No obstante, el torrente de ingresos corrientes no se ha dedicado solo a dicha finalidad. Entre 2012 y 2015, \u00e9l lo us\u00f3 en m\u00e1s de $1,2 bill\u00f3n para llenar las arcas de los operadores privados de Transmilenio y del SITP, compensando la diferencia entre la tarifa t\u00e9cnica reconocida y la comercial que pagan los usuarios, cuyos contratos prorrog\u00f3 sin licitaci\u00f3n ni cambios sustanciales y cuya inadecuada implementaci\u00f3n encabez\u00f3. Enrique Pe\u00f1alosa lo ha imitado gustoso, supliendo tambi\u00e9n as\u00ed al oligopolio transportador.<\/p>\n<p><strong>Tambi\u00e9n en Tunja se denuncia que al 25% se les subi\u00f3 el predial desde el 101% hasta el 300%<\/strong>\u00a0y el IGAC argumenta que simplemente traslad\u00f3 un supuesto\u00a0<em>boom<\/em>\u00a0inmobiliario al valor catastral de los m\u00e1s de 80 mil predios tunjanos, que han alcanzado un valor total de $8 billones, equivalentes al doble de 2012, cuando tambi\u00e9n se duplic\u00f3 con iguales sofismas. Por doquier se ha levantado la indignaci\u00f3n ciudadana.<\/p>\n<p>El desborde del cobro del impuesto predial urbano en los municipios, porque el \u00e1rea rural sigue subestimada, est\u00e1 en l\u00ednea con una pol\u00edtica fiscal del Ministerio de Hacienda: ir disminuyendo su dependencia de los recursos nacionales. El mejor ejemplo es Bogot\u00e1: En 2006, solo el 35% de sus ingresos totales eran ingresos corrientes mientras para 2016 ya alcanzaban el 62%.<\/p>\n<p>As\u00ed\u00a0<strong>la ciudadan\u00eda ve disminuido doblemente su ingreso disponible<\/strong>: por un lado, con IVA al 19%, promocionado por Ricardo Bonilla, el ex secretario de Hacienda de Petro, m\u00e1s impuestos crecientes al consumo y a los combustibles, m\u00e1s el cuatro por mil. Y por el otro, con inicuos tributos prediales fijados por encima de todo par\u00e1metro y ligados exclusivamente a procesos comerciales inmobiliarios. En medio del transcurso electoral, por todas partes y en forma casi invisible, millones de hogares impugnan y se movilizan contra tan grave afectaci\u00f3n a sus de por s\u00ed menguadas econom\u00edas familiares.<\/p>\n","protected":false},"excerpt":{"rendered":"<p>Aurelio Su\u00e1rez Montoya, Bogot\u00e1, febrero 26 de 2018 Hace unas semanas escrib\u00ed acerca de la exacci\u00f3n a los barranquilleros con el cobro del impuesto predial para 2018. Un alza del 47% prevista en el recaudo respecto al a\u00f1o 2017, que ha llevado a que \u2013acorde con su ingreso\u2013 cada ciudadano deba dedicar 20 d\u00edas al [&hellip;]<\/p>\n","protected":false},"author":1,"featured_media":14574,"comment_status":"open","ping_status":"open","sticky":false,"template":"","format":"standard","meta":{"advanced_seo_description":"","jetpack_seo_html_title":"","jetpack_seo_noindex":false,"_jetpack_memberships_contains_paid_content":false,"footnotes":""},"categories":[79,102,97,98,111],"tags":[],"class_list":["post-14573","post","type-post","status-publish","format-standard","has-post-thumbnail","hentry","category-aurelio-suarez-montoya","category-economia","category-imperialismo-y-neoliberalismo","category-politica","category-vivienda-y-desarrollo-urbano"],"jetpack_featured_media_url":"https:\/\/i0.wp.com\/moir.com.co\/web\/wp-content\/uploads\/2018\/02\/predial2018.jpeg?fit=310%2C163&ssl=1","jetpack-related-posts":[{"id":14370,"url":"https:\/\/moir.com.co\/web\/la-alcabala-predial-en-barranquilla\/","url_meta":{"origin":14573,"position":0},"title":"La alcabala predial en Barranquilla","author":"admin","date":"enero 31, 2018","format":false,"excerpt":"Aurelio Su\u00e1rez Montoya, Bogot\u00e1, enero 31 de 2018 Gran inconformismo ocasiona el alza del impuesto predial en Barranquilla. No es para menos: mientras que en 2017 el recaudo efectivo por ese concepto fue de $247 mil millones, para 2018 se ha proyectado, seg\u00fan el presupuesto de Hacienda, en $364 mil\u2026","rel":"","context":"En \u00abAurelio Su\u00e1rez Montoya\u00bb","block_context":{"text":"Aurelio Su\u00e1rez Montoya","link":"https:\/\/moir.com.co\/web\/category\/bitacoras\/aurelio-suarez-montoya\/"},"img":{"alt_text":"","src":"https:\/\/i0.wp.com\/moir.com.co\/web\/wp-content\/uploads\/2018\/01\/barranquillaaurelio.jpeg?fit=650%2C466&ssl=1&resize=350%2C200","width":350,"height":200,"srcset":"https:\/\/i0.wp.com\/moir.com.co\/web\/wp-content\/uploads\/2018\/01\/barranquillaaurelio.jpeg?fit=650%2C466&ssl=1&resize=350%2C200 1x, https:\/\/i0.wp.com\/moir.com.co\/web\/wp-content\/uploads\/2018\/01\/barranquillaaurelio.jpeg?fit=650%2C466&ssl=1&resize=525%2C300 1.5x"},"classes":[]},{"id":15797,"url":"https:\/\/moir.com.co\/web\/video-economia-al-dia-con-yina-ramos-una-vision-de-la-economia-colombiana-2018-con-aurelio-suarez-montoya\/","url_meta":{"origin":14573,"position":1},"title":"Video: Econom\u00eda al D\u00eda con Yina Ramos: Una visi\u00f3n de la econom\u00eda colombiana 2018, con Aurelio Su\u00e1rez Montoya","author":"admin","date":"agosto 30, 2018","format":"video","excerpt":"Bogot\u00e1, agosto 27 de 2018","rel":"","context":"En \u00abAgro\u00bb","block_context":{"text":"Agro","link":"https:\/\/moir.com.co\/web\/category\/temas\/agro\/"},"img":{"alt_text":"","src":"","width":0,"height":0},"classes":[]},{"id":6896,"url":"https:\/\/moir.com.co\/web\/progresividad\/","url_meta":{"origin":14573,"position":2},"title":"\u00bfProgresividad?","author":"admin","date":"octubre 5, 2012","format":false,"excerpt":"Como lo prescribi\u00f3 Bogot\u00e1 Humana, el proyecto de \"modernizaci\u00f3n tributaria\" sube por ascensor el impuesto predial a 1,3 millones de residencias. Fue aprobado por el Concejo, con alcabalas totales por $4,5 billones en cuatro a\u00f1os, lo que denomin\u00e9, junto con Clara L\u00f3pez, una avalancha, que viene adem\u00e1s en industria y\u2026","rel":"","context":"En \u00abAurelio Su\u00e1rez Montoya\u00bb","block_context":{"text":"Aurelio Su\u00e1rez Montoya","link":"https:\/\/moir.com.co\/web\/category\/bitacoras\/aurelio-suarez-montoya\/"},"img":{"alt_text":"","src":"","width":0,"height":0},"classes":[]},{"id":14351,"url":"https:\/\/moir.com.co\/web\/video-alarmante-incremento-de-la-desigualdad-economica-en-el-mundo-aurelio-suarez-montoya\/","url_meta":{"origin":14573,"position":3},"title":"Video: Alarmante incremento de la desigualdad econ\u00f3mica en el mundo, Aurelio Su\u00e1rez Montoya","author":"admin","date":"enero 29, 2018","format":"video","excerpt":"Bogot\u00e1, enero 29 de 2018","rel":"","context":"En \u00abAurelio Su\u00e1rez Montoya\u00bb","block_context":{"text":"Aurelio Su\u00e1rez Montoya","link":"https:\/\/moir.com.co\/web\/category\/bitacoras\/aurelio-suarez-montoya\/"},"img":{"alt_text":"","src":"","width":0,"height":0},"classes":[]},{"id":14900,"url":"https:\/\/moir.com.co\/web\/predial-en-barranquilla-hasta-500-mas-alto-que-en-bogota\/","url_meta":{"origin":14573,"position":4},"title":"Predial en Barranquilla hasta 500% m\u00e1s alto que en Bogot\u00e1","author":"admin","date":"abril 13, 2018","format":false,"excerpt":"Norman Alarc\u00f3n Rodas, Barranquilla, abril 13 de 2018 Los cobros del impuesto predial en Barranquilla para el a\u00f1o 2018 han causado indignaci\u00f3n en amplios sectores ciudadanos que han visto unos incrementos por las nubes, cuando la situaci\u00f3n econ\u00f3mica por la que atraviesa la inmensa mayor\u00eda de la poblaci\u00f3n no es\u2026","rel":"","context":"En \u00abEconom\u00eda\u00bb","block_context":{"text":"Econom\u00eda","link":"https:\/\/moir.com.co\/web\/category\/temas\/economia\/"},"img":{"alt_text":"","src":"https:\/\/i0.wp.com\/moir.com.co\/web\/wp-content\/uploads\/2018\/04\/barranquillapredial.jpeg?fit=950%2C475&ssl=1&resize=350%2C200","width":350,"height":200,"srcset":"https:\/\/i0.wp.com\/moir.com.co\/web\/wp-content\/uploads\/2018\/04\/barranquillapredial.jpeg?fit=950%2C475&ssl=1&resize=350%2C200 1x, https:\/\/i0.wp.com\/moir.com.co\/web\/wp-content\/uploads\/2018\/04\/barranquillapredial.jpeg?fit=950%2C475&ssl=1&resize=525%2C300 1.5x, https:\/\/i0.wp.com\/moir.com.co\/web\/wp-content\/uploads\/2018\/04\/barranquillapredial.jpeg?fit=950%2C475&ssl=1&resize=700%2C400 2x"},"classes":[]},{"id":10290,"url":"https:\/\/moir.com.co\/web\/predial-penalosa-ii-la-bolsa-o-la-casa\/","url_meta":{"origin":14573,"position":5},"title":"Predial Pe\u00f1alosa II: \u00a1la bolsa o la casa!","author":"admin","date":"agosto 2, 2016","format":false,"excerpt":"Desde el a\u00f1o 2008 se viene gestando una verdadera exacci\u00f3n sobre los bogotanos con el cobro del impuesto predial, a la cual no han sido ajenos la \u201cBogot\u00e1 Positiva\u201d, de Moreno y Ortega; la \u201cBogot\u00e1 Humana\u201d, de Petro y Bonilla, y mucho menos la \u201cBogot\u00e1 Mejor para Todos\u201d, de Pe\u00f1alosa\u2026","rel":"","context":"En \u00abAurelio Su\u00e1rez Montoya\u00bb","block_context":{"text":"Aurelio Su\u00e1rez Montoya","link":"https:\/\/moir.com.co\/web\/category\/bitacoras\/aurelio-suarez-montoya\/"},"img":{"alt_text":"","src":"","width":0,"height":0},"classes":[]}],"jetpack_sharing_enabled":true,"_links":{"self":[{"href":"https:\/\/moir.com.co\/web\/wp-json\/wp\/v2\/posts\/14573","targetHints":{"allow":["GET"]}}],"collection":[{"href":"https:\/\/moir.com.co\/web\/wp-json\/wp\/v2\/posts"}],"about":[{"href":"https:\/\/moir.com.co\/web\/wp-json\/wp\/v2\/types\/post"}],"author":[{"embeddable":true,"href":"https:\/\/moir.com.co\/web\/wp-json\/wp\/v2\/users\/1"}],"replies":[{"embeddable":true,"href":"https:\/\/moir.com.co\/web\/wp-json\/wp\/v2\/comments?post=14573"}],"version-history":[{"count":1,"href":"https:\/\/moir.com.co\/web\/wp-json\/wp\/v2\/posts\/14573\/revisions"}],"predecessor-version":[{"id":14575,"href":"https:\/\/moir.com.co\/web\/wp-json\/wp\/v2\/posts\/14573\/revisions\/14575"}],"wp:featuredmedia":[{"embeddable":true,"href":"https:\/\/moir.com.co\/web\/wp-json\/wp\/v2\/media\/14574"}],"wp:attachment":[{"href":"https:\/\/moir.com.co\/web\/wp-json\/wp\/v2\/media?parent=14573"}],"wp:term":[{"taxonomy":"category","embeddable":true,"href":"https:\/\/moir.com.co\/web\/wp-json\/wp\/v2\/categories?post=14573"},{"taxonomy":"post_tag","embeddable":true,"href":"https:\/\/moir.com.co\/web\/wp-json\/wp\/v2\/tags?post=14573"}],"curies":[{"name":"wp","href":"https:\/\/api.w.org\/{rel}","templated":true}]}}