{"id":14570,"date":"2018-02-26T15:31:20","date_gmt":"2018-02-26T15:31:20","guid":{"rendered":"https:\/\/moir.org.co\/web\/?p=14570"},"modified":"2018-02-26T15:31:20","modified_gmt":"2018-02-26T15:31:20","slug":"razones-para-votar-por-robledo","status":"publish","type":"post","link":"https:\/\/moir.com.co\/web\/razones-para-votar-por-robledo\/","title":{"rendered":"Razones para votar por Robledo"},"content":{"rendered":"<p><strong>Jos\u00e9 Arlex Arias, Cartagena, febrero 26 de 2018<\/strong><\/p>\n<p>Jorge Enrique Robledo Castillo fue designado en seis ocasiones \u2013consecutivamente los \u00faltimos 5 a\u00f1os\u2013 como el Mejor Senador de Colombia, por los 2.500 l\u00edderes de opini\u00f3n, que incluyen a periodistas y dirigentes gremiales, econ\u00f3micos y sociales, convocados por Cifras y Conceptos. Este hecho es relevante considerando que Robledo es un ilustrado contradictor del modelo neoliberal, defendido por la gran burgues\u00eda a trav\u00e9s de sus dirigentes, por lo cual la distinci\u00f3n no es ning\u00fan regalo. Este solo hecho es suficiente para que los colombianos salgamos a respaldar al senador Robledo inscrito con el #1 en la lista del Polo Democr\u00e1tico Alternativo. Pero si de seguir buscando razones para votar por Robledo se trata, hay una fundamental: Su coherencia. Sus actuaciones est\u00e1n determinadas por lo que expresa: Su lucha contra la corrupci\u00f3n est\u00e1 reflejada en su actitud transparente en todo su accionar. &#8220;\u00a1Ni un peso por el voto!, prefiero quemarme&#8221;, ha dicho con \u00e9nfasis, en el entendido que en la compra del voto est\u00e1 la desgracia del pueblo colombiano; su discurso contra el neoliberalismo es consecuente con sus votos negativos a las leyes expedidas que le recortan derechos a la poblaci\u00f3n; sus denuncias contra el clientelismo quedan reflejadas en ser uno de los pocos senadores que no cuenta con ning\u00fan cargo en el Estado; sus exposiciones contra quienes gobiernan las refleja en no dejarse cooptar, siendo uno de los dirigentes que le queda a la izquierda colombiana, en contrav\u00eda de otros que se dejaron comprar y siguen posando de izquierdistas.<\/p>\n<p>&nbsp;<\/p>\n<p>Una de las frases que m\u00e1s se recuerda del maestro Carlos Gaviria, fue la expresada en sus discursos: &#8220;sin sectarismo, pero sin ambig\u00fcedad&#8221;; esta es otra de las caracter\u00edsticas que m\u00e1s encarna el senador Robledo: la forma como coadyuv\u00f3 a Claudia L\u00f3pez y a Sergio Fajardo a construir la &#8220;Coalici\u00f3n Ciudadana por Colombia&#8221;, es el claro ejemplo de c\u00f3mo Robledo apela a los principios y valores esenciales de la izquierda: defensa de la soberan\u00eda nacional, lucha contra la corrupci\u00f3n, fortalecimiento del aparato productivo nacional, empleo digno, acceso a los derechos fundamentales y servicios p\u00fablicos esenciales, ampliaci\u00f3n de garant\u00edas democr\u00e1ticas, etc., para que sean defendidos por claros dirigentes que no militan en la izquierda, pero a los que les duele el estado de postraci\u00f3n en que viven millones de colombianos. El programa de la Coalici\u00f3n Colombia es digno de ser estudiado por toda la poblaci\u00f3n, en el entendido de que no existe en el actual escenario pol\u00edtico una mejor propuesta que la que los partidos Alianza Verde, Polo Democr\u00e1tico Alternativo y Compromiso Ciudadano les est\u00e1n exponiendo a los colombianos para salir de esta honda crisis.<\/p>\n<p>&nbsp;<\/p>\n<p>Adem\u00e1s de lo anterior, Robledo es un verdadero luchador, que desde hace cerca de 40 a\u00f1os acompa\u00f1a las manifestaciones y protestas pac\u00edficas del pueblo colombiano en busca de mejores condiciones de vida, desde cuando ejerci\u00f3 por 27 a\u00f1os como profesor titular de la Universidad Nacional de Colombia; Robledo tambi\u00e9n fue uno de los gestores de la Unidad Cafetera de Colombia, Salvaci\u00f3n Agropecuaria, las Dignidades Agropecuarias y un sin n\u00famero de organizaciones; ha escrito 15 libros y 1.300 columnas de opini\u00f3n en varios peri\u00f3dicos y realizado m\u00e1s de 150 debates en el Senado. \u00a1Tengo muchas razones para invitar y votar por Robledo!<\/p>\n","protected":false},"excerpt":{"rendered":"<p>Jos\u00e9 Arlex Arias, Cartagena, febrero 26 de 2018 Jorge Enrique Robledo Castillo fue designado en seis ocasiones \u2013consecutivamente los \u00faltimos 5 a\u00f1os\u2013 como el Mejor Senador de Colombia, por los 2.500 l\u00edderes de opini\u00f3n, que incluyen a periodistas y dirigentes gremiales, econ\u00f3micos y sociales, convocados por Cifras y Conceptos. Este hecho es relevante considerando que [&hellip;]<\/p>\n","protected":false},"author":1,"featured_media":14571,"comment_status":"open","ping_status":"open","sticky":false,"template":"","format":"standard","meta":{"advanced_seo_description":"","jetpack_seo_html_title":"","jetpack_seo_noindex":false,"_jetpack_memberships_contains_paid_content":false,"footnotes":""},"categories":[102,97,98],"tags":[],"class_list":["post-14570","post","type-post","status-publish","format-standard","has-post-thumbnail","hentry","category-economia","category-imperialismo-y-neoliberalismo","category-politica"],"jetpack_featured_media_url":"https:\/\/i0.wp.com\/moir.com.co\/web\/wp-content\/uploads\/2018\/02\/robledoafichecampan%CC%83a2018.jpg?fit=397%2C442&ssl=1","jetpack-related-posts":[{"id":4239,"url":"https:\/\/moir.com.co\/web\/retrocedio-el-polo\/","url_meta":{"origin":14570,"position":0},"title":"\u00bfRetrocedi\u00f3 el Polo?","author":"admin","date":"marzo 24, 2010","format":false,"excerpt":"Concluida la campa\u00f1a electoral y conocidos los resultados, muchos de los \u201canalistas de la cosa pol\u00edtica\u201d y algunos compa\u00f1eros del Polo, afirman que el Polo retrocedi\u00f3. Sustentan tal aseveraci\u00f3n en el hecho de que elegimos tres senadores y dos c\u00e1mara menos y que, en general, bajamos la votaci\u00f3n o no\u2026","rel":"","context":"En \u00abOscar Guti\u00e9rrez Reyes\u00bb","block_context":{"text":"Oscar Guti\u00e9rrez Reyes","link":"https:\/\/moir.com.co\/web\/category\/bitacoras\/oscar-gutierrez-reyes\/"},"img":{"alt_text":"","src":"","width":0,"height":0},"classes":[]},{"id":4658,"url":"https:\/\/moir.com.co\/web\/santos-empezo-mal-sus-relaciones-con-la-oposicion-dice-robledo\/","url_meta":{"origin":14570,"position":1},"title":"Santos empez\u00f3 mal sus relaciones con la oposici\u00f3n, dice Robledo","author":"admin","date":"agosto 17, 2010","format":false,"excerpt":"Tanto Alexander L\u00f3pez como Jorge Enrique Robledo coincidieron en repudiar la ratificaci\u00f3n de Felipe Mu\u00f1oz al frente del DAS hecha por el nuevo gobierno, en raz\u00f3n de que el funcionario est\u00e1 enredado a fondo en los escandalosos delitos investigados por la Fiscal\u00eda. \u201c\u00bfEntre los nueve millones de santistas, interrog\u00f3 Robledo,\u2026","rel":"","context":"En \u00abJorge Enrique Robledo\u00bb","block_context":{"text":"Jorge Enrique Robledo","link":"https:\/\/moir.com.co\/web\/category\/jorge-enrique-robledo\/"},"img":{"alt_text":"","src":"","width":0,"height":0},"classes":[]},{"id":14726,"url":"https:\/\/moir.com.co\/web\/video-sobre-el-empadronamiento-de-quienes-votaron-las-consultas-opina-el-senador-robledo\/","url_meta":{"origin":14570,"position":2},"title":"Video: Sobre el empadronamiento de quienes votaron las consultas, opina el senador Robledo","author":"admin","date":"marzo 15, 2018","format":"video","excerpt":"Bogot\u00e1, marzo 14 de 2018","rel":"","context":"En \u00abImperialismo y Neoliberalismo\u00bb","block_context":{"text":"Imperialismo y Neoliberalismo","link":"https:\/\/moir.com.co\/web\/category\/temas\/imperialismo-y-neoliberalismo\/"},"img":{"alt_text":"","src":"","width":0,"height":0},"classes":[]},{"id":3400,"url":"https:\/\/moir.com.co\/web\/carta-abierta-del-senador-robledo-por-un-pais-decente-carlos-gaviria-presidente\/","url_meta":{"origin":14570,"position":3},"title":"Carta abierta del senador Robledo: Por un pa\u00eds decente, Carlos Gaviria Presidente","author":"admin","date":"agosto 17, 2009","format":false,"excerpt":"El candidato del Polo para todos los colombianos El pr\u00f3ximo 27 de septiembre elegiremos el candidato del Polo Democr\u00e1tico Alternativo a la Presidencia de la Rep\u00fablica. Este candidato, que se escoger\u00e1 mediante una consulta popular en la que podr\u00e1n votar polistas y no polistas, encabezar\u00e1 un gran proyecto de unidad\u2026","rel":"","context":"En \u00abJorge Enrique Robledo\u00bb","block_context":{"text":"Jorge Enrique Robledo","link":"https:\/\/moir.com.co\/web\/category\/jorge-enrique-robledo\/"},"img":{"alt_text":"","src":"","width":0,"height":0},"classes":[]},{"id":15677,"url":"https:\/\/moir.com.co\/web\/video-el-senador-robledo-hace-lectura-de-su-articulo-quincenal-contra-los-corruptos-a-votar-7-veces-si-el-26-de-agosto\/","url_meta":{"origin":14570,"position":4},"title":"Video: El senador Robledo hace lectura de su art\u00edculo quincenal: &#8220;Contra los corruptos, a votar 7 veces s\u00ed el 26 de agosto&#8221;","author":"admin","date":"agosto 18, 2018","format":"video","excerpt":"En su art\u00edculo quincenal el senador Jorge Robledo, caracterizado l\u00edder de la lucha anticorrupci\u00f3n, invita a votar 7 veces s\u00ed el pr\u00f3ximo 26 de agosto y as\u00ed darles un duro golpe a los corruptos. Bogot\u00e1, agosto 18 de 2018","rel":"","context":"En \u00abEconom\u00eda\u00bb","block_context":{"text":"Econom\u00eda","link":"https:\/\/moir.com.co\/web\/category\/temas\/economia\/"},"img":{"alt_text":"","src":"","width":0,"height":0},"classes":[]},{"id":16306,"url":"https:\/\/moir.com.co\/web\/video-saludo-del-senador-jorge-enrique-robledo-al-encuentro-nacional-de-dirigentes-cafeteros\/","url_meta":{"origin":14570,"position":5},"title":"Video: Saludo del senador Jorge Enrique Robledo al Encuentro Nacional de Dirigentes Cafeteros","author":"admin","date":"octubre 31, 2018","format":"video","excerpt":"Expreso mi solidaridad a los cafeteros y mi disposici\u00f3n a respaldar siempre sus luchas. Bogot\u00e1, octubre 31 de 2018","rel":"","context":"En \u00abAgro\u00bb","block_context":{"text":"Agro","link":"https:\/\/moir.com.co\/web\/category\/temas\/agro\/"},"img":{"alt_text":"","src":"","width":0,"height":0},"classes":[]}],"jetpack_sharing_enabled":true,"_links":{"self":[{"href":"https:\/\/moir.com.co\/web\/wp-json\/wp\/v2\/posts\/14570","targetHints":{"allow":["GET"]}}],"collection":[{"href":"https:\/\/moir.com.co\/web\/wp-json\/wp\/v2\/posts"}],"about":[{"href":"https:\/\/moir.com.co\/web\/wp-json\/wp\/v2\/types\/post"}],"author":[{"embeddable":true,"href":"https:\/\/moir.com.co\/web\/wp-json\/wp\/v2\/users\/1"}],"replies":[{"embeddable":true,"href":"https:\/\/moir.com.co\/web\/wp-json\/wp\/v2\/comments?post=14570"}],"version-history":[{"count":1,"href":"https:\/\/moir.com.co\/web\/wp-json\/wp\/v2\/posts\/14570\/revisions"}],"predecessor-version":[{"id":14572,"href":"https:\/\/moir.com.co\/web\/wp-json\/wp\/v2\/posts\/14570\/revisions\/14572"}],"wp:featuredmedia":[{"embeddable":true,"href":"https:\/\/moir.com.co\/web\/wp-json\/wp\/v2\/media\/14571"}],"wp:attachment":[{"href":"https:\/\/moir.com.co\/web\/wp-json\/wp\/v2\/media?parent=14570"}],"wp:term":[{"taxonomy":"category","embeddable":true,"href":"https:\/\/moir.com.co\/web\/wp-json\/wp\/v2\/categories?post=14570"},{"taxonomy":"post_tag","embeddable":true,"href":"https:\/\/moir.com.co\/web\/wp-json\/wp\/v2\/tags?post=14570"}],"curies":[{"name":"wp","href":"https:\/\/api.w.org\/{rel}","templated":true}]}}