{"id":14568,"date":"2018-02-26T15:23:49","date_gmt":"2018-02-26T15:23:49","guid":{"rendered":"https:\/\/moir.org.co\/web\/?p=14568"},"modified":"2018-02-26T15:23:49","modified_gmt":"2018-02-26T15:23:49","slug":"una-propuesta-para-el-crecimiento-economico","status":"publish","type":"post","link":"https:\/\/moir.com.co\/web\/una-propuesta-para-el-crecimiento-economico\/","title":{"rendered":"Una propuesta para el crecimiento econ\u00f3mico"},"content":{"rendered":"<p><strong>Libardo G\u00f3mez S\u00e1nchez, Neiva, febrero 26 de 2018<\/strong><\/p>\n<p>La pobreza que deriva de la falta de ingresos, es la principal raz\u00f3n de la mayor\u00eda de los males de cualquier sociedad; cuando no hay con que pagar una buena alimentaci\u00f3n se propicia la desnutrici\u00f3n que conduce a problemas de salud; si no se tiene como costear una adecuada atenci\u00f3n en salud porque el Estado no la garantiza como es su deber, el deterioro del organismo se acelera impidiendo una vida plena; al mismo tiempo si se carece de una educaci\u00f3n de alto nivel los nubarrones de la ignorancia obstruyen los caminos del progreso y el bienestar.<\/p>\n<p>Las campa\u00f1as electorales deber\u00edan centrar sus propuestas en las f\u00f3rmulas para sacar a Colombia del atraso econ\u00f3mico y convertirla en una naci\u00f3n con ingresos per capita similares a los de las naciones desarrolladas; los votantes a su vez, deber\u00edan exigir de los candidatos respuestas a esta inquietud; el estudio detallado y serio de como lo han hecho los pa\u00edses ricos, muestra una serie de pol\u00edticas comunes que explican su desarrollo, por supuesto con algunas particularidades que no descalifican las semejanzas; en un sencillo pero conciso texto: la Industria, \u00a0escrito por el economista Mario Alejandro Valencia, director de Cedetrabajo, se describen las acciones que emprendieron las sociedades de temprano y tard\u00edo crecimiento econ\u00f3mico, lo primero es iniciativa y \u00a0direccionamiento del gobierno jugando un papel fundamental, indiferente de su forma de modelo de sociedad; altos est\u00e1ndares en el sistema educativo; inversiones sostenidas en ciencia y tecnolog\u00eda y especial atenci\u00f3n al factor humano, todos elementos enfocados en generar m\u00e1s riqueza a trav\u00e9s del incremento de la producci\u00f3n, alcanzando la prosperidad.<\/p>\n<p>La industrializaci\u00f3n es elemento notorio en esa perspectiva, para el que los respectivos gobiernos se alinearon con pol\u00edticas de protecci\u00f3n a la producci\u00f3n y al mercado interno; enormes recursos para desarrollar infraestructura; financiaci\u00f3n p\u00fablica en nuevas maquinarias y tecnolog\u00edas; normas para promover la libre competencia y restricciones a los monopolios e inversi\u00f3n en ciencia y tecnolog\u00eda, dirigida a incentivar la innovaci\u00f3n.<\/p>\n<p>A diferencia de quienes pretenden atribuir el desarrollo a factores sicol\u00f3gicos y de emprendimiento, el estudio arriba mencionado detalla las pol\u00edticas necesarias para transformar el atraso en desarrollo, como hicieran pa\u00edses como Corea en los \u00faltimos cincuenta a\u00f1os partiendo de situaciones m\u00e1s precarias que la nuestra; su an\u00e1lisis del caso colombiano ayuda a entender los efectos nefastos de las pol\u00edticas aplicadas por los \u00faltimos gobiernos neoliberales. Si contin\u00faan gobernando los que usan estas pol\u00edticas nada cambiara, todo empeorara.<\/p>\n","protected":false},"excerpt":{"rendered":"<p>Libardo G\u00f3mez S\u00e1nchez, Neiva, febrero 26 de 2018 La pobreza que deriva de la falta de ingresos, es la principal raz\u00f3n de la mayor\u00eda de los males de cualquier sociedad; cuando no hay con que pagar una buena alimentaci\u00f3n se propicia la desnutrici\u00f3n que conduce a problemas de salud; si no se tiene como costear [&hellip;]<\/p>\n","protected":false},"author":1,"featured_media":13877,"comment_status":"open","ping_status":"open","sticky":false,"template":"","format":"standard","meta":{"advanced_seo_description":"","jetpack_seo_html_title":"","jetpack_seo_noindex":false,"_jetpack_memberships_contains_paid_content":false,"footnotes":""},"categories":[102,97,98],"tags":[],"class_list":["post-14568","post","type-post","status-publish","format-standard","has-post-thumbnail","hentry","category-economia","category-imperialismo-y-neoliberalismo","category-politica"],"jetpack_featured_media_url":"https:\/\/i0.wp.com\/moir.com.co\/web\/wp-content\/uploads\/2017\/11\/cienciaencuesta.png?fit=432%2C286&ssl=1","jetpack-related-posts":[{"id":8218,"url":"https:\/\/moir.com.co\/web\/las-propuestas-de-la-oposicion\/","url_meta":{"origin":14568,"position":0},"title":"Las propuestas de la Oposici\u00f3n","author":"admin","date":"febrero 2, 2014","format":false,"excerpt":"Los guarismos electorales del pasado muestran que el grueso de la poblaci\u00f3n a\u00fan no diferencia las consecuencias que para sus vidas representa la aplicaci\u00f3n de la pol\u00edtica neoliberal que agencian quienes gobiernan la naci\u00f3n y no se imagina el pa\u00eds que podr\u00edan tener si se aplicara la propuesta contraria que\u2026","rel":"","context":"En \u00abTemas\u00bb","block_context":{"text":"Temas","link":"https:\/\/moir.com.co\/web\/category\/temas\/"},"img":{"alt_text":"","src":"","width":0,"height":0},"classes":[]},{"id":6483,"url":"https:\/\/moir.com.co\/web\/que-nos-indemnicen\/","url_meta":{"origin":14568,"position":1},"title":"\u00a1Qu\u00e9 nos indemnicen!","author":"admin","date":"abril 25, 2012","format":false,"excerpt":"\u00a1Basta ya de actitudes contemplativas! Los huilenses debemos ponernos de pie para exigir los derechos conculcados por el gobierno nacional. Por d\u00e9cadas, el abandono y el despojo de nuestros derechos ha sido la norma en el trato que los sucesivos gobiernos nacionales nos han deparado. Digamos de paso, que esa\u2026","rel":"","context":"En \u00abTemas\u00bb","block_context":{"text":"Temas","link":"https:\/\/moir.com.co\/web\/category\/temas\/"},"img":{"alt_text":"","src":"","width":0,"height":0},"classes":[]},{"id":4272,"url":"https:\/\/moir.com.co\/web\/carta-publica-a-la-campana-de-antanas-mockus\/","url_meta":{"origin":14568,"position":2},"title":"Carta P\u00fablica a la campa\u00f1a de Antanas Mockus","author":"admin","date":"abril 12, 2010","format":false,"excerpt":"Doctor: ANTANAS MOCKUS SIVICKAS Candidato a la Presidencia de la Rep\u00fablica Doctor: SERGIO FAJARDO VALDERRAMA Candidato a la Vicepresidencia Doctor: LUIS EDUARDO GARZ\u00d3N Pensionado de ECOPETROL \u2013 Ex alcalde de Bogot\u00e1 D.C. Cordial saludo: La UNION SINDICAL OBRERA DE LA INDUSTRIA DEL PETROLEO USO, manifiesta su desacuerdo frente a los\u2026","rel":"","context":"En \u00abPronunciamientos de Organizaciones Sociales\u00bb","block_context":{"text":"Pronunciamientos de Organizaciones Sociales","link":"https:\/\/moir.com.co\/web\/category\/pronunciamientos-de-organizaciones-sociales\/"},"img":{"alt_text":"","src":"","width":0,"height":0},"classes":[]},{"id":9519,"url":"https:\/\/moir.com.co\/web\/nubarrones-en-el-horizonte\/","url_meta":{"origin":14568,"position":3},"title":"Nubarrones en el horizonte","author":"admin","date":"julio 16, 2015","format":false,"excerpt":"Es absolutamente parad\u00f3jico ver como se canalizan los recursos de nuestro pa\u00eds. La abrumadora ca\u00edda del valor de petr\u00f3leo, una de las principales entradas de divisas, una devaluaci\u00f3n que pasa del 50% en los \u00faltimos 11 meses y la ca\u00edda de nuestras exportaciones, han generado una disminuci\u00f3n notable de los\u2026","rel":"","context":"En \u00abPronunciamientos de Organizaciones Sociales\u00bb","block_context":{"text":"Pronunciamientos de Organizaciones Sociales","link":"https:\/\/moir.com.co\/web\/category\/pronunciamientos-de-organizaciones-sociales\/"},"img":{"alt_text":"","src":"","width":0,"height":0},"classes":[]},{"id":7090,"url":"https:\/\/moir.com.co\/web\/estudio-de-la-contraloria-confirma-el-caracter-regresivo-de-la-reforma-tributaria\/","url_meta":{"origin":14568,"position":4},"title":"Estudio de la Contralor\u00eda confirma el car\u00e1cter regresivo de la reforma tributaria","author":"admin","date":"diciembre 13, 2012","format":false,"excerpt":"La Contralor\u00eda llama a que se aplace la decisi\u00f3n. Reforma disminuir\u00e1 impuestos a magnates y los aumentar\u00e1 a capas medias y pobres. S\u00ed amenaza los recursos del Sena, Bienestar y salud. Santos les sigue mintiendo a los colombianos. En respuesta a una solicitud del senador Jorge Enrique Robledo, la Contralor\u00eda\u2026","rel":"","context":"En \u00abJorge Enrique Robledo\u00bb","block_context":{"text":"Jorge Enrique Robledo","link":"https:\/\/moir.com.co\/web\/category\/jorge-enrique-robledo\/"},"img":{"alt_text":"","src":"","width":0,"height":0},"classes":[]},{"id":19194,"url":"https:\/\/moir.com.co\/web\/en-modo-alerta\/","url_meta":{"origin":14568,"position":5},"title":"\u00a1En modo alerta!","author":"admin","date":"junio 23, 2021","format":false,"excerpt":"Jos\u00e9 Arlex Arias, Cartagena, junio 21 de 2021 Acierta el Comit\u00e9 Nacional del Paro \u2013CNP\u2013 en haberse retirado de la Mesa de \u201cConversaciones\u201d con el Gobierno Nacional, puesto que mientras este tiene por objetivo cerrar una negociaci\u00f3n, la t\u00e1ctica del Gobierno consiste en \u201cganar tiempo\u201d para \u201caplastar el paro\u201d. El\u2026","rel":"","context":"En \u00abAgro\u00bb","block_context":{"text":"Agro","link":"https:\/\/moir.com.co\/web\/category\/temas\/agro\/"},"img":{"alt_text":"","src":"https:\/\/i0.wp.com\/moir.com.co\/web\/wp-content\/uploads\/2021\/06\/ComiteNacionalParo.jpg?fit=770%2C450&ssl=1&resize=350%2C200","width":350,"height":200,"srcset":"https:\/\/i0.wp.com\/moir.com.co\/web\/wp-content\/uploads\/2021\/06\/ComiteNacionalParo.jpg?fit=770%2C450&ssl=1&resize=350%2C200 1x, https:\/\/i0.wp.com\/moir.com.co\/web\/wp-content\/uploads\/2021\/06\/ComiteNacionalParo.jpg?fit=770%2C450&ssl=1&resize=525%2C300 1.5x, https:\/\/i0.wp.com\/moir.com.co\/web\/wp-content\/uploads\/2021\/06\/ComiteNacionalParo.jpg?fit=770%2C450&ssl=1&resize=700%2C400 2x"},"classes":[]}],"jetpack_sharing_enabled":true,"_links":{"self":[{"href":"https:\/\/moir.com.co\/web\/wp-json\/wp\/v2\/posts\/14568","targetHints":{"allow":["GET"]}}],"collection":[{"href":"https:\/\/moir.com.co\/web\/wp-json\/wp\/v2\/posts"}],"about":[{"href":"https:\/\/moir.com.co\/web\/wp-json\/wp\/v2\/types\/post"}],"author":[{"embeddable":true,"href":"https:\/\/moir.com.co\/web\/wp-json\/wp\/v2\/users\/1"}],"replies":[{"embeddable":true,"href":"https:\/\/moir.com.co\/web\/wp-json\/wp\/v2\/comments?post=14568"}],"version-history":[{"count":1,"href":"https:\/\/moir.com.co\/web\/wp-json\/wp\/v2\/posts\/14568\/revisions"}],"predecessor-version":[{"id":14569,"href":"https:\/\/moir.com.co\/web\/wp-json\/wp\/v2\/posts\/14568\/revisions\/14569"}],"wp:featuredmedia":[{"embeddable":true,"href":"https:\/\/moir.com.co\/web\/wp-json\/wp\/v2\/media\/13877"}],"wp:attachment":[{"href":"https:\/\/moir.com.co\/web\/wp-json\/wp\/v2\/media?parent=14568"}],"wp:term":[{"taxonomy":"category","embeddable":true,"href":"https:\/\/moir.com.co\/web\/wp-json\/wp\/v2\/categories?post=14568"},{"taxonomy":"post_tag","embeddable":true,"href":"https:\/\/moir.com.co\/web\/wp-json\/wp\/v2\/tags?post=14568"}],"curies":[{"name":"wp","href":"https:\/\/api.w.org\/{rel}","templated":true}]}}