{"id":14556,"date":"2018-02-23T17:00:50","date_gmt":"2018-02-23T17:00:50","guid":{"rendered":"https:\/\/moir.org.co\/web\/?p=14556"},"modified":"2018-02-23T17:00:50","modified_gmt":"2018-02-23T17:00:50","slug":"video-por-que-los-pensionados-deben-votar-por-robledo","status":"publish","type":"post","link":"https:\/\/moir.com.co\/web\/video-por-que-los-pensionados-deben-votar-por-robledo\/","title":{"rendered":"Video: Por qu\u00e9 los pensionados deben votar por Robledo"},"content":{"rendered":"<p>Bogot\u00e1, febrero 22 de 2018<\/p>\n","protected":false},"excerpt":{"rendered":"<p>Bogot\u00e1, febrero 22 de 2018<\/p>\n","protected":false},"author":1,"featured_media":0,"comment_status":"open","ping_status":"open","sticky":false,"template":"","format":"video","meta":{"advanced_seo_description":"","jetpack_seo_html_title":"","jetpack_seo_noindex":false,"_jetpack_memberships_contains_paid_content":false,"footnotes":""},"categories":[102,97,4,98,96,109],"tags":[],"class_list":["post-14556","post","type-post","status-publish","format-video","hentry","category-economia","category-imperialismo-y-neoliberalismo","category-jorge-enrique-robledo","category-politica","category-salud-y-pensiones","category-sindical","post_format-post-format-video"],"jetpack_featured_media_url":"","jetpack-related-posts":[{"id":9237,"url":"https:\/\/moir.com.co\/web\/la-ocde-vs-el-derecho-a-la-pension-en-colombia\/","url_meta":{"origin":14556,"position":0},"title":"La OCDE vs el derecho a la pensi\u00f3n en Colombia","author":"admin","date":"marzo 24, 2015","format":false,"excerpt":"M\u00faltiples organizaciones de pensionados participar\u00e1n en la Audiencia P\u00fablica citada por el senador Jorge Enrique Robledo el mi\u00e9rcoles 25 de marzo. Pensionados rechazan imposiciones de la OCDE como mesadas por debajo del salario m\u00ednimo, equiparar edad de jubilaci\u00f3n de las mujeres con los hombres e impuestos a las pensiones. El\u2026","rel":"","context":"En \u00abJorge Enrique Robledo\u00bb","block_context":{"text":"Jorge Enrique Robledo","link":"https:\/\/moir.com.co\/web\/category\/jorge-enrique-robledo\/"},"img":{"alt_text":"","src":"","width":0,"height":0},"classes":[]},{"id":6503,"url":"https:\/\/moir.com.co\/web\/senador-robledo-se-opone-a-aumento-en-la-edad-de-jubilacion\/","url_meta":{"origin":14556,"position":1},"title":"Senador Robledo se opone a aumento en la edad de jubilaci\u00f3n","author":"admin","date":"mayo 2, 2012","format":false,"excerpt":"Propuestas de los Fondos Privados lesiona los intereses de los trabajadores. Se debe fortalecer el r\u00e9gimen de prima media. En el Quinto Congreso de Asofondos los Fondos Privados de Pensiones propusieron una \u201creforma estructural al sistema pensional\u201d que aumente las edades de jubilaci\u00f3n, reduzca el monto de las mesadas pensionales\u2026","rel":"","context":"En \u00abJorge Enrique Robledo\u00bb","block_context":{"text":"Jorge Enrique Robledo","link":"https:\/\/moir.com.co\/web\/category\/jorge-enrique-robledo\/"},"img":{"alt_text":"","src":"","width":0,"height":0},"classes":[]},{"id":9247,"url":"https:\/\/moir.com.co\/web\/pensionados-rechazan-imposiciones-de-la-ocde\/","url_meta":{"origin":14556,"position":2},"title":"Pensionados rechazan imposiciones de la OCDE","author":"admin","date":"marzo 26, 2015","format":false,"excerpt":"Mesadas por debajo del m\u00ednimo e igualdad en edad de pensi\u00f3n para hombres y mujeres fueron rechazadas por organizaciones de pensionados. Fondos privados hacen negocio con el derecho a la pensi\u00f3n de millones de colombianos. Pensionados deben unirse para enfrentar inminente reforma que pretende minar sus derechos. Con la asistencia\u2026","rel":"","context":"En \u00abJorge Enrique Robledo\u00bb","block_context":{"text":"Jorge Enrique Robledo","link":"https:\/\/moir.com.co\/web\/category\/jorge-enrique-robledo\/"},"img":{"alt_text":"","src":"","width":0,"height":0},"classes":[]},{"id":7248,"url":"https:\/\/moir.com.co\/web\/la-reforma-pensional-sacrifica-a-mas-de-un-millon-de-familias-colombianas-senador-robledo\/","url_meta":{"origin":14556,"position":3},"title":"La reforma pensional sacrifica a m\u00e1s de un mill\u00f3n de familias colombianas: senador Robledo","author":"admin","date":"febrero 13, 2013","format":false,"excerpt":"Otro ataque a los trabajadores formales y a la clase media. Por el mismo camino de la reforma tributaria. Los que pueden pensionarse no son delincuentes. Unos cuantos magnates en la cama y los dem\u00e1s en el suelo. \u201cLa reforma pensional del gobierno de Juan Manuel Santos busca arrebatarles gran\u2026","rel":"","context":"En \u00abJorge Enrique Robledo\u00bb","block_context":{"text":"Jorge Enrique Robledo","link":"https:\/\/moir.com.co\/web\/category\/jorge-enrique-robledo\/"},"img":{"alt_text":"","src":"","width":0,"height":0},"classes":[]},{"id":9411,"url":"https:\/\/moir.com.co\/web\/carta-del-senador-robledo-al-presidente-santos-la-presidencia-de-la-republica-no-ha-dado-respuestas-a-los-reclamos-de-los-pensionados-colombianos\/","url_meta":{"origin":14556,"position":4},"title":"Carta del senador Robledo al Presidente Santos: La Presidencia de la Rep\u00fablica no ha dado respuestas a los reclamos de los pensionados colombianos","author":"admin","date":"mayo 25, 2015","format":false,"excerpt":"Doctor JUAN MANUEL SANTOS Presidente de la Rep\u00fablica de Colombia Ref.: La Presidencia de la Rep\u00fablica no ha dado respuestas a los reclamos de los pensionados colombianos. Atento saludo: Por solicitud de las dos confederaciones de pensionados y m\u00e1s de un centenar de organizaciones de jubilados, asociaciones independientes y comit\u00e9s\u2026","rel":"","context":"En \u00abJorge Enrique Robledo\u00bb","block_context":{"text":"Jorge Enrique Robledo","link":"https:\/\/moir.com.co\/web\/category\/jorge-enrique-robledo\/"},"img":{"alt_text":"","src":"","width":0,"height":0},"classes":[]},{"id":9463,"url":"https:\/\/moir.com.co\/web\/pensionados-protestaran-por-promesas-incumplidas-de-santos\/","url_meta":{"origin":14556,"position":5},"title":"Pensionados protestar\u00e1n por promesas incumplidas de Santos","author":"admin","date":"junio 17, 2015","format":false,"excerpt":"Los jubilados se movilizar\u00e1n para defender el derecho a la pensi\u00f3n y exigirle al presidente Santos que cumpla con sus promesas de campa\u00f1a hasta la fecha incumplidas. Tras la audiencia p\u00fablica \u201cLa OCDE Vs. El Derecho a la Pensi\u00f3n en Colombia\u201d, las confederaciones de pensionados y decenas de organizaciones asociadas\u2026","rel":"","context":"En \u00abJorge Enrique Robledo\u00bb","block_context":{"text":"Jorge Enrique Robledo","link":"https:\/\/moir.com.co\/web\/category\/jorge-enrique-robledo\/"},"img":{"alt_text":"","src":"","width":0,"height":0},"classes":[]}],"jetpack_sharing_enabled":true,"_links":{"self":[{"href":"https:\/\/moir.com.co\/web\/wp-json\/wp\/v2\/posts\/14556","targetHints":{"allow":["GET"]}}],"collection":[{"href":"https:\/\/moir.com.co\/web\/wp-json\/wp\/v2\/posts"}],"about":[{"href":"https:\/\/moir.com.co\/web\/wp-json\/wp\/v2\/types\/post"}],"author":[{"embeddable":true,"href":"https:\/\/moir.com.co\/web\/wp-json\/wp\/v2\/users\/1"}],"replies":[{"embeddable":true,"href":"https:\/\/moir.com.co\/web\/wp-json\/wp\/v2\/comments?post=14556"}],"version-history":[{"count":1,"href":"https:\/\/moir.com.co\/web\/wp-json\/wp\/v2\/posts\/14556\/revisions"}],"predecessor-version":[{"id":14557,"href":"https:\/\/moir.com.co\/web\/wp-json\/wp\/v2\/posts\/14556\/revisions\/14557"}],"wp:attachment":[{"href":"https:\/\/moir.com.co\/web\/wp-json\/wp\/v2\/media?parent=14556"}],"wp:term":[{"taxonomy":"category","embeddable":true,"href":"https:\/\/moir.com.co\/web\/wp-json\/wp\/v2\/categories?post=14556"},{"taxonomy":"post_tag","embeddable":true,"href":"https:\/\/moir.com.co\/web\/wp-json\/wp\/v2\/tags?post=14556"}],"curies":[{"name":"wp","href":"https:\/\/api.w.org\/{rel}","templated":true}]}}