{"id":14549,"date":"2018-02-23T16:44:36","date_gmt":"2018-02-23T16:44:36","guid":{"rendered":"https:\/\/moir.org.co\/web\/?p=14549"},"modified":"2018-02-23T16:44:36","modified_gmt":"2018-02-23T16:44:36","slug":"en-la-camara-defenderia-lo-mismo-que-en-he-defendido-en-la-asamblea-entrevista-a-jorge-gomez","status":"publish","type":"post","link":"https:\/\/moir.com.co\/web\/en-la-camara-defenderia-lo-mismo-que-en-he-defendido-en-la-asamblea-entrevista-a-jorge-gomez\/","title":{"rendered":"\u201cEn la C\u00e1mara defender\u00eda lo mismo que en he defendido en la Asamblea\u201d Entrevista a Jorge G\u00f3mez"},"content":{"rendered":"<p><strong>Entrevista de alponiente.com al candidato a la C\u00e1mara por Antioquia Jorge G\u00f3mez, Polo 101, Medell\u00edn, febrero 22 de 2018<\/strong><\/p>\n<p>Desde Al Poniente conversamos con el Exdiputado y hoy aspirante a la C\u00e1mara de Representantes,\u00a0<a href=\"https:\/\/alponiente.com\/jorge-gomez-gallego-polo-democratico-101\/\">Jorge G\u00f3mez<\/a>, en el marco de nuestro proyecto para las elecciones al congreso: La<a href=\"https:\/\/alponiente.com\/nuestro-nuevo-proyecto-la-politipedia\/\">POLITIPEDIA.<\/a><\/p>\n<h4><b>\u00bfCu\u00e1l es su expectativa con la Coalici\u00f3n Colombia en Antioquia? \u00a0<\/b><\/h4>\n<p>&nbsp;<\/p>\n<p>Yo creo que con la Coalici\u00f3n Colombia las fuerzas alternativas dar\u00e1n un gran salto en el departamento. Yo tengo la certeza de que, sin calcular el efecto Fajardo y lo que puede impulsar, nosotros vamos para dos representantes y Alianza Verde para uno. Esto sin contar que Fajardo pueda impulsar otro del Polo y otro de Alianza Verde. Eso nos permitir\u00e1, adem\u00e1s, estar en unas condiciones \u00f3ptimas para que en Antioquia ganemos en primera vuelta con Fajardo. En los sondeos que hemos hecho dan a Fajardo con una intenci\u00f3n de voto del 40%. Yo creo que el salto va a ser muy grande en Antioquia con esta Coalici\u00f3n que hemos podido consolidar.<\/p>\n<h4><b>\u00bfCu\u00e1les son las tres principales banderas que Jorge G\u00f3mez defender\u00eda en la C\u00e1mara si llegara a ganar? \u00a0<\/b><\/h4>\n<p>&nbsp;<\/p>\n<p>Yo en la C\u00e1mara har\u00eda lo mismo que he venido defendiendo en la Asamblea Departamental, en este sentido, mis tres principales banderas son:<\/p>\n<ol>\n<li><b>El desarrollo y la consolidaci\u00f3n de un nuevo modelo minero<\/b>. Que sea respetuoso con el medio ambiente y que a su vez garantice la formalizaci\u00f3n de los peque\u00f1os y medianos mineros. En Colombia, existe un c\u00f3digo de minas que solo reconoce a la gran minera multinacional y la miner\u00eda de subsistencia, esta \u00faltima, mediante decretos y resoluciones del Gobierno ha venido reduci\u00e9ndose a la m\u00ednima expresi\u00f3n. La gente no sabe esto\u2026los barequeros en Colombia son legales siempre y cuando ejerzan su profesi\u00f3n en el municipio donde viven, no pueden ser trashumantes, no pueden cruzar las fronteras entre municipios porque ya se vuelven ilegales. Y son ilegales cuando venden m\u00e1s de 35 gramos de oro al mes. El c\u00f3digo minero desconoce una gran cantidad de formas mineras diferentes a la gran miner\u00eda multinacional y a la de subsistencia. Hemos llegado a la gran paradoja de que a la gran miner\u00eda multinacional nadie la controla, como tiene musculo financiero y capacidad para hacer estudios de impacto ambiental, no hay quien vigile ni la cantidad de minerales que extrae, ni la calidad de trato que le da al medio ambiente, sin embargo, al minero nacional no se le legaliza, ni se le formaliza, entonces no hay como controlarlos. Estamos proponiendo un nuevo modelo minero que proscriba la miner\u00eda donde se tenga gran impacto en materia ambiental y en zonas de vocaci\u00f3n agr\u00edcola respetando la ancestralidad en los municipios que se tenga.<\/li>\n<li><b>Luchar porque la educaci\u00f3n y la salud sean derechos y no sean mercanc\u00edas.<\/b>\u00a0Es una bandera del Polo y que se traduce en dos aspectos fundamentales: Que las transferencias que el Gobierno Nacional le entrega a los entes territoriales para salud y educaci\u00f3n no corresponda a un porcentaje de los ingresos corrientes de la naci\u00f3n, como es hoy, sino que corresponda al costo de la canasta educativa o de salud, es decir, a los costos que se requiere para atender esas necesidades de los seres humanos. Que se elimine la intervenci\u00f3n financiera y se establezca un modelo de salud fundada en el subsidio a la oferta y no a la demanda. Los tama\u00f1os de las redes de salud los determinan los perfiles epidemiol\u00f3gicos.<\/li>\n<\/ol>\n<p>3.\u00a0<b>Protecci\u00f3n a la industria y al agro<\/b>. Colombia podr\u00eda ser un pa\u00eds de un gran nivel, podr\u00eda ser autosuficiente en la producci\u00f3n de comidas, sin embargo, estamos importando 13.000.000 de toneladas de comida y casi que la mitad de la ropa que estamos usando. \u00a0Yo no digo que hay que producir celulares, cosas de esas, eso puede ser m\u00e1s adelante, pero Ma\u00edz, frijol, ropa, \u00bfPor qu\u00e9 lo tenemos que importar? La protecci\u00f3n al agro y a la industria se vuelve un factor desencad\u00e9nate de varios aspectos. Si usted tiene un aparato s\u00f3lido, eso demanda encadenamiento industrial, que los insumos se produzcan en el pa\u00eds, adem\u00e1s de ciencia y tecnolog\u00eda aplicada.<\/p>\n<p><img data-recalc-dims=\"1\" fetchpriority=\"high\" decoding=\"async\" class=\"alignnone wp-image-22672\" src=\"https:\/\/i0.wp.com\/alponiente.com\/wp-content\/uploads\/2018\/02\/entrevista-jporge-300x225.jpg?resize=460%2C345&#038;ssl=1\" sizes=\"(max-width: 460px) 100vw, 460px\" srcset=\"https:\/\/alponiente.com\/wp-content\/uploads\/2018\/02\/entrevista-jporge-300x225.jpg 300w, https:\/\/alponiente.com\/wp-content\/uploads\/2018\/02\/entrevista-jporge-768x576.jpg 768w, https:\/\/alponiente.com\/wp-content\/uploads\/2018\/02\/entrevista-jporge-1024x768.jpg 1024w, https:\/\/alponiente.com\/wp-content\/uploads\/2018\/02\/entrevista-jporge-74x55.jpg 74w, https:\/\/alponiente.com\/wp-content\/uploads\/2018\/02\/entrevista-jporge-111x83.jpg 111w, https:\/\/alponiente.com\/wp-content\/uploads\/2018\/02\/entrevista-jporge-215x161.jpg 215w, https:\/\/alponiente.com\/wp-content\/uploads\/2018\/02\/entrevista-jporge-990x743.jpg 990w, https:\/\/alponiente.com\/wp-content\/uploads\/2018\/02\/entrevista-jporge.jpg 1040w\" alt=\"\" width=\"460\" height=\"345\" \/><\/p>\n<h4><b>Jorge Robledo y Claudia L\u00f3pez han sido referentes de la lucha contra la corrupci\u00f3n haciendo investigaciones, denuncias y debates de control pol\u00edtico, por eso una de las principales banderas de la Coalici\u00f3n Colombia es la lucha contra la corrupci\u00f3n. \u00bfQu\u00e9 m\u00e9ritos tiene Fajardo para hablar contra \u00e9sta?<\/b><\/h4>\n<p>&nbsp;<\/p>\n<p>Yo soy testigo de primera mano de que el Gobierno de Fajardo pudo cometer todos los errores habidos y por haber, \u00a0pero el \u00fanico que no cometi\u00f3 fue meter la mano en la contrataci\u00f3n oficial para enriquecer a funcionarios ni a \u00e9l mismo, tampoco para hacer clientelismo ni politiquer\u00eda. En la Asamblea no hubo ni una votaci\u00f3n que haya sido mediada por la oferta de puestos o contratos para los diputados, de eso doy fe y pueden dar fe los rivales de Fajardo.<\/p>\n<p>Si algo habla bien de la lucha contra la corrupci\u00f3n de Fajardo, es que perdi\u00f3 las elecciones pasadas en Antioquia. Su candidato a la Gobernaci\u00f3n no logr\u00f3 los votos, en gran medida, porque \u00e9l (Fajardo) no puso el aparato de la Gobernaci\u00f3n a conseguir votos para Federico Restrepo y eso habla bien de Fajardo; demostrando que en un Gobierno de Sergio podemos garantizar que en Colombia, el que gobierna mal no gane las elecciones. \u00c9l no media puestos, contratos o prebendas para su propio beneficio.<\/p>\n<h4><b>\u00bfQu\u00e9 opina de que varios militantes del Verde y el Polo est\u00e9n invitando a votar por Gustavo Petro y que muchos hasta se hallan ido a su campa\u00f1a?<\/b><\/h4>\n<p>&nbsp;<\/p>\n<p>Para el militante de base es un asunto y para el dirigente es otro. Hay un crecimiento del sentimiento \u201cpetrista\u201d que toca no solo al polo, no solo al verde, sino a otros sectores de la sociedad y eso se explica porque quienes mal gobiernan a Colombia le han echado fuego a la candela y han permito que crezca tanto la candidatura de Fajardo como la de Petro, es evidente que en las \u00faltimas encuestas los que encabezan son ellos dos, esa es una situaci\u00f3n que habla de que los mismos con las mismas est\u00e1n en dificultades.<\/p>\n<p>Nosotros hacemos en an\u00e1lisis, y tenemos la percepci\u00f3n de que los que siendo polistas o verdes est\u00e1n apoyando la consulta de Petro no est\u00e1n teniendo en cuenta el factor de segunda vuelta. Uno empieza a mirar a los columnistas afines a Cambio Radical y parecen sentirse muy conformes con que Petro sea su rival en segunda vuelta, porque Petro es un rival m\u00e1s f\u00e1cil de derrotar por las resistencias que crea. En Colombia, hay cuatro aspirantes que ganan en la pregunta de por qui\u00e9n jam\u00e1s votar\u00eda: Timochenko, Piedad C\u00f3rdoba, Alejandro Ordo\u00f1ez y Gustavo Petro, si alguno de esos cuatro candidatos pasa a segunda vuelta, es seguramente derrotado por el otro que pase a segunda vuelta.<\/p>\n<p>En Antioquia no tenemos ese fen\u00f3meno, eso pasa m\u00e1s en Bogot\u00e1 y en la Costa. En Antioquia es muy aislado el caso de personas que siendo del Polo van a apoyar a Petro; pero no hay ning\u00fan dirigente reconocido; son activistas de base que obviamente tienen opiniones diversas. Esas actuaciones son inaceptables para los dirigentes o personas que tienen representaci\u00f3n pol\u00edtica a nombre del partido.<\/p>\n<h4><b>\u00bfLe gustar\u00eda llegar a ser candidato a la Gobernaci\u00f3n de Antioquia?<\/b><\/h4>\n<p>&nbsp;<\/p>\n<p>Trat\u00e9 de ser candidato. Yo lo hab\u00eda propuesto la vez pasada, pero al final eso no cuaj\u00f3, porque las circunstancias pol\u00edticas no se dieron. Y s\u00ed, alg\u00fan d\u00eda me gustar\u00eda gobernar el departamento de Antioquia. Yo creo que tengo el departamento en la cabeza, que soy capaz de afrontar retos dif\u00edciles y \u00a0de ser capaz de \u201cfrentiar\u201d al Gobierno Nacional para que atienda las responsabilidades que nunca ha atendido y que son obligaciones de ellos, como el tema de salud, educaci\u00f3n, saneamiento b\u00e1sico y v\u00edas. Hay una serie de cosas que son incre\u00edbles que no atienda el Gobierno Nacional, traslad\u00e1ndole las competencias a los entes territoriales, pero no le asigna los recursos para cumplirlas.<\/p>\n<h4><b>Si usted no fuera candidato a la C\u00e1mara, \u00bfPor qui\u00e9n votar\u00eda?<\/b><\/h4>\n<p>&nbsp;<\/p>\n<p>Yo votar\u00eda por Gabriel Gaviria. Un luchador del sector agropecuario. Un hombre abnegado, compa\u00f1ero m\u00edo de 40 a\u00f1os de luchas, hoy est\u00e1 haciendo un muy buen trabajo y va a poner una muy buena votaci\u00f3n con el criterio de ayudar a arrastrar la lista. Personas de esas calidades merecer\u00edan mi apoyo.<\/p>\n<h4><b>Si Robledo no fuera candidato al Senado, \u00bfA qui\u00e9n apoyar\u00eda?<\/b><\/h4>\n<p>&nbsp;<\/p>\n<p>Muy probablemente votar\u00eda por otra persona que conozco y con la que he trabajado mucho tiempo conjunto con \u00e9l que es Le\u00f3nidas G\u00f3mez de Santander. \u00c9l es mi amigo hace mucho tiempo, nos une no solo una gran amistad, sino lazos de lucha conjunta.<\/p>\n","protected":false},"excerpt":{"rendered":"<p>Entrevista de alponiente.com al candidato a la C\u00e1mara por Antioquia Jorge G\u00f3mez, Polo 101, Medell\u00edn, febrero 22 de 2018 Desde Al Poniente conversamos con el Exdiputado y hoy aspirante a la C\u00e1mara de Representantes,\u00a0Jorge G\u00f3mez, en el marco de nuestro proyecto para las elecciones al congreso: LaPOLITIPEDIA. \u00bfCu\u00e1l es su expectativa con la Coalici\u00f3n Colombia [&hellip;]<\/p>\n","protected":false},"author":1,"featured_media":13302,"comment_status":"open","ping_status":"open","sticky":false,"template":"","format":"standard","meta":{"advanced_seo_description":"","jetpack_seo_html_title":"","jetpack_seo_noindex":false,"_jetpack_memberships_contains_paid_content":false,"footnotes":""},"categories":[114,102,97,75,98],"tags":[],"class_list":["post-14549","post","type-post","status-publish","format-standard","has-post-thumbnail","hentry","category-agro","category-economia","category-imperialismo-y-neoliberalismo","category-jorge-gomez-gallego","category-politica"],"jetpack_featured_media_url":"https:\/\/i0.wp.com\/moir.com.co\/web\/wp-content\/uploads\/2017\/09\/jorgegomez.jpg?fit=134%2C200&ssl=1","jetpack-related-posts":[{"id":15156,"url":"https:\/\/moir.com.co\/web\/en-segunda-vuelta-le-ganamos-a-cualquiera-jorge-enrique-robledo-castillo\/","url_meta":{"origin":14549,"position":0},"title":"&#8220;En segunda vuelta le ganamos a cualquiera&#8221;: Jorge Enrique Robledo Castillo","author":"admin","date":"mayo 24, 2018","format":false,"excerpt":"La Patria, Manizales, mayo 24 de 2018 Jorge Enrique Robledo\u00a0Castillo, senador del Polo Democr\u00e1tico Alternativo, sostiene que un candidato sin sentido del humor no puede ganar la Presidencia. Jorge Enrique Robledo\u00a0Castillo, senador del Polo Democr\u00e1tico Alternativo, sostiene que un candidato sin sentido del humor no puede ganar la Presidencia. Lo\u2026","rel":"","context":"En \u00abJorge Enrique Robledo\u00bb","block_context":{"text":"Jorge Enrique Robledo","link":"https:\/\/moir.com.co\/web\/category\/jorge-enrique-robledo\/"},"img":{"alt_text":"","src":"https:\/\/i0.wp.com\/moir.com.co\/web\/wp-content\/uploads\/2018\/05\/robledomanillasfajardo.jpg?fit=620%2C592&ssl=1&resize=350%2C200","width":350,"height":200,"srcset":"https:\/\/i0.wp.com\/moir.com.co\/web\/wp-content\/uploads\/2018\/05\/robledomanillasfajardo.jpg?fit=620%2C592&ssl=1&resize=350%2C200 1x, https:\/\/i0.wp.com\/moir.com.co\/web\/wp-content\/uploads\/2018\/05\/robledomanillasfajardo.jpg?fit=620%2C592&ssl=1&resize=525%2C300 1.5x"},"classes":[]},{"id":13736,"url":"https:\/\/moir.com.co\/web\/polo-en-antioquia-felicita-a-robledo-mejor-senador-por-6a-vez\/","url_meta":{"origin":14549,"position":1},"title":"Polo en Antioquia felicita a Robledo, mejor senador por 6\u00aa vez","author":"admin","date":"noviembre 7, 2017","format":false,"excerpt":"Medell\u00edn, noviembre 5 de 2017 Polo Democr\u00e1tico en Antioquia felicita a su candidato Presidencial Jorge Robledo por ser elegido por sexta vez consecutiva como mejor senador. Invita a trabajar por la Coalici\u00f3n Colombia para transformar al pa\u00eds y derrotar la corrupci\u00f3n. El Comit\u00e9 Ejecutivo Departamental del Polo en Antioquia envi\u00f3\u2026","rel":"","context":"En \u00abPol\u00edtica\u00bb","block_context":{"text":"Pol\u00edtica","link":"https:\/\/moir.com.co\/web\/category\/temas\/politica\/"},"img":{"alt_text":"","src":"","width":0,"height":0},"classes":[]},{"id":14123,"url":"https:\/\/moir.com.co\/web\/el-personaje-del-ano-la-coalicion-colombia\/","url_meta":{"origin":14549,"position":2},"title":"El personaje del a\u00f1o: la Coalici\u00f3n Colombia","author":"admin","date":"diciembre 19, 2017","format":false,"excerpt":"Norman Alarc\u00f3n Rodas, Barranquilla, diciembre 18 de 2017 A finales del a\u00f1o pasado, la senadora Claudia L\u00f3pez, en una entrevista con Yamid Amat para el peri\u00f3dico El Tiempo, propuso un acuerdo de varios movimientos para buscar un candidato presidencial de unidad y mencion\u00f3, entre ellos, a Sergio Fajardo, l\u00edder de\u2026","rel":"","context":"En \u00abImperialismo y Neoliberalismo\u00bb","block_context":{"text":"Imperialismo y Neoliberalismo","link":"https:\/\/moir.com.co\/web\/category\/temas\/imperialismo-y-neoliberalismo\/"},"img":{"alt_text":"","src":"","width":0,"height":0},"classes":[]},{"id":14903,"url":"https:\/\/moir.com.co\/web\/la-palabra-del-polo-esta-empenada-con-fajardo-jorge-enrique-robledo\/","url_meta":{"origin":14549,"position":3},"title":"\u2018La palabra del Polo est\u00e1 empe\u00f1ada con Fajardo\u2019: Jorge Enrique Robledo","author":"admin","date":"abril 14, 2018","format":false,"excerpt":"Entrevista de\u00a0la Redacci\u00f3n Pol\u00edtica a Jorge Enrique Robledo, El Tiempo, Bogot\u00e1, abril 14 de 2018 El senador\u00a0Jorge Enrique Robledo\u00a0(Polo), quien con el respaldo de su partido ayud\u00f3 a construir la Coalici\u00f3n Colombia para apoyar la candidatura presidencial de\u00a0Sergio Fajardo, en di\u00e1logo con EL TIEMPO, asegur\u00f3 que esa alianza ser\u00e1 ratificada\u2026","rel":"","context":"En \u00abJorge Enrique Robledo\u00bb","block_context":{"text":"Jorge Enrique Robledo","link":"https:\/\/moir.com.co\/web\/category\/jorge-enrique-robledo\/"},"img":{"alt_text":"","src":"https:\/\/i0.wp.com\/moir.com.co\/web\/wp-content\/uploads\/2018\/04\/robledoet140418.jpeg?fit=640%2C428&ssl=1&resize=350%2C200","width":350,"height":200,"srcset":"https:\/\/i0.wp.com\/moir.com.co\/web\/wp-content\/uploads\/2018\/04\/robledoet140418.jpeg?fit=640%2C428&ssl=1&resize=350%2C200 1x, https:\/\/i0.wp.com\/moir.com.co\/web\/wp-content\/uploads\/2018\/04\/robledoet140418.jpeg?fit=640%2C428&ssl=1&resize=525%2C300 1.5x"},"classes":[]},{"id":15954,"url":"https:\/\/moir.com.co\/web\/video-presidente-del-senado-sabotea-debate-del-polo-sobre-actitud-corrupta-del-ministro-carrasquilla-representante-jorge-gomez\/","url_meta":{"origin":14549,"position":4},"title":"Video: Presidente del Senado sabotea debate del POLO sobre actitud corrupta del Ministro Carrasquilla, representante Jorge G\u00f3mez","author":"admin","date":"septiembre 18, 2018","format":"video","excerpt":"Constancia del Representante a la C\u00e1mara por Antioquia en Comisi\u00f3n 7am de C\u00e1mara de Representantes. Bogot\u00e1, septiembre 18 de 2018","rel":"","context":"En \u00abEconom\u00eda\u00bb","block_context":{"text":"Econom\u00eda","link":"https:\/\/moir.com.co\/web\/category\/temas\/economia\/"},"img":{"alt_text":"","src":"","width":0,"height":0},"classes":[]},{"id":14699,"url":"https:\/\/moir.com.co\/web\/video-robledo-en-antioquia-si-hay-por-quien-votar-jorge-gomez-camara-polo-101\/","url_meta":{"origin":14549,"position":5},"title":"Video: Robledo: \u00a1En Antioquia s\u00ed hay por quien votar! Jorge G\u00f3mez C\u00e1mara Polo 101","author":"admin","date":"marzo 9, 2018","format":"video","excerpt":"\u00a1En Antioquia s\u00ed hay por quien votar! Los invito a votar por Jorge G\u00f3mez [Polo 101], trabajador incansable por Antioquia y un candidato de excelentes calidades. #VotoRobledoPolo1\u00a0Bogot\u00e1, marzo 9 de 2018","rel":"","context":"En \u00abJorge Enrique Robledo\u00bb","block_context":{"text":"Jorge Enrique Robledo","link":"https:\/\/moir.com.co\/web\/category\/jorge-enrique-robledo\/"},"img":{"alt_text":"","src":"","width":0,"height":0},"classes":[]}],"jetpack_sharing_enabled":true,"_links":{"self":[{"href":"https:\/\/moir.com.co\/web\/wp-json\/wp\/v2\/posts\/14549","targetHints":{"allow":["GET"]}}],"collection":[{"href":"https:\/\/moir.com.co\/web\/wp-json\/wp\/v2\/posts"}],"about":[{"href":"https:\/\/moir.com.co\/web\/wp-json\/wp\/v2\/types\/post"}],"author":[{"embeddable":true,"href":"https:\/\/moir.com.co\/web\/wp-json\/wp\/v2\/users\/1"}],"replies":[{"embeddable":true,"href":"https:\/\/moir.com.co\/web\/wp-json\/wp\/v2\/comments?post=14549"}],"version-history":[{"count":1,"href":"https:\/\/moir.com.co\/web\/wp-json\/wp\/v2\/posts\/14549\/revisions"}],"predecessor-version":[{"id":14550,"href":"https:\/\/moir.com.co\/web\/wp-json\/wp\/v2\/posts\/14549\/revisions\/14550"}],"wp:featuredmedia":[{"embeddable":true,"href":"https:\/\/moir.com.co\/web\/wp-json\/wp\/v2\/media\/13302"}],"wp:attachment":[{"href":"https:\/\/moir.com.co\/web\/wp-json\/wp\/v2\/media?parent=14549"}],"wp:term":[{"taxonomy":"category","embeddable":true,"href":"https:\/\/moir.com.co\/web\/wp-json\/wp\/v2\/categories?post=14549"},{"taxonomy":"post_tag","embeddable":true,"href":"https:\/\/moir.com.co\/web\/wp-json\/wp\/v2\/tags?post=14549"}],"curies":[{"name":"wp","href":"https:\/\/api.w.org\/{rel}","templated":true}]}}