{"id":14546,"date":"2018-02-22T22:52:39","date_gmt":"2018-02-22T22:52:39","guid":{"rendered":"https:\/\/moir.org.co\/web\/?p=14546"},"modified":"2018-02-22T22:52:39","modified_gmt":"2018-02-22T22:52:39","slug":"siento-la-misma-energia-que-cuando-era-joven-jorge-enrique-robledo","status":"publish","type":"post","link":"https:\/\/moir.com.co\/web\/siento-la-misma-energia-que-cuando-era-joven-jorge-enrique-robledo\/","title":{"rendered":"&#8220;Siento la misma energ\u00eda que cuando era joven&#8221;: Jorge Enrique Robledo"},"content":{"rendered":"<p><strong>Entrevista de Andr\u00e9s Rodelo a Jorge Enrique Robledo, La Patria, Manizales, febrero 21 de 2018<\/strong><\/p>\n<p>As\u00ed afronta la b\u00fasqueda del que ser\u00eda su quinto periodo en el Congreso. Se\u00f1ala que no fue dif\u00edcil declinar a su aspiraci\u00f3n presidencial.<\/p>\n<p>Trayectoria.<\/p>\n<p>Jorge Enrique Robledo Castillo lleg\u00f3 al Senado en el 2002 y cumplir\u00e1 16 a\u00f1os de ejercicio, es decir, cuatro periodos en esta corporaci\u00f3n. Este ibaguere\u00f1o aspira actualmente por el quinto periodo y, de resultar electo, tendr\u00eda curul hasta el 2022 para 20 a\u00f1os en total como senador.<\/p>\n<p>Robledo, militante del Polo Democr\u00e1tico Alternativo, se resiste a dar un paso al costado, pues a\u00fan siente la energ\u00eda juvenil de cuando era estudiante de Arquitectura de la Universidad de los Andes, \u00e9poca en la que se decidi\u00f3 por la carrera pol\u00edtica. &#8220;El joven est\u00e1 convencido de que las cosas pueden ser mejores y por eso lucha para cambiarlas. Creo en eso, de all\u00ed que sienta la misma energ\u00eda que cuando era joven y mantenga mi vocaci\u00f3n de servicio&#8221;.<\/p>\n<p>Tiene 67 a\u00f1os y trabaja para desplazar del poder a una clase pol\u00edtica que define como &#8216;los mismos con las mismas&#8217;, es decir, los dirigentes tradicionales que se han mantenido en el poder durante d\u00e9cadas y que, a su juicio, son los responsables de los males que aquejan al pa\u00eds. &#8220;Las condiciones para el cambio est\u00e1n dadas. La gente nos dice en nuestras correr\u00edas por el pa\u00eds: estamos hartos, hasta la coronilla. Estamos mamados&#8221;.<\/p>\n<p>Pa\u00eds que recorre no solo invitando a que voten por \u00e9l, sino tambi\u00e9n por Sergio Fajardo, candidato a la Presidencia de la Rep\u00fablica por la Coalici\u00f3n Colombia, de la que es parte Robledo y que integran los partidos Polo Democr\u00e1tico, Alianza Verde y Compromiso Ciudadano.<\/p>\n<p>Robledo asegura, de esta campa\u00f1a: &#8220;Est\u00e1n corriendo sumas descomunales de dinero en la actual campa\u00f1a. Estas aspiraciones que se definen por plata no terminan bien, pues llegan a la direcci\u00f3n del Estado para actuar de manera incorrecta. Lo anterior caracteriza a los aspirantes de la clase pol\u00edtica que describo como los mismos con las mismas&#8221;.<\/p>\n<p><strong>Aspiraci\u00f3n presidencial<\/strong><\/p>\n<p><strong>&#8211; \u00bfFue dif\u00edcil descartar su aspiraci\u00f3n presidencial en favor de la de Fajardo?<\/strong><\/p>\n<p>Fue un proceso. Hace un a\u00f1o tom\u00e9 la decisi\u00f3n con la senadora Claudia L\u00f3pez y Sergio Fajardo de avanzar en la Coalici\u00f3n. Elaboramos un programa pol\u00edtico que permitiera unirnos y luego definimos un candidato presidencial. Logramos hacerlo, porque nos mueve el bienestar de Colombia.<\/p>\n<p><strong>&#8211; \u00bfDescartar\u00e1 entonces a su aspiraci\u00f3n presidencial?<\/strong><\/p>\n<p>Nadie sabe, de momento nos enfocamos en que Fajardo sea el pr\u00f3ximo presidente y que yo llegue otra vez al Senado. Ya veremos qu\u00e9 nos depara la vida. Adem\u00e1s, otro de los acuerdos para crear la Coalici\u00f3n fue que este proyecto no terminar\u00e1 este a\u00f1o. Es probable que tengamos iniciativas para las elecciones regionales del 2019.<\/p>\n<p><strong>&#8211; \u00bfPor qu\u00e9 afirma que se debe desplazar a la clase pol\u00edtica tradicional del poder?<\/strong><\/p>\n<p>Porque es la responsable de los problemas econ\u00f3micos, sociales y pol\u00edticos del pa\u00eds. Por ejemplo, la corrupci\u00f3n es una situaci\u00f3n grave y con responsables pol\u00edticos que el pa\u00eds conoce. Nuestra campa\u00f1a busca que quienes no debemos nada lleguemos a la direcci\u00f3n del Estado, pues adem\u00e1s tenemos propuestas y nos caracterizamos por una pol\u00edtica distinta.<\/p>\n<p><strong>Seguir\u00e1 siendo el mismo<\/strong><\/p>\n<p><strong>&#8211; \u00bfC\u00f3mo ganarse la confianza del elector en medio de tanto rechazo a los pol\u00edticos, usted que es de los senadores m\u00e1s votados del pa\u00eds?<\/strong><\/p>\n<p>Las personas y organizaciones implicadas en la Coalici\u00f3n tenemos hojas de vida que generan confianza en quien las mire. Tambi\u00e9n tenemos unos compromisos que le apuntan al bienestar del pa\u00eds y no somos personas que hacen pol\u00edtica al servicio de sus intereses particulares.<\/p>\n<p><strong>&#8211; Se le critica que no ha hecho nada por Caldas, a excepci\u00f3n de su lucha por los cafeteros, \u00bfqu\u00e9 opina?<\/strong><\/p>\n<p>Quienes lo dicen no comprenden mi lucha y puedo demostrarles que todo lo que hago beneficia al departamento. He adelantado gestiones por la educaci\u00f3n, la salud y la lucha contra la corrupci\u00f3n. Lo que pasa es que no soy un politiquero que cambia sus convicciones por &#8220;mermelada&#8221;, en lugar de eso trabajo por el bien de la comunidad.<\/p>\n<p><strong>&#8211; Si gana, \u00bfc\u00f3mo afrontar\u00e1 el que ser\u00e1 su sexto periodo en el Senado?<\/strong><\/p>\n<p>Ser\u00e9 el mismo de siempre, m\u00e1s a\u00fan cuando una encuesta con 2 mil 500 l\u00edderes del pa\u00eds me ha elegido el mejor senador de Colombia durante seis a\u00f1os consecutivos. Continuar\u00e9 con mis debates de control pol\u00edtico y seguramente los colombianos me conocer\u00e1n en otra faceta: defendiendo los proyectos del Gobierno cuando Sergio Fajardo sea el pr\u00f3ximo presidente.<\/p>\n<p><strong>Otros temas<\/strong><\/p>\n<p><strong>Dar\u00edo Arenas, fijo en el Congreso<\/strong><\/p>\n<p>&#8220;Veo seguro que llegue a la C\u00e1mara de Representantes, pues no solo lo apoya el Polo en Caldas, sino toda la Coalici\u00f3n Colombia. Es una joven promesa de la pol\u00edtica caldense, lo que le da garant\u00edas para llegar al Congreso, en donde trabajar\u00e1 por el bien com\u00fan&#8221;.<\/p>\n<p><strong>Imposible ser una segunda Venezuela<\/strong><\/p>\n<p>&#8220;No existe posibilidad, es una calumnia. Es un argumento que dicen los mismos con las mismas. No me sorprende, pues en un pa\u00eds con tanta corrupci\u00f3n es natural que la mentira sea una manera de hacer pol\u00edtica. Es absurdo que enga\u00f1en y le metan miedo a la gente. Se necesita mucho cinismo para plantear algo as\u00ed&#8221;.<\/p>\n","protected":false},"excerpt":{"rendered":"<p>Entrevista de Andr\u00e9s Rodelo a Jorge Enrique Robledo, La Patria, Manizales, febrero 21 de 2018 As\u00ed afronta la b\u00fasqueda del que ser\u00eda su quinto periodo en el Congreso. Se\u00f1ala que no fue dif\u00edcil declinar a su aspiraci\u00f3n presidencial. Trayectoria. Jorge Enrique Robledo Castillo lleg\u00f3 al Senado en el 2002 y cumplir\u00e1 16 a\u00f1os de ejercicio, [&hellip;]<\/p>\n","protected":false},"author":1,"featured_media":14547,"comment_status":"open","ping_status":"open","sticky":false,"template":"","format":"standard","meta":{"advanced_seo_description":"","jetpack_seo_html_title":"","jetpack_seo_noindex":false,"_jetpack_memberships_contains_paid_content":false,"footnotes":""},"categories":[114,102,97,4,98],"tags":[],"class_list":["post-14546","post","type-post","status-publish","format-standard","has-post-thumbnail","hentry","category-agro","category-economia","category-imperialismo-y-neoliberalismo","category-jorge-enrique-robledo","category-politica"],"jetpack_featured_media_url":"https:\/\/i0.wp.com\/moir.com.co\/web\/wp-content\/uploads\/2018\/02\/robledofecode.jpg?fit=797%2C561&ssl=1","jetpack-related-posts":[{"id":2371,"url":"https:\/\/moir.com.co\/web\/privatizacion-de-electrificadoras-regionales-a-debate-en-la-comision-quinta-del-senado-el-martes-10-de-junio\/","url_meta":{"origin":14546,"position":0},"title":"PRIVATIZACI\u00d3N DE ELECTRIFICADORAS REGIONALES, A DEBATE EN LA COMISI\u00d3N QUINTA DEL SENADO EL MARTES 10 DE JUNIO","author":"admin","date":"junio 5, 2008","format":false,"excerpt":"Oficina de Prensa Senador Jorge Enrique Robledo, Bogot\u00e1, 5 de junio de 2008 A instancias de los senadores Jorge Enrique Robledo, del Polo Democr\u00e1tico, y Mauricio Jaramillo, del Partido Liberal, el martes 10 de junio, a partir de las diez de la ma\u00f1ana, se llevar\u00e1 a cabo en la Comisi\u00f3n\u2026","rel":"","context":"En \u00abJorge Enrique Robledo\u00bb","block_context":{"text":"Jorge Enrique Robledo","link":"https:\/\/moir.com.co\/web\/category\/jorge-enrique-robledo\/"},"img":{"alt_text":"","src":"","width":0,"height":0},"classes":[]},{"id":7877,"url":"https:\/\/moir.com.co\/web\/electricaribe-y-energia-social-modelo-de-indignidad-para-los-ciudadanos-de-la-costa-atlantica\/","url_meta":{"origin":14546,"position":1},"title":"Electricaribe y Energ\u00eda Social modelo de indignidad para los ciudadanos de la Costa Atl\u00e1ntica","author":"admin","date":"septiembre 6, 2013","format":false,"excerpt":"En Comisi\u00f3n Quinta se debatir\u00e1 sobre las p\u00e9simas condiciones del servicio de energ\u00eda el\u00e9ctrica en la Costa Atl\u00e1ntica. El Senador Robledo explicar\u00e1 por qu\u00e9 la privatizaci\u00f3n de las electrificadoras regi\u00f3n dejaron para la Naci\u00f3n el hueso y el lomo del negocio a la multinacional Uni\u00f3n Fenosa. Este martes 10 de\u2026","rel":"","context":"En \u00abJorge Enrique Robledo\u00bb","block_context":{"text":"Jorge Enrique Robledo","link":"https:\/\/moir.com.co\/web\/category\/jorge-enrique-robledo\/"},"img":{"alt_text":"","src":"","width":0,"height":0},"classes":[]},{"id":7894,"url":"https:\/\/moir.com.co\/web\/el-servicio-de-energia-electrica-en-la-costa-atlantica-debe-corregirse-robledo\/","url_meta":{"origin":14546,"position":2},"title":"El servicio de energ\u00eda el\u00e9ctrica en la Costa Atl\u00e1ntica debe corregirse: Robledo","author":"admin","date":"septiembre 13, 2013","format":false,"excerpt":"En Comisi\u00f3n Quinta se debatir\u00e1 sobre las dif\u00edciles condiciones del servicio de energ\u00eda el\u00e9ctrica en la Costa Atl\u00e1ntica. El Senador Robledo explicar\u00e1 por qu\u00e9 la privatizaci\u00f3n de las electrificadoras de la Costa no se ha traducido en un mejor servicio. Este martes 17 de septiembre en la Comisi\u00f3n Quinta de\u2026","rel":"","context":"En \u00abJorge Enrique Robledo\u00bb","block_context":{"text":"Jorge Enrique Robledo","link":"https:\/\/moir.com.co\/web\/category\/jorge-enrique-robledo\/"},"img":{"alt_text":"","src":"","width":0,"height":0},"classes":[]},{"id":3431,"url":"https:\/\/moir.com.co\/web\/distribucion-de-combustibles-a-debate-manana-martes-en-la-comision-quinta-del-senado\/","url_meta":{"origin":14546,"position":3},"title":"DISTRIBUCI\u00d3N DE COMBUSTIBLES, A DEBATE MA\u00d1ANA MARTES  EN LA COMISI\u00d3N QUINTA DEL SENADO","author":"admin","date":"agosto 20, 2009","format":false,"excerpt":"La cada vez m\u00e1s cr\u00edtica situaci\u00f3n por la que pasan los distribuidores minoristas de combustibles ser\u00e1 examinada ma\u00f1ana martes 25 de agosto por la Comisi\u00f3n Quinta del Senado, en el debate al ministro de Minas y Energ\u00eda citado por los senadores Jorge Enrique Robledo, del Polo Democr\u00e1tico, y Jorge Enrique\u2026","rel":"","context":"En \u00abJorge Enrique Robledo\u00bb","block_context":{"text":"Jorge Enrique Robledo","link":"https:\/\/moir.com.co\/web\/category\/jorge-enrique-robledo\/"},"img":{"alt_text":"","src":"","width":0,"height":0},"classes":[]},{"id":10747,"url":"https:\/\/moir.com.co\/web\/por-quinta-vez-consecutiva-jorge-enrique-robledo-es-elegido-como-el-mejor-senador-del-pais-por-el-panel-de-opinion-de-cifras-y-conceptos\/","url_meta":{"origin":14546,"position":4},"title":"Por quinta vez consecutiva Jorge Enrique Robledo es elegido como el mejor senador del pa\u00eds por el Panel de Opini\u00f3n de Cifras y Conceptos","author":"admin","date":"octubre 24, 2016","format":false,"excerpt":"Oficina de prensa del senador Jorge Enrique Robledo, Bogot\u00e1, octubre 23 de 2016 2520 l\u00edderes de opini\u00f3n en 18 departamentos respondieron a la encuesta Jorge Enrique Robledo Castillo fue elegido por quinta ocasi\u00f3n como el mejor senador de Colombia por los l\u00edderes de opini\u00f3n consultados por la firma Cifras y\u2026","rel":"","context":"En \u00abJorge Enrique Robledo\u00bb","block_context":{"text":"Jorge Enrique Robledo","link":"https:\/\/moir.com.co\/web\/category\/jorge-enrique-robledo\/"},"img":{"alt_text":"","src":"https:\/\/i0.wp.com\/moir.com.co\/web\/wp-content\/uploads\/2016\/10\/robledo5vezelegidomejorsenador.jpg?fit=960%2C960&ssl=1&resize=350%2C200","width":350,"height":200,"srcset":"https:\/\/i0.wp.com\/moir.com.co\/web\/wp-content\/uploads\/2016\/10\/robledo5vezelegidomejorsenador.jpg?fit=960%2C960&ssl=1&resize=350%2C200 1x, https:\/\/i0.wp.com\/moir.com.co\/web\/wp-content\/uploads\/2016\/10\/robledo5vezelegidomejorsenador.jpg?fit=960%2C960&ssl=1&resize=525%2C300 1.5x, https:\/\/i0.wp.com\/moir.com.co\/web\/wp-content\/uploads\/2016\/10\/robledo5vezelegidomejorsenador.jpg?fit=960%2C960&ssl=1&resize=700%2C400 2x"},"classes":[]},{"id":4738,"url":"https:\/\/moir.com.co\/web\/foro-de-la-comision-quinta-del-senado-para-continuar-el-debate-sobre-las-regalias-y-la-politica-petrolera-del-gobierno-de-santos-con-la-participacion-del-senador-jorge-enrique-robledo-barrancabermeja\/","url_meta":{"origin":14546,"position":5},"title":"Foro de la Comisi\u00f3n Quinta del Senado para continuar el debate sobre las regal\u00edas y la pol\u00edtica petrolera del gobierno de Santos con la participaci\u00f3n del senador Jorge Enrique Robledo, Barrancabermeja, septiembre 2 de 2010","author":"admin","date":"septiembre 2, 2010","format":false,"excerpt":"","rel":"","context":"En \u00abGaler\u00edas\u00bb","block_context":{"text":"Galer\u00edas","link":"https:\/\/moir.com.co\/web\/category\/multimedia\/galerias\/"},"img":{"alt_text":"","src":"","width":0,"height":0},"classes":[]}],"jetpack_sharing_enabled":true,"_links":{"self":[{"href":"https:\/\/moir.com.co\/web\/wp-json\/wp\/v2\/posts\/14546","targetHints":{"allow":["GET"]}}],"collection":[{"href":"https:\/\/moir.com.co\/web\/wp-json\/wp\/v2\/posts"}],"about":[{"href":"https:\/\/moir.com.co\/web\/wp-json\/wp\/v2\/types\/post"}],"author":[{"embeddable":true,"href":"https:\/\/moir.com.co\/web\/wp-json\/wp\/v2\/users\/1"}],"replies":[{"embeddable":true,"href":"https:\/\/moir.com.co\/web\/wp-json\/wp\/v2\/comments?post=14546"}],"version-history":[{"count":1,"href":"https:\/\/moir.com.co\/web\/wp-json\/wp\/v2\/posts\/14546\/revisions"}],"predecessor-version":[{"id":14548,"href":"https:\/\/moir.com.co\/web\/wp-json\/wp\/v2\/posts\/14546\/revisions\/14548"}],"wp:featuredmedia":[{"embeddable":true,"href":"https:\/\/moir.com.co\/web\/wp-json\/wp\/v2\/media\/14547"}],"wp:attachment":[{"href":"https:\/\/moir.com.co\/web\/wp-json\/wp\/v2\/media?parent=14546"}],"wp:term":[{"taxonomy":"category","embeddable":true,"href":"https:\/\/moir.com.co\/web\/wp-json\/wp\/v2\/categories?post=14546"},{"taxonomy":"post_tag","embeddable":true,"href":"https:\/\/moir.com.co\/web\/wp-json\/wp\/v2\/tags?post=14546"}],"curies":[{"name":"wp","href":"https:\/\/api.w.org\/{rel}","templated":true}]}}