{"id":14538,"date":"2018-02-21T20:37:35","date_gmt":"2018-02-21T20:37:35","guid":{"rendered":"https:\/\/moir.org.co\/web\/?p=14538"},"modified":"2018-02-21T20:37:35","modified_gmt":"2018-02-21T20:37:35","slug":"hasta-el-ministro-que-firmo-el-tlc-admite-que-nos-esta-yendo-mal-robledo","status":"publish","type":"post","link":"https:\/\/moir.com.co\/web\/hasta-el-ministro-que-firmo-el-tlc-admite-que-nos-esta-yendo-mal-robledo\/","title":{"rendered":"\u201cHasta el ministro que firm\u00f3 el TLC admite que nos est\u00e1 yendo mal\u201d: Robledo"},"content":{"rendered":"<p><strong>Oficina de prensa del senador Jorge Enrique Robledo, Bogot\u00e1, febrero 20 de 2018<\/strong><\/p>\n<p><em>Colombia solo utiliza un tercio de sus tierras productivas. Fajardo revisar\u00e1 los TLC.<\/em><\/p>\n<p>El senador Jorge Enrique Robledo y el candidato presidencial Sergio Fajardo se reunieron con l\u00edderes agropecuarios de todo el pa\u00eds convocados por el movimiento de El Agro con Robledo para conversar sobre el cap\u00edtulo agrario de las bases program\u00e1ticas de la Coalici\u00f3n Colombia.<\/p>\n<p>Fajardo y Robledo, acompa\u00f1ados por el ex presidente de la SAC y ex director del Incoder Juan Manuel Ospina, escucharon testimonios de productores cafeteros, cacaoteros, algodoneros y arroceros, as\u00ed como de empresarios de Corabastos, habitantes de los p\u00e1ramos, entre otros sectores.<\/p>\n<p>Robledo se\u00f1al\u00f3 que hay que cambiar la pol\u00edtica agr\u00edcola de Colombia pues \u201cno puede seguir siendo la de importar los alimentos que podr\u00edamos producir mientras apenas se aprovecha un tercio de las tierras productivas del pa\u00eds\u201d. El senador del Polo afirm\u00f3 que los da\u00f1os de los TLC al aparato productivo y al agro son tan evidentes que \u201chasta el ministro que firm\u00f3 el TLC con EE.UU. admite que nos est\u00e1 yendo mal\u201d. Robledo dijo que cada vez m\u00e1s personas reconocen que esos TLC se deben revisar.<\/p>\n<p>El candidato presidencial Sergio Fajardo coment\u00f3 que Colombia est\u00e1 experimentando una indignaci\u00f3n muy profunda lo que cual es afortunado pues dijo que cuando a la gente se le \u201cllena la tasa\u201d es cuando vienen los cambios.<\/p>\n<p>Fajardo dijo que la situaci\u00f3n m\u00e1s dif\u00edcil y la pobreza m\u00e1s grande del pa\u00eds la viven las mujeres rurales y que los j\u00f3venes ya no quieren trabajar en el campo, por eso propuso construir un modelo productivo que incorpore la ciencia, la educaci\u00f3n, la investigaci\u00f3n y la tecnolog\u00eda para crear oportunidades para todos.<\/p>\n<p>Sobre los TLC Fajardo afirm\u00f3 que en su gobierno se van a revaluar y revisar con rigor. Tambi\u00e9n se lament\u00f3 porque mientras fue gobernador de Antioquia le tocaron cuatro ministros de agricultura. A los productores agropecuarios les dijo \u201clos vamos a convocar y vamos a trabajar juntos\u201d.<\/p>\n<p>Fajardo y Robledo recibieron el apoyo de los productores presentes, varios de los que han acompa\u00f1ado al senador del Polo desde sus inicios en Unidad Cafetera y Salvaci\u00f3n Agropecuaria. Ambos l\u00edderes intercambiaron opiniones con los presentes sobre diversos temas como econom\u00eda ambiental, uso del agua, de los suelos, v\u00edas terciarias, precios de insumos y fertilizantes entre otros.<\/p>\n","protected":false},"excerpt":{"rendered":"<p>Oficina de prensa del senador Jorge Enrique Robledo, Bogot\u00e1, febrero 20 de 2018 Colombia solo utiliza un tercio de sus tierras productivas. Fajardo revisar\u00e1 los TLC. El senador Jorge Enrique Robledo y el candidato presidencial Sergio Fajardo se reunieron con l\u00edderes agropecuarios de todo el pa\u00eds convocados por el movimiento de El Agro con Robledo [&hellip;]<\/p>\n","protected":false},"author":1,"featured_media":13786,"comment_status":"open","ping_status":"open","sticky":false,"template":"","format":"standard","meta":{"advanced_seo_description":"","jetpack_seo_html_title":"","jetpack_seo_noindex":false,"_jetpack_memberships_contains_paid_content":false,"footnotes":""},"categories":[114,102,97,105,4,98],"tags":[],"class_list":["post-14538","post","type-post","status-publish","format-standard","has-post-thumbnail","hentry","category-agro","category-economia","category-imperialismo-y-neoliberalismo","category-internacional-articulos-de-actualidad","category-jorge-enrique-robledo","category-politica"],"jetpack_featured_media_url":"https:\/\/i0.wp.com\/moir.com.co\/web\/wp-content\/uploads\/2017\/11\/agro4.jpg?fit=274%2C184&ssl=1","jetpack-related-posts":[{"id":14536,"url":"https:\/\/moir.com.co\/web\/video-conversatorio-sobre-agro-con-sergio-fajardo-y-jorge-enrique-robledo-el-agro-si-tiene-arreglo\/","url_meta":{"origin":14538,"position":0},"title":"Video: Conversatorio sobre agro con Sergio Fajardo y Jorge Enrique Robledo &#8220;El Agro S\u00ed Tiene Arreglo&#8221;","author":"admin","date":"febrero 20, 2018","format":"video","excerpt":"Bogot\u00e1, febrero 20 de 2018","rel":"","context":"En \u00abAgro\u00bb","block_context":{"text":"Agro","link":"https:\/\/moir.com.co\/web\/category\/temas\/agro\/"},"img":{"alt_text":"","src":"","width":0,"height":0},"classes":[]},{"id":14100,"url":"https:\/\/moir.com.co\/web\/video-coalicion-colombia-y-sergio-fajardo-cambiaran-el-pais-robledo\/","url_meta":{"origin":14538,"position":1},"title":"Video: Coalici\u00f3n Colombia y Sergio Fajardo cambiar\u00e1n el pa\u00eds: Robledo","author":"admin","date":"diciembre 13, 2017","format":"video","excerpt":"Intervenci\u00f3n del senador Jorge Enrique Robledo, plenaria del Senado, 12 de diciembre de 2017","rel":"","context":"En \u00abJorge Enrique Robledo\u00bb","block_context":{"text":"Jorge Enrique Robledo","link":"https:\/\/moir.com.co\/web\/category\/jorge-enrique-robledo\/"},"img":{"alt_text":"","src":"","width":0,"height":0},"classes":[]},{"id":14761,"url":"https:\/\/moir.com.co\/web\/video-muy-bien-les-fue-al-polo-a-la-coalicion-colombia-y-a-fajardo-robledo\/","url_meta":{"origin":14538,"position":2},"title":"Video: Muy bien les fue al Polo, a la Coalici\u00f3n Colombia y a Fajardo: Robledo","author":"admin","date":"marzo 20, 2018","format":"video","excerpt":"Intervenci\u00f3n del senador Jorge Enrique Robledo, plenaria del Senado, a prop\u00f3sito de los resultados electorales del 11 de marzo. Bogot\u00e1, marzo 20 de 2018","rel":"","context":"En \u00abJorge Enrique Robledo\u00bb","block_context":{"text":"Jorge Enrique Robledo","link":"https:\/\/moir.com.co\/web\/category\/jorge-enrique-robledo\/"},"img":{"alt_text":"","src":"","width":0,"height":0},"classes":[]},{"id":14903,"url":"https:\/\/moir.com.co\/web\/la-palabra-del-polo-esta-empenada-con-fajardo-jorge-enrique-robledo\/","url_meta":{"origin":14538,"position":3},"title":"\u2018La palabra del Polo est\u00e1 empe\u00f1ada con Fajardo\u2019: Jorge Enrique Robledo","author":"admin","date":"abril 14, 2018","format":false,"excerpt":"Entrevista de\u00a0la Redacci\u00f3n Pol\u00edtica a Jorge Enrique Robledo, El Tiempo, Bogot\u00e1, abril 14 de 2018 El senador\u00a0Jorge Enrique Robledo\u00a0(Polo), quien con el respaldo de su partido ayud\u00f3 a construir la Coalici\u00f3n Colombia para apoyar la candidatura presidencial de\u00a0Sergio Fajardo, en di\u00e1logo con EL TIEMPO, asegur\u00f3 que esa alianza ser\u00e1 ratificada\u2026","rel":"","context":"En \u00abJorge Enrique Robledo\u00bb","block_context":{"text":"Jorge Enrique Robledo","link":"https:\/\/moir.com.co\/web\/category\/jorge-enrique-robledo\/"},"img":{"alt_text":"","src":"https:\/\/i0.wp.com\/moir.com.co\/web\/wp-content\/uploads\/2018\/04\/robledoet140418.jpeg?fit=640%2C428&ssl=1&resize=350%2C200","width":350,"height":200,"srcset":"https:\/\/i0.wp.com\/moir.com.co\/web\/wp-content\/uploads\/2018\/04\/robledoet140418.jpeg?fit=640%2C428&ssl=1&resize=350%2C200 1x, https:\/\/i0.wp.com\/moir.com.co\/web\/wp-content\/uploads\/2018\/04\/robledoet140418.jpeg?fit=640%2C428&ssl=1&resize=525%2C300 1.5x"},"classes":[]},{"id":14529,"url":"https:\/\/moir.com.co\/web\/seguire-en-el-senado-con-la-frente-en-alto-y-siempre-inspirado-en-hacer-lo-mejor-para-colombia-robledo\/","url_meta":{"origin":14538,"position":4},"title":"Seguir\u00e9 en el Senado con la frente en alto y siempre inspirado en hacer lo mejor para Colombia: Robledo","author":"admin","date":"febrero 20, 2018","format":false,"excerpt":"Oficina de prensa del senador Jorge Enrique Robledo, Bogot\u00e1, febrero 20 de 2018 M\u00e1s de 2000 l\u00edderes del Polo Democr\u00e1tico Alternativo en Bogot\u00e1 se reunieron en el Centro de Convenciones Gonzalo Jim\u00e9nez de Quesada para expresar su respaldo a las candidaduras de Jorge Enrique Robledo al Senado Polo #1, Germ\u00e1n\u2026","rel":"","context":"En \u00abBogot\u00e1\u00bb","block_context":{"text":"Bogot\u00e1","link":"https:\/\/moir.com.co\/web\/category\/temas\/bogota\/"},"img":{"alt_text":"","src":"https:\/\/i0.wp.com\/moir.com.co\/web\/wp-content\/uploads\/2018\/02\/robledosenado2018.jpg?fit=400%2C421&ssl=1&resize=350%2C200","width":350,"height":200},"classes":[]},{"id":15156,"url":"https:\/\/moir.com.co\/web\/en-segunda-vuelta-le-ganamos-a-cualquiera-jorge-enrique-robledo-castillo\/","url_meta":{"origin":14538,"position":5},"title":"&#8220;En segunda vuelta le ganamos a cualquiera&#8221;: Jorge Enrique Robledo Castillo","author":"admin","date":"mayo 24, 2018","format":false,"excerpt":"La Patria, Manizales, mayo 24 de 2018 Jorge Enrique Robledo\u00a0Castillo, senador del Polo Democr\u00e1tico Alternativo, sostiene que un candidato sin sentido del humor no puede ganar la Presidencia. Jorge Enrique Robledo\u00a0Castillo, senador del Polo Democr\u00e1tico Alternativo, sostiene que un candidato sin sentido del humor no puede ganar la Presidencia. Lo\u2026","rel":"","context":"En \u00abJorge Enrique Robledo\u00bb","block_context":{"text":"Jorge Enrique Robledo","link":"https:\/\/moir.com.co\/web\/category\/jorge-enrique-robledo\/"},"img":{"alt_text":"","src":"https:\/\/i0.wp.com\/moir.com.co\/web\/wp-content\/uploads\/2018\/05\/robledomanillasfajardo.jpg?fit=620%2C592&ssl=1&resize=350%2C200","width":350,"height":200,"srcset":"https:\/\/i0.wp.com\/moir.com.co\/web\/wp-content\/uploads\/2018\/05\/robledomanillasfajardo.jpg?fit=620%2C592&ssl=1&resize=350%2C200 1x, https:\/\/i0.wp.com\/moir.com.co\/web\/wp-content\/uploads\/2018\/05\/robledomanillasfajardo.jpg?fit=620%2C592&ssl=1&resize=525%2C300 1.5x"},"classes":[]}],"jetpack_sharing_enabled":true,"_links":{"self":[{"href":"https:\/\/moir.com.co\/web\/wp-json\/wp\/v2\/posts\/14538","targetHints":{"allow":["GET"]}}],"collection":[{"href":"https:\/\/moir.com.co\/web\/wp-json\/wp\/v2\/posts"}],"about":[{"href":"https:\/\/moir.com.co\/web\/wp-json\/wp\/v2\/types\/post"}],"author":[{"embeddable":true,"href":"https:\/\/moir.com.co\/web\/wp-json\/wp\/v2\/users\/1"}],"replies":[{"embeddable":true,"href":"https:\/\/moir.com.co\/web\/wp-json\/wp\/v2\/comments?post=14538"}],"version-history":[{"count":1,"href":"https:\/\/moir.com.co\/web\/wp-json\/wp\/v2\/posts\/14538\/revisions"}],"predecessor-version":[{"id":14539,"href":"https:\/\/moir.com.co\/web\/wp-json\/wp\/v2\/posts\/14538\/revisions\/14539"}],"wp:featuredmedia":[{"embeddable":true,"href":"https:\/\/moir.com.co\/web\/wp-json\/wp\/v2\/media\/13786"}],"wp:attachment":[{"href":"https:\/\/moir.com.co\/web\/wp-json\/wp\/v2\/media?parent=14538"}],"wp:term":[{"taxonomy":"category","embeddable":true,"href":"https:\/\/moir.com.co\/web\/wp-json\/wp\/v2\/categories?post=14538"},{"taxonomy":"post_tag","embeddable":true,"href":"https:\/\/moir.com.co\/web\/wp-json\/wp\/v2\/tags?post=14538"}],"curies":[{"name":"wp","href":"https:\/\/api.w.org\/{rel}","templated":true}]}}