{"id":14531,"date":"2018-02-20T22:35:08","date_gmt":"2018-02-20T22:35:08","guid":{"rendered":"https:\/\/moir.org.co\/web\/?p=14531"},"modified":"2018-02-20T22:35:08","modified_gmt":"2018-02-20T22:35:08","slug":"se-trasladaran-los-exitos-de-ecopetrol-a-la-economia-nacional","status":"publish","type":"post","link":"https:\/\/moir.com.co\/web\/se-trasladaran-los-exitos-de-ecopetrol-a-la-economia-nacional\/","title":{"rendered":"\u00bfSe trasladar\u00e1n los \u00e9xitos de Ecopetrol a la econom\u00eda nacional?"},"content":{"rendered":"<p><strong>Aurelio Su\u00e1rez Montoya, Bogot\u00e1, febrero 20 de 2018<\/strong><\/p>\n<p>Art\u00edculos aparecidos en EL TIEMPO (enero 8) y en PORTAFOLIO (enero 11), anuncian la recuperaci\u00f3n de Ecopetrol: Por el alza en el valor de sus acciones, tres veces respecto a la elevaci\u00f3n del precio del barril, y por su capitalizaci\u00f3n de mercado, pero, ante todo, porque \u201ca 35 d\u00f3lares el barril ya la compa\u00f1\u00eda da utilidades\u201d, cuando antes las daba a 65 d\u00f3lares. Sus ganancias fueron 3,2 billones de pesos al tercer trimestre de 2017; el Ebitda de 43 por ciento, cinco puntos porcentuales m\u00e1s que en 2016, y sus inversiones para 2018 se proyectan por 4.000 millones de d\u00f3lares.<\/p>\n<p>Estos logros se atribuyen a \u201ciniciativas concertadas en una gran estrategia\u201d y a \u201csu programa de transformaci\u00f3n\u201d. No obstante, fuera de la gesti\u00f3n subrayada, hay hechos que permiten repensar al grupo Ecopetrol no tanto como mero productor de materia prima sino, despu\u00e9s de Reficar, como un conjunto integrado y ya capaz de producir 50% de los combustibles que Colombia demanda, aun cuando podr\u00eda tambi\u00e9n cubrir porciones mayores del mercado nacional y ser buen exportador de derivados.<\/p>\n<p>Datos a septiembre de 2017 ayudan a responder la pregunta formulada en el t\u00edtulo: Mientras que el diferencial de exportaci\u00f3n de petr\u00f3leo crudo respecto al precio Brent era de -6 d\u00f3lares por barril, el promedio final de la canasta de crudos, gas y productos era +7 d\u00f3lares por barril.<\/p>\n<p>La cifra indica que las exportaciones de Ecopetrol se cotizan por debajo del precio de referencia internacional, pero cuando se agregan al balance final sus dem\u00e1s operaciones, sobre todo las del mercado nacional, que incluye las transacciones con sus propias refiner\u00edas, la empresa obtiene un balance superior.<\/p>\n<p>Veamos: en diciembre, el precio de un gal\u00f3n de gasolina era en Bogot\u00e1 de 8.889 pesos y de ellos se le reconoc\u00edan 4.000 pesos a Ecopetrol, equivalentes a 56 d\u00f3lares por barril, seg\u00fan la tasa de cambio de entonces. Si a esa cifra le descontamos los respectivos costos de producci\u00f3n y de refinaci\u00f3n, el margen bruto en Cartagena es de 12 d\u00f3lares \u2013y se aspira a subirlo a 20\u2013 y en Barrancabermeja est\u00e1 en 13,7 d\u00f3lares.<\/p>\n<p>\u00bfPor qu\u00e9, siendo que Colombia abarca la mitad de la operaci\u00f3n de Ecopetrol, no entregar crudo a nuestras refiner\u00edas a precios menores, lo cual, combinado con un manejo m\u00e1s eficiente, les aumentar\u00eda sus utilidades y, por tanto, ser\u00eda otra fuente de acumulaci\u00f3n y dar\u00eda como resultado un mayor coeficiente t\u00e9cnico? La relaci\u00f3n entre el valor del producto elaborado y de los insumos utilizados en la refinaci\u00f3n est\u00e1 en Colombia apenas en 1,34, mientras que en M\u00e9xico es de 2,21.<\/p>\n<p>En esa misma l\u00ednea y recapacitando las actuales pol\u00edticas, \u00bfpodr\u00eda pensarse que existen condiciones para que se trasladen los difundidos \u00e9xitos de Ecopetrol al resto de la econom\u00eda nacional abaratando el precio de los combustibles? Fedesarrollo (2015) concluy\u00f3 que una disminuci\u00f3n del 10 por ciento traer\u00eda crecimientos del PIB, aumento del consumo de los hogares y reducci\u00f3n del IPC.<\/p>\n<p>Puede lograrse si se modifica a la baja, en la f\u00f3rmula del pago a Ecopetrol como proveedor, el factor principal de remuneraci\u00f3n \u2013que es el 70 por ciento de la cotizaci\u00f3n del \u00cdndice UNL87 del US Gulf Coast Waterborne\u2013 y se pone, por decir algo, en 65 por ciento, descontando m\u00ednimo 800 pesos al consumidor.<\/p>\n<p>Finalmente, al modernizarse y ampliarse la Refiner\u00eda de Barrancabermeja, una tarea estrat\u00e9gica y prioritaria que podr\u00eda llevar a eficiencias de m\u00e1s del 90 por ciento, se alcanzar\u00edan beneficios a mediano plazo a\u00fan con mayores multiplicadores positivos. \u00bfAlguien se atrever\u00e1?\u200b<\/p>\n","protected":false},"excerpt":{"rendered":"<p>Aurelio Su\u00e1rez Montoya, Bogot\u00e1, febrero 20 de 2018 Art\u00edculos aparecidos en EL TIEMPO (enero 8) y en PORTAFOLIO (enero 11), anuncian la recuperaci\u00f3n de Ecopetrol: Por el alza en el valor de sus acciones, tres veces respecto a la elevaci\u00f3n del precio del barril, y por su capitalizaci\u00f3n de mercado, pero, ante todo, porque \u201ca [&hellip;]<\/p>\n","protected":false},"author":1,"featured_media":14532,"comment_status":"open","ping_status":"open","sticky":false,"template":"","format":"standard","meta":{"advanced_seo_description":"","jetpack_seo_html_title":"","jetpack_seo_noindex":false,"_jetpack_memberships_contains_paid_content":false,"footnotes":""},"categories":[79,102,97,105,107,98],"tags":[],"class_list":["post-14531","post","type-post","status-publish","format-standard","has-post-thumbnail","hentry","category-aurelio-suarez-montoya","category-economia","category-imperialismo-y-neoliberalismo","category-internacional-articulos-de-actualidad","category-mineria-y-petroleo","category-politica"],"jetpack_featured_media_url":"https:\/\/i0.wp.com\/moir.com.co\/web\/wp-content\/uploads\/2018\/02\/Refineri%CC%81a_Barranca.jpg?fit=400%2C268&ssl=1","jetpack-related-posts":[{"id":18240,"url":"https:\/\/moir.com.co\/web\/el-fracking-puede-quebrar-a-ecopetrol\/","url_meta":{"origin":14531,"position":0},"title":"El \u2018fracking\u2019 puede quebrar a Ecopetrol","author":"admin","date":"noviembre 8, 2019","format":false,"excerpt":"Aurelio Su\u00e1rez Montoya, Bogot\u00e1, noviembre 7 de 2019 La Comisi\u00f3n de Expertos sobre Fracking \u2013de miembros con opiniones dis\u00edmiles\u2013 dio dos a\u00f1os para fortalecer la capacidad institucional, generar informaci\u00f3n hidrogeol\u00f3gica y ecosist\u00e9mica, identificar y compensar pasivos ambientales y gestionar la licencia social. Poco dijo sobre aspectos econ\u00f3micos porque asumi\u00f3 t\u00e1citamente\u2026","rel":"","context":"En \u00abAurelio Su\u00e1rez Montoya\u00bb","block_context":{"text":"Aurelio Su\u00e1rez Montoya","link":"https:\/\/moir.com.co\/web\/category\/bitacoras\/aurelio-suarez-montoya\/"},"img":{"alt_text":"","src":"","width":0,"height":0},"classes":[]},{"id":14351,"url":"https:\/\/moir.com.co\/web\/video-alarmante-incremento-de-la-desigualdad-economica-en-el-mundo-aurelio-suarez-montoya\/","url_meta":{"origin":14531,"position":1},"title":"Video: Alarmante incremento de la desigualdad econ\u00f3mica en el mundo, Aurelio Su\u00e1rez Montoya","author":"admin","date":"enero 29, 2018","format":"video","excerpt":"Bogot\u00e1, enero 29 de 2018","rel":"","context":"En \u00abAurelio Su\u00e1rez Montoya\u00bb","block_context":{"text":"Aurelio Su\u00e1rez Montoya","link":"https:\/\/moir.com.co\/web\/category\/bitacoras\/aurelio-suarez-montoya\/"},"img":{"alt_text":"","src":"","width":0,"height":0},"classes":[]},{"id":15797,"url":"https:\/\/moir.com.co\/web\/video-economia-al-dia-con-yina-ramos-una-vision-de-la-economia-colombiana-2018-con-aurelio-suarez-montoya\/","url_meta":{"origin":14531,"position":2},"title":"Video: Econom\u00eda al D\u00eda con Yina Ramos: Una visi\u00f3n de la econom\u00eda colombiana 2018, con Aurelio Su\u00e1rez Montoya","author":"admin","date":"agosto 30, 2018","format":"video","excerpt":"Bogot\u00e1, agosto 27 de 2018","rel":"","context":"En \u00abAgro\u00bb","block_context":{"text":"Agro","link":"https:\/\/moir.com.co\/web\/category\/temas\/agro\/"},"img":{"alt_text":"","src":"","width":0,"height":0},"classes":[]},{"id":15876,"url":"https:\/\/moir.com.co\/web\/video-economia-colombiana-pagar-para-endeudarse-y-seguir-endeudandose-para-poder-pagar-aurelio-suarez\/","url_meta":{"origin":14531,"position":3},"title":"Video: Econom\u00eda colombiana: pagar para endeudarse y seguir endeud\u00e1ndose para poder pagar, Aurelio Su\u00e1rez","author":"admin","date":"septiembre 10, 2018","format":"video","excerpt":"S\u00edntesis de la participaci\u00f3n del analista econ\u00f3mico Aurelio Su\u00e1rez en los programas Econom\u00eda al D\u00eda con Yina Ramos y Semana en Vivo de Cablenoticias. Bogot\u00e1, septiembre 8 de 2018","rel":"","context":"En \u00abAurelio Su\u00e1rez Montoya\u00bb","block_context":{"text":"Aurelio Su\u00e1rez Montoya","link":"https:\/\/moir.com.co\/web\/category\/bitacoras\/aurelio-suarez-montoya\/"},"img":{"alt_text":"","src":"","width":0,"height":0},"classes":[]},{"id":15424,"url":"https:\/\/moir.com.co\/web\/la-enfermedad-holandesa-financiera\/","url_meta":{"origin":14531,"position":4},"title":"La enfermedad holandesa financiera","author":"admin","date":"julio 12, 2018","format":false,"excerpt":"Aurelio Su\u00e1rez Montoya, Bogot\u00e1, julio 12 de 2018 En entrevista reciente, el ministro C\u00e1rdenas registr\u00f3 como el mayor logro econ\u00f3mico de los ocho a\u00f1os del gobierno de Santos el aumento de la inversi\u00f3n extranjera, anotando que entre 2002 y 2010 los flujos netos anuales eran en promedio de 6.000 millones\u2026","rel":"","context":"En \u00abAurelio Su\u00e1rez Montoya\u00bb","block_context":{"text":"Aurelio Su\u00e1rez Montoya","link":"https:\/\/moir.com.co\/web\/category\/bitacoras\/aurelio-suarez-montoya\/"},"img":{"alt_text":"","src":"","width":0,"height":0},"classes":[]},{"id":467,"url":"https:\/\/moir.com.co\/web\/encuentro-cafetero-en-suiza\/","url_meta":{"origin":14531,"position":5},"title":"ENCUENTRO CAFETERO EN SUIZA","author":"admin","date":"agosto 9, 2004","format":false,"excerpt":"Unidad Cafetera Nacional, LA TARDE. Pereira, enero 10 de 2003 Con el fin de llegar a un acuerdo sobre los futuro desarrollo en la tarea de defender a los productores mundiales de caf\u00e9 ante las inicuas iniciativas adelantadas por las multinacionales en su contra, se efectuar\u00e1 entre el 13 y\u2026","rel":"","context":"En \u00abPronunciamientos de Organizaciones Sociales\u00bb","block_context":{"text":"Pronunciamientos de Organizaciones Sociales","link":"https:\/\/moir.com.co\/web\/category\/pronunciamientos-de-organizaciones-sociales\/"},"img":{"alt_text":"","src":"","width":0,"height":0},"classes":[]}],"jetpack_sharing_enabled":true,"_links":{"self":[{"href":"https:\/\/moir.com.co\/web\/wp-json\/wp\/v2\/posts\/14531","targetHints":{"allow":["GET"]}}],"collection":[{"href":"https:\/\/moir.com.co\/web\/wp-json\/wp\/v2\/posts"}],"about":[{"href":"https:\/\/moir.com.co\/web\/wp-json\/wp\/v2\/types\/post"}],"author":[{"embeddable":true,"href":"https:\/\/moir.com.co\/web\/wp-json\/wp\/v2\/users\/1"}],"replies":[{"embeddable":true,"href":"https:\/\/moir.com.co\/web\/wp-json\/wp\/v2\/comments?post=14531"}],"version-history":[{"count":1,"href":"https:\/\/moir.com.co\/web\/wp-json\/wp\/v2\/posts\/14531\/revisions"}],"predecessor-version":[{"id":14533,"href":"https:\/\/moir.com.co\/web\/wp-json\/wp\/v2\/posts\/14531\/revisions\/14533"}],"wp:featuredmedia":[{"embeddable":true,"href":"https:\/\/moir.com.co\/web\/wp-json\/wp\/v2\/media\/14532"}],"wp:attachment":[{"href":"https:\/\/moir.com.co\/web\/wp-json\/wp\/v2\/media?parent=14531"}],"wp:term":[{"taxonomy":"category","embeddable":true,"href":"https:\/\/moir.com.co\/web\/wp-json\/wp\/v2\/categories?post=14531"},{"taxonomy":"post_tag","embeddable":true,"href":"https:\/\/moir.com.co\/web\/wp-json\/wp\/v2\/tags?post=14531"}],"curies":[{"name":"wp","href":"https:\/\/api.w.org\/{rel}","templated":true}]}}