{"id":14529,"date":"2018-02-20T17:04:11","date_gmt":"2018-02-20T17:04:11","guid":{"rendered":"https:\/\/moir.org.co\/web\/?p=14529"},"modified":"2018-02-20T17:04:11","modified_gmt":"2018-02-20T17:04:11","slug":"seguire-en-el-senado-con-la-frente-en-alto-y-siempre-inspirado-en-hacer-lo-mejor-para-colombia-robledo","status":"publish","type":"post","link":"https:\/\/moir.com.co\/web\/seguire-en-el-senado-con-la-frente-en-alto-y-siempre-inspirado-en-hacer-lo-mejor-para-colombia-robledo\/","title":{"rendered":"Seguir\u00e9 en el Senado con la frente en alto y siempre inspirado en hacer lo mejor para Colombia: Robledo"},"content":{"rendered":"<p><strong>Oficina de prensa del senador Jorge Enrique Robledo, Bogot\u00e1, febrero 20 de 2018<\/strong><\/p>\n<table class=\"templateContainer\" border=\"0\" width=\"100%\" cellspacing=\"0\" cellpadding=\"0\">\n<tbody>\n<tr>\n<td align=\"center\" valign=\"top\" bgcolor=\"#f9fafc\">\n<div>\n<table class=\"rnb-del-min-width\" border=\"0\" width=\"100%\" cellspacing=\"0\" cellpadding=\"0\" bgcolor=\"#f9fafc\">\n<tbody>\n<tr>\n<td class=\"rnb-del-min-width\" align=\"center\" valign=\"top\" bgcolor=\"#f9fafc\">\n<table class=\"rnb-container\" border=\"0\" width=\"100%\" cellspacing=\"0\" cellpadding=\"0\" bgcolor=\"#ffffff\">\n<tbody>\n<tr>\n<td class=\"rnb-container-padding\" align=\"left\" valign=\"top\" bgcolor=\"#ffffff\">\n<table class=\"rnb-columns-container\" border=\"0\" width=\"100%\" cellspacing=\"0\" cellpadding=\"0\">\n<tbody>\n<tr>\n<td class=\"rnb-force-col\" valign=\"top\">\n<table class=\"rnb-col-1\" border=\"0\" width=\"100%\" cellspacing=\"0\" cellpadding=\"0\" align=\"left\">\n<tbody>\n<tr>\n<td>\n<div>\n<div>M\u00e1s de 2000 l\u00edderes del Polo Democr\u00e1tico Alternativo en Bogot\u00e1 se reunieron en el Centro de Convenciones Gonzalo Jim\u00e9nez de Quesada para expresar su respaldo a las candidaduras de Jorge Enrique Robledo al Senado Polo #1, Germ\u00e1n Navas Talero Polo #101, Sergio Fern\u00e1ndez Polo #102 y Mar\u00eda E. Botero Polo #111 a la C\u00e1mara y Sergio Fajardo a la Presidencia.<\/div>\n<div><\/div>\n<div>Robledo, catalogado en 6 ocasiones como el mejor senador del pa\u00eds, dijo que sus decisiones y las del Polo siempre han estado inspiradas en buscar lo mejor para Colombia.<\/div>\n<div><\/div>\n<div>El senador m\u00e1s votado del pa\u00eds, exalt\u00f3 la labor de los congresistas del Polo y afirm\u00f3 \u201cla historia del Congreso de Colombia se parte en dos despu\u00e9s de la llegada del Polo\u201d.<\/div>\n<div><\/div>\n<div>Frente a la decisi\u00f3n de volver al Senado y respaldar a Fajardo precis\u00f3 que \u201cfue una decisi\u00f3n de consenso\u201d. Tambi\u00e9n dijo \u201cestoy seguro de que si Carlos Gaviria estuviera vivo estar\u00eda aqu\u00ed presidiendo este evento\u201d.<\/div>\n<div><\/div>\n<div><strong>Fajardo, candidato presidencial<\/strong><\/div>\n<div><\/div>\n<div>El candidato presidencial de la Coalici\u00f3n Colombia, Sergio Fajardo, destac\u00f3 la pasi\u00f3n, la decencia y la lealtad de los polistas y afirm\u00f3 que se identifica con una palabra que se usa mucho en el Polo, la palabra Dignidad. Para Fajardo, en palabras sencillas, dignidad significa \u201cno arrodill\u00e1rsele a nadie\u201d y agreg\u00f3 \u201cnosotros no nos le arrodillamos a nadie, nunca\u201d.<\/div>\n<div><\/div>\n<\/div>\n<\/td>\n<\/tr>\n<\/tbody>\n<\/table>\n<\/td>\n<\/tr>\n<\/tbody>\n<\/table>\n<\/td>\n<\/tr>\n<tr>\n<td height=\"20\"><\/td>\n<\/tr>\n<\/tbody>\n<\/table>\n<\/td>\n<\/tr>\n<\/tbody>\n<\/table>\n<\/div>\n<\/td>\n<\/tr>\n<tr>\n<td align=\"center\" valign=\"top\" bgcolor=\"#f9fafc\">\n<div>\n<table id=\"Layout_16\" class=\"rnb-del-min-width\" border=\"0\" width=\"100%\" cellspacing=\"0\" cellpadding=\"0\" bgcolor=\"#f9fafc\">\n<tbody>\n<tr>\n<td class=\"rnb-del-min-width\" align=\"center\" valign=\"top\">\n<table class=\"rnb-container\" border=\"0\" width=\"100%\" cellspacing=\"0\" cellpadding=\"0\" align=\"center\" bgcolor=\"#ffffff\">\n<tbody>\n<tr>\n<td align=\"center\" valign=\"top\">\n<table border=\"0\" cellspacing=\"0\" cellpadding=\"0\">\n<tbody>\n<tr>\n<td>\n<div>\n<div><a href=\"http:\/\/r.contacto.jorgerobledo.com\/track\/click\/8t7qgqt2e8yb6bd\" target=\"_blank\" rel=\"noopener\"><img data-recalc-dims=\"1\" decoding=\"async\" class=\"rnb-header-img\" src=\"https:\/\/i0.wp.com\/r.contacto.jorgerobledo.com\/7tmf6oyb6be.png?w=453\" alt=\"\"  border=\"0\" hspace=\"0\" vspace=\"0\" \/> <\/a><\/div>\n<div><\/div>\n<\/div>\n<\/td>\n<\/tr>\n<\/tbody>\n<\/table>\n<\/td>\n<\/tr>\n<\/tbody>\n<\/table>\n<\/td>\n<\/tr>\n<\/tbody>\n<\/table>\n<\/div>\n<\/td>\n<\/tr>\n<tr>\n<td align=\"center\" valign=\"top\" bgcolor=\"#f9fafc\">\n<div>\n<table class=\"rnb-del-min-width\" border=\"0\" width=\"100%\" cellspacing=\"0\" cellpadding=\"0\" bgcolor=\"#f9fafc\">\n<tbody>\n<tr>\n<td class=\"rnb-del-min-width\" align=\"center\" valign=\"top\" bgcolor=\"#f9fafc\">\n<table class=\"rnb-container\" border=\"0\" width=\"100%\" cellspacing=\"0\" cellpadding=\"0\" bgcolor=\"#ffffff\">\n<tbody>\n<tr>\n<td height=\"20\"><\/td>\n<\/tr>\n<tr>\n<td class=\"rnb-container-padding\" align=\"left\" valign=\"top\" bgcolor=\"#ffffff\">\n<table class=\"rnb-columns-container\" border=\"0\" width=\"100%\" cellspacing=\"0\" cellpadding=\"0\">\n<tbody>\n<tr>\n<td class=\"rnb-force-col\" valign=\"top\">\n<table class=\"rnb-col-1\" border=\"0\" width=\"100%\" cellspacing=\"0\" cellpadding=\"0\" align=\"left\">\n<tbody>\n<tr>\n<td>\n<div>\n<div>\u201cRobledo siempre tiene presente a los trabajadores, a la gente sencilla, a los campesinos, a los ind\u00edgenas, a los que no tienen voz, les debo decir que ellos est\u00e1n muy bien representados\u201d dijo el matem\u00e1tico y ex acalde de Medell\u00edn.<\/div>\n<div><\/div>\n<div>Fajardo, quien afirm\u00f3 que es evidente el malestar que se siente en Colombia, dijo que durante su gobierno no se aumentar\u00e1 la edad de pensi\u00f3n, sino que se promover\u00e1 el empleo formal a trav\u00e9s del fortalecimiento de las peque\u00f1as y medianas empresas.<\/div>\n<div><\/div>\n<div>Alvaro Argote, Presidente del Polo, afirm\u00f3 que Fajardo es el llamado a reconciliar al pa\u00eds. Sobre Robledo dijo que no solo es el mejor senador del pa\u00eds, sino que su figura representa un baluarte para la democracia colombiana.<\/div>\n<div><\/div>\n<div><strong>Los candidatos a la C\u00e1mara<\/strong><\/div>\n<div><\/div>\n<div>A su turno, el representante a la C\u00e1mara m\u00e1s votado en Bogot\u00e1, Germ\u00e1n Navas Talero se\u00f1al\u00f3 que seguir\u00e1 defendiendo la democracia desde el Congreso y rechazando el p\u00e9simo gobierno de Pe\u00f1alosa. Navas Talero, quien ha sido reconocido en varias ocasiones como el mejor representante del pa\u00eds, encabeza la lista del Polo a la C\u00e1mara por Bogot\u00e1.<\/div>\n<div><\/div>\n<div>La candidata a la C\u00e1mara Mar\u00eda E Botero, empresaria del sector taxista, manifest\u00f3 que ser\u00e1 una defensora de la legalidad y combatir\u00e1 todas las formas de pirater\u00eda que afecta al gremio y a la econom\u00eda del pa\u00eds. Botero tambi\u00e9n se comprometi\u00f3 con la defensa de las mujeres y la promoci\u00f3n de la igualdad.<\/div>\n<div><\/div>\n<div>El tambi\u00e9n candidato a la C\u00e1mara Sergio Fern\u00e1ndez, reconocido por su papel como vocero del movimiento estudiantil de la MANE y promotor de la revocatoria al alcalde Enrique Pe\u00f1alosa, reivindic\u00f3 las ideas del Polo y dijo que es la Coalici\u00f3n Colombia es la llamada a hacer las reformas democr\u00e1ticas que demanda el pa\u00eds.<\/div>\n<\/div>\n<\/td>\n<\/tr>\n<\/tbody>\n<\/table>\n<\/td>\n<\/tr>\n<\/tbody>\n<\/table>\n<\/td>\n<\/tr>\n<\/tbody>\n<\/table>\n<\/td>\n<\/tr>\n<\/tbody>\n<\/table>\n<\/div>\n<\/td>\n<\/tr>\n<\/tbody>\n<\/table>\n","protected":false},"excerpt":{"rendered":"<p>Oficina de prensa del senador Jorge Enrique Robledo, Bogot\u00e1, febrero 20 de 2018 M\u00e1s de 2000 l\u00edderes del Polo Democr\u00e1tico Alternativo en Bogot\u00e1 se reunieron en el Centro de Convenciones Gonzalo Jim\u00e9nez de Quesada para expresar su respaldo a las candidaduras de Jorge Enrique Robledo al Senado Polo #1, Germ\u00e1n Navas Talero Polo #101, Sergio [&hellip;]<\/p>\n","protected":false},"author":1,"featured_media":14500,"comment_status":"open","ping_status":"open","sticky":false,"template":"","format":"standard","meta":{"advanced_seo_description":"","jetpack_seo_html_title":"","jetpack_seo_noindex":false,"_jetpack_memberships_contains_paid_content":false,"footnotes":""},"categories":[101,76,102,103,97,4,98],"tags":[],"class_list":["post-14529","post","type-post","status-publish","format-standard","has-post-thumbnail","hentry","category-bogota","category-ciencia","category-economia","category-educacion","category-imperialismo-y-neoliberalismo","category-jorge-enrique-robledo","category-politica"],"jetpack_featured_media_url":"https:\/\/i0.wp.com\/moir.com.co\/web\/wp-content\/uploads\/2018\/02\/robledosenado2018.jpg?fit=400%2C421&ssl=1","jetpack-related-posts":[{"id":17805,"url":"https:\/\/moir.com.co\/web\/video-intervencion-de-jorge-enrique-robledo-en-la-audiencia-bogota-no-se-vende\/","url_meta":{"origin":14529,"position":0},"title":"Video: Intervenci\u00f3n de Jorge Enrique Robledo en la audiencia &#8220;Bogot\u00e1 No Se Vende&#8221;","author":"admin","date":"julio 23, 2019","format":"video","excerpt":"Bogot\u00e1, julio 18 de 2019","rel":"","context":"En \u00abBogot\u00e1\u00bb","block_context":{"text":"Bogot\u00e1","link":"https:\/\/moir.com.co\/web\/category\/temas\/bogota\/"},"img":{"alt_text":"","src":"","width":0,"height":0},"classes":[]},{"id":17279,"url":"https:\/\/moir.com.co\/web\/video-penalosa-quiere-gastarse-200-000-millones-en-un-proyecto-por-fuera-de-bogota-concejal-manuel-sarmiento-y-senador-jorge-enrique-robledo\/","url_meta":{"origin":14529,"position":1},"title":"Video: Pe\u00f1alosa quiere gastarse $200.000 millones en un proyecto por fuera de Bogot\u00e1, concejal Manuel Sarmiento y senador Jorge Enrique Robledo","author":"admin","date":"abril 11, 2019","format":"video","excerpt":"Bogot\u00e1, abril 10 de 2019","rel":"","context":"En \u00abBogot\u00e1\u00bb","block_context":{"text":"Bogot\u00e1","link":"https:\/\/moir.com.co\/web\/category\/temas\/bogota\/"},"img":{"alt_text":"","src":"","width":0,"height":0},"classes":[]},{"id":2731,"url":"https:\/\/moir.com.co\/web\/el-senador-jorge-enrique-robledo-junto-con-el-alcalde-mayor-de-bogota\/","url_meta":{"origin":14529,"position":2},"title":"El senador Jorge Enrique Robledo junto con el Alcalde Mayor de Bogot\u00e1","author":"admin","date":"octubre 26, 2008","format":false,"excerpt":"","rel":"","context":"En \u00abGaler\u00edas\u00bb","block_context":{"text":"Galer\u00edas","link":"https:\/\/moir.com.co\/web\/category\/multimedia\/galerias\/"},"img":{"alt_text":"","src":"","width":0,"height":0},"classes":[]},{"id":1230,"url":"https:\/\/moir.com.co\/web\/debate-del-senador-jorge-enrique-robledo-con-el-ex-alcalde-de-bogota-enrique-penalosa-sobre-los-precios-de-la-gasolina-real\/","url_meta":{"origin":14529,"position":3},"title":"DEBATE DEL SENADOR JORGE ENRIQUE ROBLEDO CON EL EX-ALCALDE DE BOGOT\u00c1, ENRIQUE PE\u00d1ALOSA, SOBRE LOS PRECIOS DE LA GASOLINA, REAL","author":"admin","date":"agosto 15, 2005","format":false,"excerpt":"Escuchar Archivo de Sonido; duraci\u00f3n 00:38:32","rel":"","context":"En \u00abEscritos del Moir\u00bb","block_context":{"text":"Escritos del Moir","link":"https:\/\/moir.com.co\/web\/category\/moir\/escritos-del-moir\/"},"img":{"alt_text":"","src":"","width":0,"height":0},"classes":[]},{"id":3783,"url":"https:\/\/moir.com.co\/web\/reunion-con-el-senador-jorge-enrique-robledo-en-la-localidad-de-teusaquillo-en-bogota-noviembre-18-de-2009\/","url_meta":{"origin":14529,"position":4},"title":"Reuni\u00f3n con el senador Jorge Enrique Robledo en la Localidad de Teusaquillo en Bogot\u00e1, noviembre 18 de 2009","author":"admin","date":"noviembre 19, 2009","format":false,"excerpt":"","rel":"","context":"En \u00abGaler\u00edas\u00bb","block_context":{"text":"Galer\u00edas","link":"https:\/\/moir.com.co\/web\/category\/multimedia\/galerias\/"},"img":{"alt_text":"","src":"","width":0,"height":0},"classes":[]},{"id":4036,"url":"https:\/\/moir.com.co\/web\/acto-del-senador-jorge-enrique-robledo-en-la-localidad-de-chapinero-bogota-febrero-3-de-2010\/","url_meta":{"origin":14529,"position":5},"title":"Acto del senador Jorge Enrique Robledo en la Localidad de Chapinero, Bogot\u00e1, febrero 3 de 2010","author":"admin","date":"febrero 3, 2010","format":false,"excerpt":"","rel":"","context":"En \u00abGaler\u00edas\u00bb","block_context":{"text":"Galer\u00edas","link":"https:\/\/moir.com.co\/web\/category\/multimedia\/galerias\/"},"img":{"alt_text":"","src":"","width":0,"height":0},"classes":[]}],"jetpack_sharing_enabled":true,"_links":{"self":[{"href":"https:\/\/moir.com.co\/web\/wp-json\/wp\/v2\/posts\/14529","targetHints":{"allow":["GET"]}}],"collection":[{"href":"https:\/\/moir.com.co\/web\/wp-json\/wp\/v2\/posts"}],"about":[{"href":"https:\/\/moir.com.co\/web\/wp-json\/wp\/v2\/types\/post"}],"author":[{"embeddable":true,"href":"https:\/\/moir.com.co\/web\/wp-json\/wp\/v2\/users\/1"}],"replies":[{"embeddable":true,"href":"https:\/\/moir.com.co\/web\/wp-json\/wp\/v2\/comments?post=14529"}],"version-history":[{"count":1,"href":"https:\/\/moir.com.co\/web\/wp-json\/wp\/v2\/posts\/14529\/revisions"}],"predecessor-version":[{"id":14530,"href":"https:\/\/moir.com.co\/web\/wp-json\/wp\/v2\/posts\/14529\/revisions\/14530"}],"wp:featuredmedia":[{"embeddable":true,"href":"https:\/\/moir.com.co\/web\/wp-json\/wp\/v2\/media\/14500"}],"wp:attachment":[{"href":"https:\/\/moir.com.co\/web\/wp-json\/wp\/v2\/media?parent=14529"}],"wp:term":[{"taxonomy":"category","embeddable":true,"href":"https:\/\/moir.com.co\/web\/wp-json\/wp\/v2\/categories?post=14529"},{"taxonomy":"post_tag","embeddable":true,"href":"https:\/\/moir.com.co\/web\/wp-json\/wp\/v2\/tags?post=14529"}],"curies":[{"name":"wp","href":"https:\/\/api.w.org\/{rel}","templated":true}]}}