{"id":14510,"date":"2018-02-19T15:53:20","date_gmt":"2018-02-19T15:53:20","guid":{"rendered":"https:\/\/moir.org.co\/web\/?p=14510"},"modified":"2018-02-19T15:53:20","modified_gmt":"2018-02-19T15:53:20","slug":"la-inconveniencia-del-voto-emocional","status":"publish","type":"post","link":"https:\/\/moir.com.co\/web\/la-inconveniencia-del-voto-emocional\/","title":{"rendered":"La inconveniencia del voto emocional"},"content":{"rendered":"<p><strong>Libardo G\u00f3mez S\u00e1nchez, Neiva, febrero 19 de 2018<\/strong><\/p>\n<p>Una de las taras del proceso electoral en Colombia, adem\u00e1s de la compra de votos, los manejos en la Registraduria, etc., tiene que ver con que los electores generalmente eligen de manera emocional y no racional, es decir, deciden su voto por factores que no involucran el an\u00e1lisis de la historia de vida del candidato, su coherencia y la pertinencia de sus propuestas, por ello la mayor\u00eda de las veces tienden a equivocarse y como dijera el senador Robledo del Polo: el domingo votan mal y esperan el lunes que los gobiernen bien.<\/p>\n<p>&nbsp;<\/p>\n<p>Si los electores contin\u00faan apoyando a pol\u00edticos, que haciendo uso de la mermelada se adjudican la realizaci\u00f3n de proyectos en su regi\u00f3n que son responsabilidad del Estado o aprovechando las posiciones que les entregan en entidades p\u00fablicas, otorgan puestos o contratos para los que exigen mordida e incondicionalidad a la inmensa cantidad de desempleados que pululan por las calles, \u00a0consecuencia de las pol\u00edticas econ\u00f3micas que esos miembros de los partidos de los mismos con las mismas aprobaron en el congreso; seguiremos siendo v\u00edctimas del chantaje a que nos tienen sometidos y nada cambiara, por el contrario, confirmaremos que toda situaci\u00f3n desastrosa es susceptible de empeorar.<\/p>\n<p>&nbsp;<\/p>\n<p>Si a diferencia de esa costumbre, en el proceso electoral que se avecina los votantes revisan, que parlamentarios han cumplido una destacada labor de control pol\u00edtico: denunciaron los innumerables casos de corrupci\u00f3n en Reficar, Navelena, las v\u00edas 4G con Odebrech, el criminal robo de la alimentaci\u00f3n escolar; se opusieron a la aprobaci\u00f3n de Tratados de Libre Comercio que tanto da\u00f1o le han ocasionado a nuestra precaria Industria y al Agro; a la ley de Zidres que permite la entrega de inmensas porciones del territorio a las multinacionales extranjeras; propusieron leyes que alivian a sectores sociales vulnerados en sus derechos como los pensionados y\u00a0 las madres comunitarias; han procurado impedir la venta a menos precio del patrimonio nacional como ocurri\u00f3 con Isagen o Ecopetrol por pedazos; han acompa\u00f1ado a diferentes sectores de la producci\u00f3n en su legitimo reclamo por leyes y normas que los afectan y los pone en desventaja\u00a0 con la competencia extranjera; sin dudarlo tendr\u00edan que marcar en el tarjet\u00f3n el logo amarillo del Polo Democr\u00e1tico Alternativo, pues su bancada sin ambig\u00fcedades ha mantenido una postura de defensa del patrimonio p\u00fablico y de la soberan\u00eda nacional, por ello nunca apoyaron al gobierno de Santos ni su elecci\u00f3n, distinto de otros que hoy con labia sugestiva se presentan como redentores.<\/p>\n<p>&nbsp;<\/p>\n<p>Adenda: el mi\u00e9rcoles 21 de febrero 4:00 p.m. estaremos en el Parque Santander con Sergio Fajardo<\/p>\n","protected":false},"excerpt":{"rendered":"<p>Libardo G\u00f3mez S\u00e1nchez, Neiva, febrero 19 de 2018 Una de las taras del proceso electoral en Colombia, adem\u00e1s de la compra de votos, los manejos en la Registraduria, etc., tiene que ver con que los electores generalmente eligen de manera emocional y no racional, es decir, deciden su voto por factores que no involucran el [&hellip;]<\/p>\n","protected":false},"author":1,"featured_media":12487,"comment_status":"open","ping_status":"open","sticky":false,"template":"","format":"standard","meta":{"advanced_seo_description":"","jetpack_seo_html_title":"","jetpack_seo_noindex":false,"_jetpack_memberships_contains_paid_content":false,"footnotes":""},"categories":[114,102,103,97,98],"tags":[],"class_list":["post-14510","post","type-post","status-publish","format-standard","has-post-thumbnail","hentry","category-agro","category-economia","category-educacion","category-imperialismo-y-neoliberalismo","category-politica"],"jetpack_featured_media_url":"https:\/\/i0.wp.com\/moir.com.co\/web\/wp-content\/uploads\/2017\/05\/polo.jpg?fit=254%2C125&ssl=1","jetpack-related-posts":[{"id":9750,"url":"https:\/\/moir.com.co\/web\/verdades-electorales\/","url_meta":{"origin":14510,"position":0},"title":"Verdades electorales","author":"admin","date":"noviembre 6, 2015","format":false,"excerpt":"En las pasadas elecciones muchos colombianos, libremente, votaron por opciones diferentes a las del Polo Democr\u00e1tico Alternativo. Pero tambi\u00e9n es cierto que una porci\u00f3n decisiva de los electores de la Unidad Nacional lo hizo bajo el chantaje de un \u201co vota de esta manera o\u2026\u201d, f\u00f3rmula con la que se\u2026","rel":"","context":"En \u00abJorge Enrique Robledo\u00bb","block_context":{"text":"Jorge Enrique Robledo","link":"https:\/\/moir.com.co\/web\/category\/jorge-enrique-robledo\/"},"img":{"alt_text":"","src":"","width":0,"height":0},"classes":[]},{"id":8237,"url":"https:\/\/moir.com.co\/web\/clientelismo-y-modelo-economico\/","url_meta":{"origin":14510,"position":1},"title":"Clientelismo y modelo econ\u00f3mico","author":"admin","date":"febrero 14, 2014","format":false,"excerpt":"Los casi tres billones de pesos que aparecieron en el computador de Palacio como cupos indicativos de los congresistas partidarios de Santos, para que ellos escojan en qu\u00e9 obra p\u00fablica gastarlos, son parte del clientelismo con el que se extorsiona a las comunidades: \u201cSi no votan por m\u00ed no tendr\u00e1n\u2026","rel":"","context":"En \u00abJorge Enrique Robledo\u00bb","block_context":{"text":"Jorge Enrique Robledo","link":"https:\/\/moir.com.co\/web\/category\/jorge-enrique-robledo\/"},"img":{"alt_text":"","src":"","width":0,"height":0},"classes":[]},{"id":8680,"url":"https:\/\/moir.com.co\/web\/tapen-tapen-partidocracia-y-gatopardismo\/","url_meta":{"origin":14510,"position":2},"title":"Tapen-tapen, partidocracia y gatopardismo","author":"admin","date":"agosto 29, 2014","format":false,"excerpt":"Como ya se ha comentado en esta columna, analistas de la c\u00fapula del Estado colombiano como Alejandro Gaviria, Guillermo Perry y Rudolf Hommnes, entre otros, dicen que hace medio siglo la \u00e9lite del pa\u00eds, p\u00fablica y privada, acord\u00f3 perpetuarse en el poder con el clientelismo, sistema que usa los recursos\u2026","rel":"","context":"En \u00abJorge Enrique Robledo\u00bb","block_context":{"text":"Jorge Enrique Robledo","link":"https:\/\/moir.com.co\/web\/category\/jorge-enrique-robledo\/"},"img":{"alt_text":"","src":"","width":0,"height":0},"classes":[]},{"id":14356,"url":"https:\/\/moir.com.co\/web\/anecdotas-electorales\/","url_meta":{"origin":14510,"position":3},"title":"An\u00e9cdotas Electorales","author":"admin","date":"enero 29, 2018","format":false,"excerpt":"Libardo G\u00f3mez S\u00e1nchez, Neiva, enero 29 de 2018 En v\u00edsperas de la elecci\u00f3n de Senadores y Representantes a la C\u00e1mara, es frecuente escucharle a los potenciales electores historias reales o ficticias, que reflejan el estado de \u00e1nimo de la gente y su percepci\u00f3n sobre los candidatos en puja; queremos compartir\u2026","rel":"","context":"En \u00abPol\u00edtica\u00bb","block_context":{"text":"Pol\u00edtica","link":"https:\/\/moir.com.co\/web\/category\/temas\/politica\/"},"img":{"alt_text":"","src":"","width":0,"height":0},"classes":[]},{"id":8176,"url":"https:\/\/moir.com.co\/web\/las-luchas-sociales-y-las-elecciones-de-marzo\/","url_meta":{"origin":14510,"position":4},"title":"Las luchas sociales y las elecciones de marzo","author":"admin","date":"enero 17, 2014","format":false,"excerpt":"Quien haya recorrido en los \u00faltimos meses a Boyac\u00e1 y a los departamentos de los paros agropecuarios del a\u00f1o pasado \u2013Huila, Nari\u00f1o, Antioquia, Cauca, Eje Cafetero, Valle, Santander, Tolima, Meta\u2013 pudo notar dos fen\u00f3menos pol\u00edticos. El primero, la gran amplitud y magnitud de unas movilizaciones en las que se unieron\u2026","rel":"","context":"En \u00abJorge Enrique Robledo\u00bb","block_context":{"text":"Jorge Enrique Robledo","link":"https:\/\/moir.com.co\/web\/category\/jorge-enrique-robledo\/"},"img":{"alt_text":"","src":"","width":0,"height":0},"classes":[]},{"id":4239,"url":"https:\/\/moir.com.co\/web\/retrocedio-el-polo\/","url_meta":{"origin":14510,"position":5},"title":"\u00bfRetrocedi\u00f3 el Polo?","author":"admin","date":"marzo 24, 2010","format":false,"excerpt":"Concluida la campa\u00f1a electoral y conocidos los resultados, muchos de los \u201canalistas de la cosa pol\u00edtica\u201d y algunos compa\u00f1eros del Polo, afirman que el Polo retrocedi\u00f3. Sustentan tal aseveraci\u00f3n en el hecho de que elegimos tres senadores y dos c\u00e1mara menos y que, en general, bajamos la votaci\u00f3n o no\u2026","rel":"","context":"En \u00abOscar Guti\u00e9rrez Reyes\u00bb","block_context":{"text":"Oscar Guti\u00e9rrez Reyes","link":"https:\/\/moir.com.co\/web\/category\/bitacoras\/oscar-gutierrez-reyes\/"},"img":{"alt_text":"","src":"","width":0,"height":0},"classes":[]}],"jetpack_sharing_enabled":true,"_links":{"self":[{"href":"https:\/\/moir.com.co\/web\/wp-json\/wp\/v2\/posts\/14510","targetHints":{"allow":["GET"]}}],"collection":[{"href":"https:\/\/moir.com.co\/web\/wp-json\/wp\/v2\/posts"}],"about":[{"href":"https:\/\/moir.com.co\/web\/wp-json\/wp\/v2\/types\/post"}],"author":[{"embeddable":true,"href":"https:\/\/moir.com.co\/web\/wp-json\/wp\/v2\/users\/1"}],"replies":[{"embeddable":true,"href":"https:\/\/moir.com.co\/web\/wp-json\/wp\/v2\/comments?post=14510"}],"version-history":[{"count":1,"href":"https:\/\/moir.com.co\/web\/wp-json\/wp\/v2\/posts\/14510\/revisions"}],"predecessor-version":[{"id":14511,"href":"https:\/\/moir.com.co\/web\/wp-json\/wp\/v2\/posts\/14510\/revisions\/14511"}],"wp:featuredmedia":[{"embeddable":true,"href":"https:\/\/moir.com.co\/web\/wp-json\/wp\/v2\/media\/12487"}],"wp:attachment":[{"href":"https:\/\/moir.com.co\/web\/wp-json\/wp\/v2\/media?parent=14510"}],"wp:term":[{"taxonomy":"category","embeddable":true,"href":"https:\/\/moir.com.co\/web\/wp-json\/wp\/v2\/categories?post=14510"},{"taxonomy":"post_tag","embeddable":true,"href":"https:\/\/moir.com.co\/web\/wp-json\/wp\/v2\/tags?post=14510"}],"curies":[{"name":"wp","href":"https:\/\/api.w.org\/{rel}","templated":true}]}}