{"id":14499,"date":"2018-02-17T20:44:09","date_gmt":"2018-02-17T20:44:09","guid":{"rendered":"https:\/\/moir.org.co\/web\/?p=14499"},"modified":"2018-02-17T20:44:09","modified_gmt":"2018-02-17T20:44:09","slug":"no-es-tan-dificil-decidir-por-quien-votar","status":"publish","type":"post","link":"https:\/\/moir.com.co\/web\/no-es-tan-dificil-decidir-por-quien-votar\/","title":{"rendered":"No es tan dif\u00edcil decidir por quien votar"},"content":{"rendered":"<p><strong>Jorge Enrique Robledo, Bogot\u00e1, febrero 16 de 2018<\/strong><\/p>\n<div>Aunque este debate electoral aparece muy confuso, puede entenderse lo que pasa siempre que no se pierda de vista que se escoger\u00e1 entre continuismo y cambio y se consideren los siguientes elementos.<\/div>\n<div><\/div>\n<div>1.- Colombia est\u00e1 muy mal si se piensa en su enorme potencial, de los mayores del mundo. Porque tenemos un gran territorio lleno de recursos y una ciudadan\u00eda muy trabajadora y creativa. Luego el pa\u00eds deber\u00eda funcionar con niveles de bienestar muy superiores a los exiguos que padecemos.<\/div>\n<div><\/div>\n<div>2.- Cuatro pruebas reina del drama nacional. A. Colombia produce muy poca riqueza por habitante y con un peso enorme de las materias primas en esa producci\u00f3n, como en la Colonia. B. \u00a175 de cada cien colombianos est\u00e1n en el desempleo o el rebusque!, condici\u00f3n ignominiosa de la que poco se habla. C. Es normal que a las mujeres, los ni\u00f1os, los ind\u00edgenas, los negros y los LGBTI los maltraten y hasta los asesinen por el simple hecho de ser lo que son. D. El acuerdo del Frente Nacional para ganar las elecciones mediante el clientelismo y la corrupci\u00f3n, que se mantiene, hizo de Colombia uno de los pa\u00edses m\u00e1s corruptos del mundo.<\/div>\n<div><\/div>\n<div>3.- No estamos as\u00ed por una falla gen\u00e9tica, como por ignorancia o viveza se afirma. El problema obedece a que hemos sido mal gobernados desde siempre y en especial luego del Frente Nacional y el gobierno de Cesar Gaviria. Nunca ning\u00fan gobierno se ha propuesto establecer en Colombia una econom\u00eda de mercado y unas relaciones sociales y pol\u00edticas parecidas a las de los pa\u00edses desarrollados.<\/div>\n<div><\/div>\n<div>4.- Los responsables son los mismos con las mismas, porque son ellos los que han gobernado desde siempre y con unas pol\u00edticas tan equivocadas que ni siquiera dejan crear m\u00e1s riqueza \u2013la primera causa del problema del desempleo y la pobreza\u2013 y esta se reparte con una de las peores desigualdades sociales del mundo.<\/div>\n<div><\/div>\n<div>5.- Todo montado sobre una corrupci\u00f3n pol\u00edtica tal, que las relaciones entre los mismos con las mismas se rigen por el famoso CVY \u2013C\u00f3mo Voy Yo\u2013, de manera que el apoyo a cada decisi\u00f3n de la Casa de Nari\u00f1o no depende de si beneficia o no al pa\u00eds sino de que sea pago, aun cuando solo favorezca a los pocos beneficiarios del Consenso de Washington y a la s\u00faper concentraci\u00f3n de los negocios en manos de unos cuantos, ojal\u00e1 extranjeros.<\/div>\n<div><\/div>\n<div>6.- El juego pol\u00edtico principal de los mismos con las mismas en esta campa\u00f1a consiste en obligarnos a escoger entre sus candidatos, usando el proceso de paz y sus derivados para cargar de miedo y de odio a los colombianos, condici\u00f3n que facilita manipularlos y ocultar que en todos los dem\u00e1s asuntos claves son cortados por la misma tijera. Hasta el rid\u00edculo han llegado: su \u201cdemocracia\u201d consiste en que podamos elegir entre los que digan el Presidente y los expresidentes. Carreras de caballos con caballos del mismo due\u00f1o.<\/div>\n<div><\/div>\n<div>Su decisi\u00f3n entonces, apreciado lector, no es tan enredada. Le toca escoger entre reelegir a los mismos con las mismas de los \u00faltimos 16 a\u00f1os y m\u00e1s atr\u00e1s, o votar por quienes no han hecho parte de la partidocracia y prefieren incluso la derrota a ganar mediante m\u00e9todos que averg\u00fcenzan. Removerlos es lo que proponen la Coalici\u00f3n Colombia (Polo, Verdes y Compromiso) y Sergio Fajardo, el \u00fanico candidato que puede generar una unidad de la naci\u00f3n tan amplia que pueda derrotar a los continuismos y gobernar de una manera diferente.<\/div>\n<div><\/div>\n<div>Con las elecciones de 2010 y 2014 pudo pensarse que la corrupci\u00f3n y otras lacras hab\u00edan tocado fondo \u2013recuerden Odebrecht\u2013, mas no fue as\u00ed. Estamos ante las m\u00e1s sucias de la historia del pa\u00eds. Porque adem\u00e1s de las ma\u00f1as de siempre pero exacerbadas \u2013clientelismo y corrupci\u00f3n para todos los fines\u2013, en mucho convirtieron a las redes en cloacas cargadas de cuentas falsas, m\u00e1quinas para hacer ataques masivos y matones contratados para redactar mentiras descaradas y silenciar a como d\u00e9 lugar a los contradictores. \u00a1El reino del todo vale!<\/div>\n<div><\/div>\n<div>Una parte muy importante de estas agresiones van contra Sergio Fajardo, la Alianza Verde y el Polo Democr\u00e1tico, para repetir el plebiscito del S\u00ed y el No, imponer una segunda vuelta entre santistas y uribistas y ocultar que coinciden en el 99 por ciento de los asuntos medulares. Y ojal\u00e1 lograr, aunque estoy seguro de que se quedar\u00e1n con los crespos hechos, que las voces del Polo desaparezcan del Congreso de la Rep\u00fablica.<\/div>\n","protected":false},"excerpt":{"rendered":"<p>Jorge Enrique Robledo, Bogot\u00e1, febrero 16 de 2018 Aunque este debate electoral aparece muy confuso, puede entenderse lo que pasa siempre que no se pierda de vista que se escoger\u00e1 entre continuismo y cambio y se consideren los siguientes elementos. 1.- Colombia est\u00e1 muy mal si se piensa en su enorme potencial, de los mayores [&hellip;]<\/p>\n","protected":false},"author":1,"featured_media":14500,"comment_status":"open","ping_status":"open","sticky":false,"template":"","format":"standard","meta":{"advanced_seo_description":"","jetpack_seo_html_title":"","jetpack_seo_noindex":false,"_jetpack_memberships_contains_paid_content":false,"footnotes":""},"categories":[102,97,4,98],"tags":[],"class_list":["post-14499","post","type-post","status-publish","format-standard","has-post-thumbnail","hentry","category-economia","category-imperialismo-y-neoliberalismo","category-jorge-enrique-robledo","category-politica"],"jetpack_featured_media_url":"https:\/\/i0.wp.com\/moir.com.co\/web\/wp-content\/uploads\/2018\/02\/robledosenado2018.jpg?fit=400%2C421&ssl=1","jetpack-related-posts":[{"id":7785,"url":"https:\/\/moir.com.co\/web\/tlc-con-la-union-europea-es-ilegal-y-provocara-danos-enormes-al-agro-y-a-la-industria-nacional\/","url_meta":{"origin":14499,"position":0},"title":"TLC con la Uni\u00f3n Europea es ilegal y provocar\u00e1 da\u00f1os enormes al agro y a la industria nacional","author":"admin","date":"agosto 1, 2013","format":false,"excerpt":"TLC con la UE se impone violando la Constituci\u00f3n. UE otorga subsidios a su agro por m\u00e1s de 70.000 millones de euros. Ser\u00e1 tan lesivo como el TLC con Estados Unidos. El gobierno de Santos infringi\u00f3 la Constituci\u00f3n al permitir la entrada en vigencia del Tratado de Libre Comercio con\u2026","rel":"","context":"En \u00abJorge Enrique Robledo\u00bb","block_context":{"text":"Jorge Enrique Robledo","link":"https:\/\/moir.com.co\/web\/category\/jorge-enrique-robledo\/"},"img":{"alt_text":"","src":"","width":0,"height":0},"classes":[]},{"id":7758,"url":"https:\/\/moir.com.co\/web\/renuncia-del-embajador-urrutia-un-triunfo-para-colombia-robledo-y-wilson-arias\/","url_meta":{"origin":14499,"position":1},"title":"Renuncia del embajador Urrutia, un triunfo para Colombia: Robledo y Wilson Arias","author":"admin","date":"julio 23, 2013","format":false,"excerpt":"Derrotado el tapen-tapen de la Casa de Nari\u00f1o. La ley de tierras que intenta Santos tramitar merece ser llamada Ley Urrutia. Decisivo papel del representante Wilson Arias. La renuncia de Carlos Urrutia, embajador en Washington, es un enorme triunfo para Colombia, afirm\u00f3 el senador Jorge Enrique Robledo, en rueda de\u2026","rel":"","context":"En \u00abJorge Enrique Robledo\u00bb","block_context":{"text":"Jorge Enrique Robledo","link":"https:\/\/moir.com.co\/web\/category\/jorge-enrique-robledo\/"},"img":{"alt_text":"","src":"","width":0,"height":0},"classes":[]},{"id":14903,"url":"https:\/\/moir.com.co\/web\/la-palabra-del-polo-esta-empenada-con-fajardo-jorge-enrique-robledo\/","url_meta":{"origin":14499,"position":2},"title":"\u2018La palabra del Polo est\u00e1 empe\u00f1ada con Fajardo\u2019: Jorge Enrique Robledo","author":"admin","date":"abril 14, 2018","format":false,"excerpt":"Entrevista de\u00a0la Redacci\u00f3n Pol\u00edtica a Jorge Enrique Robledo, El Tiempo, Bogot\u00e1, abril 14 de 2018 El senador\u00a0Jorge Enrique Robledo\u00a0(Polo), quien con el respaldo de su partido ayud\u00f3 a construir la Coalici\u00f3n Colombia para apoyar la candidatura presidencial de\u00a0Sergio Fajardo, en di\u00e1logo con EL TIEMPO, asegur\u00f3 que esa alianza ser\u00e1 ratificada\u2026","rel":"","context":"En \u00abJorge Enrique Robledo\u00bb","block_context":{"text":"Jorge Enrique Robledo","link":"https:\/\/moir.com.co\/web\/category\/jorge-enrique-robledo\/"},"img":{"alt_text":"","src":"https:\/\/i0.wp.com\/moir.com.co\/web\/wp-content\/uploads\/2018\/04\/robledoet140418.jpeg?fit=640%2C428&ssl=1&resize=350%2C200","width":350,"height":200,"srcset":"https:\/\/i0.wp.com\/moir.com.co\/web\/wp-content\/uploads\/2018\/04\/robledoet140418.jpeg?fit=640%2C428&ssl=1&resize=350%2C200 1x, https:\/\/i0.wp.com\/moir.com.co\/web\/wp-content\/uploads\/2018\/04\/robledoet140418.jpeg?fit=640%2C428&ssl=1&resize=525%2C300 1.5x"},"classes":[]},{"id":11224,"url":"https:\/\/moir.com.co\/web\/la-corrupcion-en-el-poder-el-nuevo-libro-de-jorge-enrique-robledo\/","url_meta":{"origin":14499,"position":3},"title":"La corrupci\u00f3n en el poder: El nuevo libro de Jorge Enrique Robledo","author":"admin","date":"noviembre 30, 2016","format":false,"excerpt":"Oficina de prensa del senador Jorge Enrique Robledo, Bogot\u00e1, noviembre 30 de 2016 * El texto denuncia y llama la atenci\u00f3n sobre las causas y la gravedad de este flagelo que azota al pa\u00eds. * \u201cSe pas\u00f3 de hacerle trampa a la ley a incluir la trampa en la ley,\u2026","rel":"","context":"En \u00abEconom\u00eda\u00bb","block_context":{"text":"Econom\u00eda","link":"https:\/\/moir.com.co\/web\/category\/temas\/economia\/"},"img":{"alt_text":"","src":"https:\/\/i0.wp.com\/moir.com.co\/web\/wp-content\/uploads\/2016\/11\/robledonuevolibrocorrupcion.png?fit=284%2C453&ssl=1&resize=350%2C200","width":350,"height":200},"classes":[]},{"id":11852,"url":"https:\/\/moir.com.co\/web\/jorge-enrique-robledo-en-dialogos-uniandinos-con-colombia\/","url_meta":{"origin":14499,"position":4},"title":"Jorge Enrique Robledo en Di\u00e1logos Uniandinos con Colombia","author":"admin","date":"marzo 7, 2017","format":"video","excerpt":"","rel":"","context":"En \u00abEconom\u00eda\u00bb","block_context":{"text":"Econom\u00eda","link":"https:\/\/moir.com.co\/web\/category\/temas\/economia\/"},"img":{"alt_text":"","src":"","width":0,"height":0},"classes":[]},{"id":2030,"url":"https:\/\/moir.com.co\/web\/robledo-en-segundo-dialogo-internacional-sobre-la-mineria-en-colombia\/","url_meta":{"origin":14499,"position":5},"title":"ROBLEDO, EN SEGUNDO DI\u00c1LOGO INTERNACIONAL SOBRE LA MINER\u00cdA EN COLOMBIA","author":"admin","date":"agosto 8, 2007","format":false,"excerpt":"Oficina de Prensa Senador Jorge Enrique Robledo, Bogot\u00e1, agosto 8 de 2007 Se inici\u00f3 hoy en Riohacha el Segundo Di\u00e1logo Internacional sobre la Miner\u00eda en Colombia y sus Conexiones Internacionales, que culminar\u00e1 ma\u00f1ana aprobando una agenda conjunta de trabajo entre las organizaciones y ONG que convocaron el evento.\u00a0 El senador\u2026","rel":"","context":"En \u00abJorge Enrique Robledo\u00bb","block_context":{"text":"Jorge Enrique Robledo","link":"https:\/\/moir.com.co\/web\/category\/jorge-enrique-robledo\/"},"img":{"alt_text":"","src":"","width":0,"height":0},"classes":[]}],"jetpack_sharing_enabled":true,"_links":{"self":[{"href":"https:\/\/moir.com.co\/web\/wp-json\/wp\/v2\/posts\/14499","targetHints":{"allow":["GET"]}}],"collection":[{"href":"https:\/\/moir.com.co\/web\/wp-json\/wp\/v2\/posts"}],"about":[{"href":"https:\/\/moir.com.co\/web\/wp-json\/wp\/v2\/types\/post"}],"author":[{"embeddable":true,"href":"https:\/\/moir.com.co\/web\/wp-json\/wp\/v2\/users\/1"}],"replies":[{"embeddable":true,"href":"https:\/\/moir.com.co\/web\/wp-json\/wp\/v2\/comments?post=14499"}],"version-history":[{"count":1,"href":"https:\/\/moir.com.co\/web\/wp-json\/wp\/v2\/posts\/14499\/revisions"}],"predecessor-version":[{"id":14501,"href":"https:\/\/moir.com.co\/web\/wp-json\/wp\/v2\/posts\/14499\/revisions\/14501"}],"wp:featuredmedia":[{"embeddable":true,"href":"https:\/\/moir.com.co\/web\/wp-json\/wp\/v2\/media\/14500"}],"wp:attachment":[{"href":"https:\/\/moir.com.co\/web\/wp-json\/wp\/v2\/media?parent=14499"}],"wp:term":[{"taxonomy":"category","embeddable":true,"href":"https:\/\/moir.com.co\/web\/wp-json\/wp\/v2\/categories?post=14499"},{"taxonomy":"post_tag","embeddable":true,"href":"https:\/\/moir.com.co\/web\/wp-json\/wp\/v2\/tags?post=14499"}],"curies":[{"name":"wp","href":"https:\/\/api.w.org\/{rel}","templated":true}]}}