{"id":14496,"date":"2018-02-17T20:36:27","date_gmt":"2018-02-17T20:36:27","guid":{"rendered":"https:\/\/moir.org.co\/web\/?p=14496"},"modified":"2018-02-17T20:36:27","modified_gmt":"2018-02-17T20:36:27","slug":"sabe-usted-que-debe-diez-millones-de-pesos","status":"publish","type":"post","link":"https:\/\/moir.com.co\/web\/sabe-usted-que-debe-diez-millones-de-pesos\/","title":{"rendered":"\u00bfSabe usted que debe diez millones de pesos?"},"content":{"rendered":"<p><strong>Amaury N\u00fa\u00f1ez Gonz\u00e1lez, Medell\u00edn, febrero 14 de 2018<\/strong><\/p>\n<p>Cada\u00a0colombiano\u00a0debe 10,5 millones de pesos por deuda externa. El dato resulta de dividir la deuda que pagar\u00eda cada uno, que hoy suma 470 billones. No es que sus finanzas personales est\u00e9n al borde del abismo \u00bfo s\u00ed? Y nos dedicamos a pagarla con una quinta parte del presupuesto anual.<\/p>\n<p>Pero, \u00bfc\u00f3mo se financia? Con bajos salarios, impuestos indirectos y un cintur\u00f3n cada vez m\u00e1s apretado. S\u00ed, en el segundo pa\u00eds m\u00e1s desigual de Am\u00e9rica Latina. Donde el 21% de los j\u00f3venes ni estudian ni trabajan. S\u00ed, donde 65 de cada 100 colombianos est\u00e1n en el desempleo o el rebusque. S\u00ed, donde los corruptos se roban 50 billones de pesos al a\u00f1o.<\/p>\n<p>El camino que recorri\u00f3 la regi\u00f3n, y\u00a0Colombia\u00a0en particular, tiene un encuadre hist\u00f3rico que ilustra el inter\u00e9s al que sirve crecer a punta de deuda. Durante la segunda mitad del siglo XX, los pa\u00edses de Am\u00e9rica Latina y el Caribe fueron el \u00e1rea de experimentaci\u00f3n econ\u00f3mica de mayor preponderancia en el mundo.<\/p>\n<p>All\u00ed fueron relevados el Estado de\u00a0bienestar, la asistencia social, la direcci\u00f3n econ\u00f3mica del empresariado nacional, la protecci\u00f3n del trabajador y las pol\u00edticas sociales para la reducci\u00f3n de brechas entre ricos y pobres.<\/p>\n<p>En el mundo se produjo una contrarrevoluci\u00f3n conservadora, que copiosamente se convirti\u00f3 en literatura econ\u00f3mica y manuales t\u00e9cnicos. Muchos foros con sus\u00a0expertos. Esos que pontificando produjeron un aumento en la participaci\u00f3n en la riqueza por parte del 10% m\u00e1s rico en Occidente, como se\u00f1al\u00f3 Piketty en su trabajo El Capital en el siglo XXI.<\/p>\n<p>El mundo registr\u00f3 desde los a\u00f1os 50 una desaceleraci\u00f3n del crecimiento econ\u00f3mico respecto a los 30 a\u00f1os anteriores. Entre los a\u00f1os 1913 y 1950, el crecimiento de la econom\u00eda mundial fue de 3,8% anual en promedio. Entre 1950 y 1973 este crecimiento descendi\u00f3 a 1,2 por ciento.<\/p>\n<p>De un instrumento del que se sirvieron las potencias mundiales, y los Estados Unidos para su recuperaci\u00f3n, fue la deuda externa. En el a\u00f1o 1971 fue de 70 mil millones de d\u00f3lares, en 1980 fue de 569 mil millones de d\u00f3lares. Esa fue la forma que tom\u00f3 la exportaci\u00f3n de capitales para reactivar el crecimiento de su tasa de ganancia. Hacia Am\u00e9rica Latina se fueron los d\u00f3lares buscando mayor rentabilidad.<\/p>\n<p>Para entonces los 10 mayores bancos de Estados Unidos prestaron al vecindario el 100% de sus activos. City Bank y Chase Manhattan Bank, cada uno, m\u00e1s del doble de sus activos entre 1974 y 1975. Creci\u00f3 el margen de los especuladores, y tambi\u00e9n crecieron los riesgos. Vendr\u00eda la crisis de deuda de los a\u00f1os 80: Polonia en 1980-81, Argentina, M\u00e9xico y Brasil en 1982, declararon impago.<\/p>\n<p>En el a\u00f1o 1982 aumenta la proporci\u00f3n de la deuda de los pa\u00edses debido a la elevaci\u00f3n de las tasas de inter\u00e9s: no hay riesgo sin colch\u00f3n. Y sigui\u00f3 creciendo. De 280 mil millones de d\u00f3lares en 1983, a 400 mil millones en 1988, pas\u00f3 la deuda en Am\u00e9rica Latina.<\/p>\n<p>Todo\u00a0apuntalado por una pol\u00edtica econ\u00f3mica donde la plata de afuera se convierte en amo y se\u00f1or de la direcci\u00f3n del Estado. De las decisiones. Hasta de las elecciones. Al cerrar los a\u00f1os noventa, primera d\u00e9cada de implementaci\u00f3n a fondo del neoliberalismo, los costos econ\u00f3micos y sociales fueron enormes.<\/p>\n<p>En Brasil, para el a\u00f1o 98, la deuda equival\u00eda a 4,4 veces las exportaciones de bienes y servicios. Argentina, por la explosi\u00f3n de su pol\u00edtica fiscal, declar\u00f3 moratoria de su deuda p\u00fablica en el a\u00f1o 2001. Entre 1994 y el a\u00f1o 2000 su deuda externa pas\u00f3 de 86 mil millones de d\u00f3lares a 140.<\/p>\n<p>Ecuador inici\u00f3 el milenio apurado. Entre 1998 y 2000, el Sucre, su moneda nacional para entonces, se devalu\u00f3 en m\u00e1s de 400%: su cambio a d\u00f3lar pas\u00f3 de 6.825 a 28 mil. La deuda externa pas\u00f3 de representar el 66% del PIB, en 1998, a 90% tan solo un a\u00f1o despu\u00e9s. Lo anterior aunado a la dolarizaci\u00f3n del pa\u00eds. Gregory Pallast lo llam\u00f3 \u201cgolpe de estado financiero\u201d.<\/p>\n<p>A la periferia se le asign\u00f3 el papel de perdedor en un mundo de pocos ganadores. La destrucci\u00f3n de la riqueza, el empleo y el bienestar social fue la forma que tom\u00f3 en la parcela latinoamericana la globalizaci\u00f3n neoliberal. La deuda hace parte de ella. Hoy se remplaza ahorro interno por externo, y la consecuencia es la destrucci\u00f3n de nuestro aparato productivo. Solo se entiende porque es Colombia, y mandan los mismos de siempre: dentro y fuera.<\/p>\n","protected":false},"excerpt":{"rendered":"<p>Amaury N\u00fa\u00f1ez Gonz\u00e1lez, Medell\u00edn, febrero 14 de 2018 Cada\u00a0colombiano\u00a0debe 10,5 millones de pesos por deuda externa. El dato resulta de dividir la deuda que pagar\u00eda cada uno, que hoy suma 470 billones. No es que sus finanzas personales est\u00e9n al borde del abismo \u00bfo s\u00ed? Y nos dedicamos a pagarla con una quinta parte del [&hellip;]<\/p>\n","protected":false},"author":1,"featured_media":14497,"comment_status":"open","ping_status":"open","sticky":false,"template":"","format":"standard","meta":{"advanced_seo_description":"","jetpack_seo_html_title":"","jetpack_seo_noindex":false,"_jetpack_memberships_contains_paid_content":false,"footnotes":""},"categories":[102,97,98],"tags":[],"class_list":["post-14496","post","type-post","status-publish","format-standard","has-post-thumbnail","hentry","category-economia","category-imperialismo-y-neoliberalismo","category-politica"],"jetpack_featured_media_url":"https:\/\/i0.wp.com\/moir.com.co\/web\/wp-content\/uploads\/2018\/02\/deudaexterna2.jpg?fit=1024%2C610&ssl=1","jetpack-related-posts":[{"id":306,"url":"https:\/\/moir.com.co\/web\/deuda-publica-representa-75-del-producto-interno-bruto\/","url_meta":{"origin":14496,"position":0},"title":"DEUDA P\u00daBLICA REPRESENTA 75 % DEL PRODUCTO INTERNO BRUTO","author":"admin","date":"agosto 7, 2004","format":false,"excerpt":"Esta es una de las noticias econ\u00f3micas m\u00e1s preocupantes en lo que va corrido del a\u00f1o 2003 y que no ha tenido las repercusiones que amerita ni ha suscitado el an\u00e1lisis de las publicaciones de \u00edndole econ\u00f3mica. El caso es que Jairo Alberto Cano, presidente de la Contadur\u00eda General de\u2026","rel":"","context":"En \u00abTemas\u00bb","block_context":{"text":"Temas","link":"https:\/\/moir.com.co\/web\/category\/temas\/"},"img":{"alt_text":"","src":"","width":0,"height":0},"classes":[]},{"id":4948,"url":"https:\/\/moir.com.co\/web\/el-presupuesto-de-2011-el-enfoque-de-los-hechos\/","url_meta":{"origin":14496,"position":1},"title":"El presupuesto de 2011, el enfoque de los hechos","author":"admin","date":"octubre 27, 2010","format":false,"excerpt":"Al lado de cifras oficiales que muestran 50 % de pobreza y una miseria cercana al 20 % en el pa\u00eds (Cauca 70 y 40 % respectivamente) se aprob\u00f3 el presupuesto general de la naci\u00f3n para el 2011. Al solo pronunciarlo denota una cifra tan abultada de dinero que solo\u2026","rel":"","context":"En \u00abTemas\u00bb","block_context":{"text":"Temas","link":"https:\/\/moir.com.co\/web\/category\/temas\/"},"img":{"alt_text":"","src":"","width":0,"height":0},"classes":[]},{"id":184,"url":"https:\/\/moir.com.co\/web\/por-el-despenadero-abajo\/","url_meta":{"origin":14496,"position":2},"title":"POR EL DESPE\u00d1ADERO ABAJO","author":"admin","date":"agosto 7, 2004","format":false,"excerpt":"Colombia es el segundo pa\u00eds relativamente m\u00e1s endeudado de Am\u00e9rica Latina, despu\u00e9s de Brasil. Su deuda ascend\u00eda en el 2001 a 34.000 millones de d\u00f3lares, la de Argentina a 136.000 y la de Brasil a 235.000 mil millones. En pesos la de Colombia puede estar llegando a los 100 billones\u2026","rel":"","context":"En \u00abTemas\u00bb","block_context":{"text":"Temas","link":"https:\/\/moir.com.co\/web\/category\/temas\/"},"img":{"alt_text":"","src":"","width":0,"height":0},"classes":[]},{"id":4244,"url":"https:\/\/moir.com.co\/web\/ni-crecimiento-ni-equidad-ni-estabilidad\/","url_meta":{"origin":14496,"position":3},"title":"Ni crecimiento, ni equidad, ni estabilidad","author":"admin","date":"marzo 29, 2010","format":false,"excerpt":"El Dane entreg\u00f3 el resultado del desempe\u00f1o de la econom\u00eda nacional en 2009. Aunque el PIB creci\u00f3 s\u00f3lo 0,4%, el gobierno, del Presidente para abajo, ech\u00f3 campanas al vuelo con argumentos como \u201cnos pudo ir peor\u201d o \u201cno fue negativo\u201d. Saben que el balance de su gesti\u00f3n, con Seguridad Democr\u00e1tica,\u2026","rel":"","context":"En \u00abTemas\u00bb","block_context":{"text":"Temas","link":"https:\/\/moir.com.co\/web\/category\/temas\/"},"img":{"alt_text":"","src":"","width":0,"height":0},"classes":[]},{"id":19573,"url":"https:\/\/moir.com.co\/web\/en-defensa-de-los-pensionados-2\/","url_meta":{"origin":14496,"position":4},"title":"EN DEFENSA DE LOS PENSIONADOS","author":"admin","date":"agosto 4, 2004","format":false,"excerpt":"Jorge Enrique Robledo Castillo, jerobledo@senado.gov.co, Bogot\u00e1, 3 de julio de 2004. En lo que suena como una especie de campa\u00f1a en contra del derecho a pensionarse de los colombianos, se presenta a quienes lo han logrado casi como a una especie de z\u00e1nganos que abusan del resto de la naci\u00f3n.\u2026","rel":"","context":"En \u00abTribuna Roja N\u00ba 96; Julio 23 de 2004\u00bb","block_context":{"text":"Tribuna Roja N\u00ba 96; Julio 23 de 2004","link":"https:\/\/moir.com.co\/web\/category\/tribuna-roja\/ediciones-2000-2004\/tribuna-roja-no-96-julio-23-de-2004\/"},"img":{"alt_text":"","src":"","width":0,"height":0},"classes":[]},{"id":1719,"url":"https:\/\/moir.com.co\/web\/en-defensa-de-los-pensionados\/","url_meta":{"origin":14496,"position":5},"title":"EN DEFENSA DE LOS PENSIONADOS","author":"admin","date":"agosto 25, 2004","format":false,"excerpt":"Jorge Enrique Robledo Castillo En lo que suena como una especie de campa\u00f1a en contra del derecho a pensionarse de los colombianos, se presenta a quienes lo han logrado casi como a una especie de z\u00e1nganos que abusan del resto de la naci\u00f3n. Cuando lo cierto es que la pensi\u00f3n\u2026","rel":"","context":"En \u00abEL USUARIO N\u00ba9 JULIO-AGOSTO 2004\u00bb","block_context":{"text":"EL USUARIO N\u00ba9 JULIO-AGOSTO 2004","link":"https:\/\/moir.com.co\/web\/category\/temas\/servicios-publicos-articulos-de-actualidad\/el-usuario\/el-usuario-no9-julio-agosto-2004\/"},"img":{"alt_text":"","src":"","width":0,"height":0},"classes":[]}],"jetpack_sharing_enabled":true,"_links":{"self":[{"href":"https:\/\/moir.com.co\/web\/wp-json\/wp\/v2\/posts\/14496","targetHints":{"allow":["GET"]}}],"collection":[{"href":"https:\/\/moir.com.co\/web\/wp-json\/wp\/v2\/posts"}],"about":[{"href":"https:\/\/moir.com.co\/web\/wp-json\/wp\/v2\/types\/post"}],"author":[{"embeddable":true,"href":"https:\/\/moir.com.co\/web\/wp-json\/wp\/v2\/users\/1"}],"replies":[{"embeddable":true,"href":"https:\/\/moir.com.co\/web\/wp-json\/wp\/v2\/comments?post=14496"}],"version-history":[{"count":1,"href":"https:\/\/moir.com.co\/web\/wp-json\/wp\/v2\/posts\/14496\/revisions"}],"predecessor-version":[{"id":14498,"href":"https:\/\/moir.com.co\/web\/wp-json\/wp\/v2\/posts\/14496\/revisions\/14498"}],"wp:featuredmedia":[{"embeddable":true,"href":"https:\/\/moir.com.co\/web\/wp-json\/wp\/v2\/media\/14497"}],"wp:attachment":[{"href":"https:\/\/moir.com.co\/web\/wp-json\/wp\/v2\/media?parent=14496"}],"wp:term":[{"taxonomy":"category","embeddable":true,"href":"https:\/\/moir.com.co\/web\/wp-json\/wp\/v2\/categories?post=14496"},{"taxonomy":"post_tag","embeddable":true,"href":"https:\/\/moir.com.co\/web\/wp-json\/wp\/v2\/tags?post=14496"}],"curies":[{"name":"wp","href":"https:\/\/api.w.org\/{rel}","templated":true}]}}