{"id":14482,"date":"2018-02-14T17:27:55","date_gmt":"2018-02-14T17:27:55","guid":{"rendered":"https:\/\/moir.org.co\/web\/?p=14482"},"modified":"2018-02-14T17:27:55","modified_gmt":"2018-02-14T17:27:55","slug":"video-esta-campana-es-para-que-no-vuelvan-a-ganar-los-mismos-robledo-en-ibague","status":"publish","type":"post","link":"https:\/\/moir.com.co\/web\/video-esta-campana-es-para-que-no-vuelvan-a-ganar-los-mismos-robledo-en-ibague\/","title":{"rendered":"Video: Esta campa\u00f1a es para que no vuelvan a ganar los mismos, Robledo en Ibagu\u00e9"},"content":{"rendered":"<p>Intervenci\u00f3n de Jorge Robledo en Ibagu\u00e9, reunido co taxistas, j\u00f3venes y medios de comunicaci\u00f3n regionales del Tolima. <a class=\"yt-simple-endpoint style-scope yt-formatted-string\" href=\"https:\/\/www.youtube.com\/results?search_query=%23VotoRobledoPolo1\">#VotoRobledoPolo1<\/a>\u00a0Ibagu\u00e9, febrero 13 de 2018<\/p>\n","protected":false},"excerpt":{"rendered":"<p>Intervenci\u00f3n de Jorge Robledo en Ibagu\u00e9, reunido co taxistas, j\u00f3venes y medios de comunicaci\u00f3n regionales del Tolima. #VotoRobledoPolo1\u00a0Ibagu\u00e9, febrero 13 de 2018<\/p>\n","protected":false},"author":1,"featured_media":0,"comment_status":"open","ping_status":"open","sticky":false,"template":"","format":"video","meta":{"advanced_seo_description":"","jetpack_seo_html_title":"","jetpack_seo_noindex":false,"_jetpack_memberships_contains_paid_content":false,"footnotes":""},"categories":[114,102,97,4,98],"tags":[],"class_list":["post-14482","post","type-post","status-publish","format-video","hentry","category-agro","category-economia","category-imperialismo-y-neoliberalismo","category-jorge-enrique-robledo","category-politica","post_format-post-format-video"],"jetpack_featured_media_url":"","jetpack-related-posts":[{"id":4157,"url":"https:\/\/moir.com.co\/web\/conferencia-del-senador-robledo-en-la-universidad-cooperativa-de-ibague-febrero-25-de-2010\/","url_meta":{"origin":14482,"position":0},"title":"Conferencia del senador Robledo en la Universidad Cooperativa de Ibagu\u00e9, febrero 25 de 2010","author":"admin","date":"febrero 25, 2010","format":false,"excerpt":"","rel":"","context":"En \u00abGaler\u00edas\u00bb","block_context":{"text":"Galer\u00edas","link":"https:\/\/moir.com.co\/web\/category\/multimedia\/galerias\/"},"img":{"alt_text":"","src":"","width":0,"height":0},"classes":[]},{"id":3834,"url":"https:\/\/moir.com.co\/web\/proclamada-ayer-olga-b-gonzalez-como-candidata-a-la-camara-por-tolima-en-formula-con-robledo\/","url_meta":{"origin":14482,"position":1},"title":"Proclamada ayer Olga B. Gonz\u00e1lez como candidata a la C\u00e1mara por Tolima en f\u00f3rmula con Robledo","author":"admin","date":"diciembre 4, 2009","format":false,"excerpt":"Olga Beatriz Gonz\u00e1lez fue proclamada ayer en el Hotel Ambal\u00e1, de Ibagu\u00e9, como candidata a la C\u00e1mara de Representantes para el per\u00edodo 2010-2014. La reconocida fundadora y dirigente nacional del Polo har\u00e1 f\u00f3rmula con el senador Jorge Enrique Robledo. Olga B., como es conocida en el departamento, fue la candidata\u2026","rel":"","context":"En \u00abJorge Enrique Robledo\u00bb","block_context":{"text":"Jorge Enrique Robledo","link":"https:\/\/moir.com.co\/web\/category\/jorge-enrique-robledo\/"},"img":{"alt_text":"","src":"","width":0,"height":0},"classes":[]},{"id":12622,"url":"https:\/\/moir.com.co\/web\/video-robledo-hay-que-ser-de-izquierda-para-apoyar-este-proyecto\/","url_meta":{"origin":14482,"position":2},"title":"Video: Robledo: \u00bfHay que ser de izquierda para apoyar este proyecto?","author":"admin","date":"junio 5, 2017","format":"video","excerpt":"Jorge Robledo explica qu\u00e9 personas pueden hacer parte del proyecto que se est\u00e1 construyendo. (Ibagu\u00e9, 2 de Junio de 2017)","rel":"","context":"En \u00abJorge Enrique Robledo\u00bb","block_context":{"text":"Jorge Enrique Robledo","link":"https:\/\/moir.com.co\/web\/category\/jorge-enrique-robledo\/"},"img":{"alt_text":"","src":"","width":0,"height":0},"classes":[]},{"id":9668,"url":"https:\/\/moir.com.co\/web\/130-municipios-en-sequia-muestran-que-mas-que-un-desastre-natural-es-un-desastre-social-y-politico-robledo\/","url_meta":{"origin":14482,"position":3},"title":"130 municipios en sequ\u00eda muestran que m\u00e1s que un desastre natural, es un desastre social y pol\u00edtico: Robledo","author":"admin","date":"septiembre 22, 2015","format":false,"excerpt":"En Colombia, una potencia h\u00eddrica, hay 130 municipios con racionamiento de agua y 312 en riesgo de estarlo. Cali, Ibagu\u00e9 y Santa Marta, capitales de departamento, con racionamientos. Durante el debate sobre la sequ\u00eda en el pa\u00eds llevado a cabo en la Comisi\u00f3n V, el senador Jorge Enrique Robledo calific\u00f3\u2026","rel":"","context":"En \u00abJorge Enrique Robledo\u00bb","block_context":{"text":"Jorge Enrique Robledo","link":"https:\/\/moir.com.co\/web\/category\/jorge-enrique-robledo\/"},"img":{"alt_text":"","src":"","width":0,"height":0},"classes":[]},{"id":20892,"url":"https:\/\/moir.com.co\/web\/contra-la-corriente-2\/","url_meta":{"origin":14482,"position":4},"title":"CONTRA LA CORRIENTE","author":"admin","date":"mayo 1, 2005","format":false,"excerpt":"Contra la corriente es el nombre del \u00faltimo libro y asimismo de la columna period\u00edstica que Jorge Enrique Robledo, secretario del MOIR en Caldas, ha escrito semanalmente en los diarios La Patria, de Manizales, y El Nuevo D\u00eda, de Ibagu\u00e9. La pol\u00edtica de apertura econ\u00f3mica y los problemas cafeteros son\u2026","rel":"","context":"En \u00abTribuna Roja N\u00b0 58, Bogot\u00e1; marzo 11 de 1995\u00bb","block_context":{"text":"Tribuna Roja N\u00b0 58, Bogot\u00e1; marzo 11 de 1995","link":"https:\/\/moir.com.co\/web\/category\/tribuna-roja\/ediciones-1995-1999\/tribuna-roja-n-58-bogota-marzo-11-de-1995\/"},"img":{"alt_text":"","src":"","width":0,"height":0},"classes":[]},{"id":11847,"url":"https:\/\/moir.com.co\/web\/robledo-candidatazo-presidencial\/","url_meta":{"origin":14482,"position":5},"title":"Robledo: candidatazo presidencial","author":"admin","date":"marzo 6, 2017","format":false,"excerpt":"Jos\u00e9 Arlex Arias, La Verdad, Cartagena, marzo 6 de 2017 El 27 de febrero pasado el \"Comit\u00e9 Ejecutivo Nacional del Polo Democr\u00e1tico Alternativo, PDA, citado de conformidad con el art\u00edculo 14 de los Estatutos, en correspondencia con la pol\u00edtica electoral aprobada en el IV Congreso Nacional, en la Junta Directiva\u2026","rel":"","context":"En \u00abPol\u00edtica\u00bb","block_context":{"text":"Pol\u00edtica","link":"https:\/\/moir.com.co\/web\/category\/temas\/politica\/"},"img":{"alt_text":"","src":"https:\/\/i0.wp.com\/moir.com.co\/web\/wp-content\/uploads\/2016\/11\/robledolanacionneiva.jpg?fit=1200%2C801&ssl=1&resize=350%2C200","width":350,"height":200,"srcset":"https:\/\/i0.wp.com\/moir.com.co\/web\/wp-content\/uploads\/2016\/11\/robledolanacionneiva.jpg?fit=1200%2C801&ssl=1&resize=350%2C200 1x, https:\/\/i0.wp.com\/moir.com.co\/web\/wp-content\/uploads\/2016\/11\/robledolanacionneiva.jpg?fit=1200%2C801&ssl=1&resize=525%2C300 1.5x, https:\/\/i0.wp.com\/moir.com.co\/web\/wp-content\/uploads\/2016\/11\/robledolanacionneiva.jpg?fit=1200%2C801&ssl=1&resize=700%2C400 2x, https:\/\/i0.wp.com\/moir.com.co\/web\/wp-content\/uploads\/2016\/11\/robledolanacionneiva.jpg?fit=1200%2C801&ssl=1&resize=1050%2C600 3x"},"classes":[]}],"jetpack_sharing_enabled":true,"_links":{"self":[{"href":"https:\/\/moir.com.co\/web\/wp-json\/wp\/v2\/posts\/14482","targetHints":{"allow":["GET"]}}],"collection":[{"href":"https:\/\/moir.com.co\/web\/wp-json\/wp\/v2\/posts"}],"about":[{"href":"https:\/\/moir.com.co\/web\/wp-json\/wp\/v2\/types\/post"}],"author":[{"embeddable":true,"href":"https:\/\/moir.com.co\/web\/wp-json\/wp\/v2\/users\/1"}],"replies":[{"embeddable":true,"href":"https:\/\/moir.com.co\/web\/wp-json\/wp\/v2\/comments?post=14482"}],"version-history":[{"count":1,"href":"https:\/\/moir.com.co\/web\/wp-json\/wp\/v2\/posts\/14482\/revisions"}],"predecessor-version":[{"id":14483,"href":"https:\/\/moir.com.co\/web\/wp-json\/wp\/v2\/posts\/14482\/revisions\/14483"}],"wp:attachment":[{"href":"https:\/\/moir.com.co\/web\/wp-json\/wp\/v2\/media?parent=14482"}],"wp:term":[{"taxonomy":"category","embeddable":true,"href":"https:\/\/moir.com.co\/web\/wp-json\/wp\/v2\/categories?post=14482"},{"taxonomy":"post_tag","embeddable":true,"href":"https:\/\/moir.com.co\/web\/wp-json\/wp\/v2\/tags?post=14482"}],"curies":[{"name":"wp","href":"https:\/\/api.w.org\/{rel}","templated":true}]}}