{"id":14480,"date":"2018-02-14T17:24:22","date_gmt":"2018-02-14T17:24:22","guid":{"rendered":"https:\/\/moir.org.co\/web\/?p=14480"},"modified":"2018-02-14T17:24:22","modified_gmt":"2018-02-14T17:24:22","slug":"el-regalo-de-trump-para-sus-amigotes","status":"publish","type":"post","link":"https:\/\/moir.com.co\/web\/el-regalo-de-trump-para-sus-amigotes\/","title":{"rendered":"El regalo de Trump para sus amigotes"},"content":{"rendered":"<p><strong>Mario Alejandro Valencia, Bogot\u00e1, febrero 13 de 2018<\/strong><\/p>\n<p>Pasaron 32 a\u00f1os desde que se realiz\u00f3 la \u00faltima reforma, justamente durante el gobierno republicano de Ronald Reagan. A pesar del crecimiento econ\u00f3mico y una baja tasa de desempleo, desde 1973 el crecimiento anual de los salarios reales tan solo ha sido de 0,2%. Peor a\u00fan, la desigualdad se ha profundizado pues mientras los salarios del quintil m\u00e1s pobre cayeron 0,98% entre 1979 y 2016, los del quintil m\u00e1s rico crecieron 27,41%.<\/p>\n<p>En este contexto, la exposici\u00f3n de motivos se\u00f1al\u00f3 que la Ley elevar\u00e1 las inversiones hacia ese pa\u00eds, incentivar\u00e1 el crecimiento y estimular\u00e1 la creaci\u00f3n de empleos. Pero no existe evidencia seria que sustente estos prop\u00f3sitos. Por el contrario, seg\u00fan James K. Galbraith, el modelo matem\u00e1tico usado por el profesor de Harvard Robert Barro para defender la reforma, presenta graves inconsistencias y evidencian que la ganancia del PIB en los pr\u00f3ximos 10 a\u00f1os ser\u00e1 de USD 1,2 billones, mientras el costo fiscal de los recortes ser\u00e1 de entre USD 1,5 y 2,2 billones. De hecho, la reducci\u00f3n de impuestos tendr\u00e1 efectos m\u00e1s negativos al obligar a una disminuci\u00f3n del gasto en servicios sociales y salud, que terminar\u00e1 por afectar a los m\u00e1s pobres de ese pa\u00eds, que suman 40 millones.<\/p>\n<div class=\"row\"><\/div>\n<p>Seg\u00fan la profesora Laura Tyson, de la Universidad de Berkeley, el 80% de los recortes en impuestos se quedar\u00e1 en el 1% m\u00e1s rico de la poblaci\u00f3n. Adem\u00e1s el 75% de los beneficios ir\u00e1 al bolsillo de los propietarios o inversionistas corporativos, de los cuales 1\/3 son extranjeros. En el mundo real \u201clas empresas invierten por dos razones: expandir la producci\u00f3n y reducir costos\u201d, seg\u00fan expresa Galbraith. Pero como la reforma generar\u00e1 una mayor desigualdad, implicar\u00e1 un menor gasto de los hogares que terminar\u00e1 afectando a la producci\u00f3n local. Adem\u00e1s, si la FED contin\u00faa aumentando las tasas de inter\u00e9s, se revaluar\u00e1 m\u00e1s el d\u00f3lar y har\u00e1 que las importaciones sean m\u00e1s baratas, otro golpe a la producci\u00f3n.<\/p>\n<p>La reforma consisti\u00f3 en un fuerte recorte a los impuestos corporativos, y m\u00e1s peque\u00f1os y temporales para los asalariados, quienes solo gozar\u00e1n de los beneficios hasta 2025. Fue la zanahoria que ocult\u00f3 el garrote, porque en realidad la tasa de impuestos para los trabajadores ser\u00e1 m\u00e1s alta que para los propietarios y socios de grandes corporaciones. Un beneficio adicional es que cuando los due\u00f1os y socios transfieran riqueza desde sus empresas hacia sus cuentas personales, lo que se conoce como ingresos por transferencias (<em>pass-through income<\/em>), podr\u00e1n deducir 20 % de ese ingreso de su impuesto sobre la renta individual.<\/p>\n<p>As\u00ed las cosas, no hay ning\u00fan an\u00e1lisis riguroso que indique que el dinero adicional se dirigir\u00e1 a mayores inversiones o creaci\u00f3n de empleos, y menos a financiar infraestructura, salud o educaci\u00f3n. M\u00e1s bien lo que se espera es que se destine a la compensaci\u00f3n de ejecutivos, recompras de acciones y compra de propiedades inmobiliarias, justamente el negocio de Trump y sus amigos.<\/p>\n<p>En Colombia los candidatos populistas del establecimiento han propuesto seguir este mismo camino, sin ninguna evaluaci\u00f3n sobre las consecuencias negativas que tendr\u00eda para el fisco nacional y confundiendo la tasa nominal con la tasa efectiva de pago. De aplicarse en nuestro pa\u00eds se debilitar\u00eda a\u00fan m\u00e1s la capacidad el Estado y su papel en la competitividad. Para compensar deber\u00e1 acudirse a m\u00e1s endeudamiento o -peor- al aumento de impuestos indirectos como el IVA, como sucedi\u00f3 con la reforma de 2016 con la rebaja de impuestos corporativos que hizo m\u00e1s regresiva la tributaci\u00f3n. Copiar las malas ideas de otros pa\u00edses nunca ha sido ni ser\u00e1 una buena idea para Colombia.<\/p>\n","protected":false},"excerpt":{"rendered":"<p>Mario Alejandro Valencia, Bogot\u00e1, febrero 13 de 2018 Pasaron 32 a\u00f1os desde que se realiz\u00f3 la \u00faltima reforma, justamente durante el gobierno republicano de Ronald Reagan. A pesar del crecimiento econ\u00f3mico y una baja tasa de desempleo, desde 1973 el crecimiento anual de los salarios reales tan solo ha sido de 0,2%. Peor a\u00fan, la [&hellip;]<\/p>\n","protected":false},"author":1,"featured_media":13639,"comment_status":"open","ping_status":"open","sticky":false,"template":"","format":"standard","meta":{"advanced_seo_description":"","jetpack_seo_html_title":"","jetpack_seo_noindex":false,"_jetpack_memberships_contains_paid_content":false,"footnotes":""},"categories":[102,97,105,98],"tags":[],"class_list":["post-14480","post","type-post","status-publish","format-standard","has-post-thumbnail","hentry","category-economia","category-imperialismo-y-neoliberalismo","category-internacional-articulos-de-actualidad","category-politica"],"jetpack_featured_media_url":"https:\/\/i0.wp.com\/moir.com.co\/web\/wp-content\/uploads\/2017\/10\/trumpmuerte.png?fit=643%2C364&ssl=1","jetpack-related-posts":[{"id":3853,"url":"https:\/\/moir.com.co\/web\/las-consecuencias-en-colombia-las-mieles-del-neoliberalismo\/","url_meta":{"origin":14480,"position":0},"title":"Las consecuencias en Colombia: Las \u201cmieles del neoliberalismo","author":"admin","date":"diciembre 13, 2009","format":false,"excerpt":"Que el neoliberalismo trajo grandes beneficios es indudable; sobretodo para los nuevos due\u00f1os de las privatizaciones, sus agentes, asesores y eminentes subvaluadores del patrimonio p\u00fablico, y en general para el capital financiero. Las evidencias son elocuentes: Carlos Slim convertido en el hombre m\u00e1s rico del mundo a partir de la\u2026","rel":"","context":"En \u00abRevista de Prensa\u00bb","block_context":{"text":"Revista de Prensa","link":"https:\/\/moir.com.co\/web\/category\/prensa\/revista-de-prensa\/"},"img":{"alt_text":"","src":"","width":0,"height":0},"classes":[]},{"id":26,"url":"https:\/\/moir.com.co\/web\/el-alca-es-un-desastre\/","url_meta":{"origin":14480,"position":1},"title":"EL ALCA ES UN DESASTRE","author":"admin","date":"julio 30, 2004","format":false,"excerpt":"El economista chileno Manfred Max-Neef, Premio Nobel Alternativo, le abre los ojos a Latinoam\u00e9rica. El Premio Nobel Alternativo 1983, el economista chileno Manfred A. Max Neef, no es enemigo del libre mercado pero s\u00ed de la imposici\u00f3n de las reglas de juego en los acuerdos internacionales que siguen los dict\u00e1menes\u2026","rel":"","context":"En \u00ab\u00a1No a los TLC y al ALCA!\u00bb","block_context":{"text":"\u00a1No a los TLC y al ALCA!","link":"https:\/\/moir.com.co\/web\/category\/temas\/no-a-los-tlc-y-al-alca\/"},"img":{"alt_text":"","src":"","width":0,"height":0},"classes":[]},{"id":2081,"url":"https:\/\/moir.com.co\/web\/modelo-y-desempleo\/","url_meta":{"origin":14480,"position":2},"title":"MODELO Y DESEMPLEO","author":"admin","date":"octubre 13, 2007","format":false,"excerpt":"Eduardo Sarmiento Palacio, El Espectador, Bogot\u00e1, octubre 13 de 2007 Luego de que los economistas neoliberales atribuyeron la coincidencia del alto crecimiento y la persistencia del desempleo a las cifras del DANE, ante los relevos en el organismo cambiaron de posici\u00f3n. En las \u00faltimas semanas recitan en coro que el\u2026","rel":"","context":"En \u00abRevista de Prensa\u00bb","block_context":{"text":"Revista de Prensa","link":"https:\/\/moir.com.co\/web\/category\/prensa\/revista-de-prensa\/"},"img":{"alt_text":"","src":"","width":0,"height":0},"classes":[]},{"id":14078,"url":"https:\/\/moir.com.co\/web\/dejen-que-el-salario-crezca\/","url_meta":{"origin":14480,"position":3},"title":"Dejen que el salario crezca","author":"admin","date":"diciembre 11, 2017","format":false,"excerpt":"Mario Alejandro Valencia, Bogot\u00e1, diciembre 11 de 2017 Uno de los temas de mayor preocupaci\u00f3n para gobiernos y sector privado a nivel mundial es el crecimiento econ\u00f3mico. El m\u00e1s grande misterio sobre la causa de la riqueza de las naciones fue resuelto en 1776 por Adam Smith, al afirmar que\u2026","rel":"","context":"En \u00abEconom\u00eda\u00bb","block_context":{"text":"Econom\u00eda","link":"https:\/\/moir.com.co\/web\/category\/temas\/economia\/"},"img":{"alt_text":"","src":"https:\/\/i0.wp.com\/moir.com.co\/web\/wp-content\/uploads\/2017\/12\/salariominimo3.jpg?fit=251%2C201&ssl=1&resize=350%2C200","width":350,"height":200},"classes":[]},{"id":1328,"url":"https:\/\/moir.com.co\/web\/jorge-enrique-robledo-crecimiento-insuficiente-y-concentrado\/","url_meta":{"origin":14480,"position":4},"title":"JORGE ENRIQUE ROBLEDO: CRECIMIENTO INSUFICIENTE Y CONCENTRADO","author":"admin","date":"diciembre 31, 2005","format":false,"excerpt":"No por casualidad en plena campa\u00f1a electoral, hasta ditirambos han salido del uribismo para ufanarse del crecimiento econ\u00f3mico del \u00faltimo trimestre de 2005, pues podr\u00eda suceder que en todo el a\u00f1o este rondara por el 4,5 por ciento del PIB. Aceptando como ciertas las cifras de una entidad cuyo anterior\u2026","rel":"","context":"En \u00abTemas\u00bb","block_context":{"text":"Temas","link":"https:\/\/moir.com.co\/web\/category\/temas\/"},"img":{"alt_text":"","src":"","width":0,"height":0},"classes":[]},{"id":5998,"url":"https:\/\/moir.com.co\/web\/aprobacion-del-tlc-en-su-peor-momento\/","url_meta":{"origin":14480,"position":5},"title":"Aprobaci\u00f3n del TLC en su peor momento","author":"admin","date":"octubre 9, 2011","format":false,"excerpt":"El TLC cada vez aparece m\u00e1s extempor\u00e1neo. Cuando la iniciativa empez\u00f3 a discutirse en el gobierno de Clinton, se consideraba que el libre mercado era una bendici\u00f3n que favorec\u00eda a todos los participantes. Se esperaba que la reducci\u00f3n de los aranceles y el libre movimiento de capitales propiciaran una elevaci\u00f3n\u2026","rel":"","context":"En \u00abRevista de Prensa\u00bb","block_context":{"text":"Revista de Prensa","link":"https:\/\/moir.com.co\/web\/category\/prensa\/revista-de-prensa\/"},"img":{"alt_text":"","src":"","width":0,"height":0},"classes":[]}],"jetpack_sharing_enabled":true,"_links":{"self":[{"href":"https:\/\/moir.com.co\/web\/wp-json\/wp\/v2\/posts\/14480","targetHints":{"allow":["GET"]}}],"collection":[{"href":"https:\/\/moir.com.co\/web\/wp-json\/wp\/v2\/posts"}],"about":[{"href":"https:\/\/moir.com.co\/web\/wp-json\/wp\/v2\/types\/post"}],"author":[{"embeddable":true,"href":"https:\/\/moir.com.co\/web\/wp-json\/wp\/v2\/users\/1"}],"replies":[{"embeddable":true,"href":"https:\/\/moir.com.co\/web\/wp-json\/wp\/v2\/comments?post=14480"}],"version-history":[{"count":1,"href":"https:\/\/moir.com.co\/web\/wp-json\/wp\/v2\/posts\/14480\/revisions"}],"predecessor-version":[{"id":14481,"href":"https:\/\/moir.com.co\/web\/wp-json\/wp\/v2\/posts\/14480\/revisions\/14481"}],"wp:featuredmedia":[{"embeddable":true,"href":"https:\/\/moir.com.co\/web\/wp-json\/wp\/v2\/media\/13639"}],"wp:attachment":[{"href":"https:\/\/moir.com.co\/web\/wp-json\/wp\/v2\/media?parent=14480"}],"wp:term":[{"taxonomy":"category","embeddable":true,"href":"https:\/\/moir.com.co\/web\/wp-json\/wp\/v2\/categories?post=14480"},{"taxonomy":"post_tag","embeddable":true,"href":"https:\/\/moir.com.co\/web\/wp-json\/wp\/v2\/tags?post=14480"}],"curies":[{"name":"wp","href":"https:\/\/api.w.org\/{rel}","templated":true}]}}