{"id":14467,"date":"2018-02-12T23:22:55","date_gmt":"2018-02-12T23:22:55","guid":{"rendered":"https:\/\/moir.org.co\/web\/?p=14467"},"modified":"2018-02-12T23:22:55","modified_gmt":"2018-02-12T23:22:55","slug":"no-mas-basta-ya-de-los-mismos-con-las-mismas","status":"publish","type":"post","link":"https:\/\/moir.com.co\/web\/no-mas-basta-ya-de-los-mismos-con-las-mismas\/","title":{"rendered":"\u00a1No m\u00e1s!: basta ya de los mismos con las mismas"},"content":{"rendered":"<p><strong>Jos\u00e9 Arlex Arias, Cartagena, febrero 12 de 2018<\/strong><\/p>\n<p>Todos los a\u00f1os, la \u00e9lite pol\u00edtica y econ\u00f3mica se re\u00fane en Davos \u2013Suiza\u2013, en el Foro Econ\u00f3mico Mundial, en el cual los potentados eval\u00faan c\u00f3mo van sus negocios y toman determinaciones que afectan a los trabajadores y a la poblaci\u00f3n menos favorecida. En una de sus columnas en El Espectador, denominada &#8220;Depresi\u00f3n post &#8211; Davos&#8221;, Joseph E. Stiglitz, <em>premio Nobel de Econom\u00eda 2001, sostiene: &#8220;<\/em>El mundo est\u00e1 plagado de problemas pr\u00e1cticamente insolubles. La desigualdad est\u00e1 en aumento, especialmente en las econom\u00edas avanzadas&#8230; los CEO de todo el mundo empiezan la mayor\u00eda de sus discursos afirmando la importancia de los valores&#8230; pero al final de sus discursos este a\u00f1o, cualquier ilusi\u00f3n que pudiera quedar sobre los valores se hizo a\u00f1icos. El riesgo que m\u00e1s parec\u00eda preocupar a estos CEO es la reacci\u00f3n populista contra el tipo de globalizaci\u00f3n que ellos han moldeado \u2013y de la que se han beneficiado enormemente\u2013&#8230; no sorprende que estas \u00e9lites econ\u00f3micas apenas entiendan hasta qu\u00e9 punto este sistema les ha fallado a grandes segmentos de la poblaci\u00f3n, haciendo que los ingresos reales de la mayor\u00eda de los hogares quedaran estancados o que el porcentaje de ingresos de la fuerza laboral disminuyera sustancialmente&#8221;.<\/p>\n<p>&nbsp;<\/p>\n<p>Paralelo a este evento, Oxfam, que es una confederaci\u00f3n internacional de organizaciones que trabaja en 90 pa\u00edses, y cuyo prop\u00f3sito es \u201chacer campa\u00f1a por un futuro m\u00e1s justo\u201d, revel\u00f3 que el 82% de la riqueza mundial generada durante 2017 fue a los bolsillos del 1% m\u00e1s rico de la poblaci\u00f3n,\u00a0mientras el 50% m\u00e1s pobre \u20133.700 millones de personas\u2013 no recibi\u00f3 nada de dicho crecimiento. Sobre Colombia afirm\u00f3 que es el segundo pa\u00eds m\u00e1s desigual en la distribuci\u00f3n del ingreso en Am\u00e9rica y el Caribe. El 1% m\u00e1s rico de la poblaci\u00f3n concentra el 20% del ingreso. Estos datos fueron confirmados por la Comisi\u00f3n Econ\u00f3mica para Latinoam\u00e9rica y el Caribe \u2013CEPAL\u2013, que agrega que &#8220;el 1% m\u00e1s rico de esta regi\u00f3n concentra el 37% de la riqueza, mientras el 50% m\u00e1s pobre solo accede al 3,5% de la riqueza total de la regi\u00f3n. De la riqueza que se gener\u00f3 aqu\u00ed en 2017, el 95% se la embols\u00f3 el 10% m\u00e1s rico de la poblaci\u00f3n.\u00a0Mientras, los 300 millones de personas m\u00e1s pobres perdieron 22.000 millones de d\u00f3lares de activos durante el mismo periodo de tiempo&#8221;.<\/p>\n<p>&nbsp;<\/p>\n<p>Estos son los resultados de un modelo neoliberal excluyente, que cada a\u00f1o concentra a\u00fan m\u00e1s la riqueza, despoja a la poblaci\u00f3n de sus derechos, le arrebata el patrimonio a las naciones, profundiza la corrupci\u00f3n, genera ej\u00e9rcitos de personas luchando por un empleo mal remunerado, destruye las industrias y el sector agrario en beneficio de las multinacionales y derrumba las fronteras de los pa\u00edses mediante tratados internacionales, con el objetivo de adue\u00f1arse de su mercado interno. Y estos potentados se re\u00fanen, seg\u00fan Stiglitz, para tomar medidas sobre &#8220;la reacci\u00f3n populista contra este tipo de globalizaci\u00f3n que ellos han moldeado\u201d; ese es el &#8220;coco castrochavista&#8221; con el que nos quieren asustar para evitar que propiciemos una transformaci\u00f3n de Colombia y sigamos as\u00ed, resignados a vivir en la miseria que decidieron para nosotros, mientras los mismos con las mismas siguen concentrando la riqueza en sus bolsillos. \u00a1Basta ya: no m\u00e1s de los mismos con las mismas!<\/p>\n","protected":false},"excerpt":{"rendered":"<p>Jos\u00e9 Arlex Arias, Cartagena, febrero 12 de 2018 Todos los a\u00f1os, la \u00e9lite pol\u00edtica y econ\u00f3mica se re\u00fane en Davos \u2013Suiza\u2013, en el Foro Econ\u00f3mico Mundial, en el cual los potentados eval\u00faan c\u00f3mo van sus negocios y toman determinaciones que afectan a los trabajadores y a la poblaci\u00f3n menos favorecida. En una de sus columnas [&hellip;]<\/p>\n","protected":false},"author":1,"featured_media":14468,"comment_status":"open","ping_status":"open","sticky":false,"template":"","format":"standard","meta":{"advanced_seo_description":"","jetpack_seo_html_title":"","jetpack_seo_noindex":false,"_jetpack_memberships_contains_paid_content":false,"footnotes":""},"categories":[102,97,105,98],"tags":[],"class_list":["post-14467","post","type-post","status-publish","format-standard","has-post-thumbnail","hentry","category-economia","category-imperialismo-y-neoliberalismo","category-internacional-articulos-de-actualidad","category-politica"],"jetpack_featured_media_url":"https:\/\/i0.wp.com\/moir.com.co\/web\/wp-content\/uploads\/2018\/02\/davos.jpeg?fit=300%2C168&ssl=1","jetpack-related-posts":[{"id":2445,"url":"https:\/\/moir.com.co\/web\/mas-de-lo-mismo-que-envenena-la-economia\/","url_meta":{"origin":14467,"position":0},"title":"M\u00c1S DE LO MISMO QUE ENVENENA LA ECONOM\u00cdA","author":"admin","date":"julio 25, 2008","format":false,"excerpt":"Jorge Enrique Robledo, Bogot\u00e1, 24 de julio de 2008. No fue por un capricho que \u00c1lvaro Uribe le dedic\u00f3 su discurso del 20 de julio a la situaci\u00f3n econ\u00f3mica. Esta es la principal preocupaci\u00f3n de los cacaos y los caca\u00edtos, los dirigentes gremiales y los principales analistas, sean acad\u00e9micos o\u2026","rel":"","context":"En \u00abJorge Enrique Robledo\u00bb","block_context":{"text":"Jorge Enrique Robledo","link":"https:\/\/moir.com.co\/web\/category\/jorge-enrique-robledo\/"},"img":{"alt_text":"","src":"","width":0,"height":0},"classes":[]},{"id":3996,"url":"https:\/\/moir.com.co\/web\/uribe-celebra-que-estados-unidos-duplique-exportaciones-a-sus-socios-comerciales\/","url_meta":{"origin":14467,"position":1},"title":"Uribe celebra que Estados Unidos duplique exportaciones a sus \u201csocios comerciales\u201d","author":"admin","date":"enero 28, 2010","format":false,"excerpt":"En el discurso del estado de la Naci\u00f3n, pensado casi exclusivamente para enviar un mensaje de esperanza sobre la recuperaci\u00f3n de la econom\u00eda estadounidense y que cuestion\u00f3 fuertemente el papel que han jugado los grandes bancos y Wall Street en la crisis, el presidente Barack Obama dedic\u00f3 19 palabras a\u2026","rel":"","context":"En \u00ab\u00a1No a los TLC y al ALCA!\u00bb","block_context":{"text":"\u00a1No a los TLC y al ALCA!","link":"https:\/\/moir.com.co\/web\/category\/temas\/no-a-los-tlc-y-al-alca\/"},"img":{"alt_text":"","src":"","width":0,"height":0},"classes":[]},{"id":19703,"url":"https:\/\/moir.com.co\/web\/pastrana-hambre-lopez-y-gomez-mas-hambre\/","url_meta":{"origin":14467,"position":2},"title":"PASTRANA:  HAMBRE.  L\u00d3PEZ Y G\u00d3MEZ:&#8230;  M\u00c1S HAMBRE!","author":"admin","date":"agosto 5, 2004","format":false,"excerpt":"El pueblo colombiano ha padecido en todos los a\u00f1os de gobierno del Frente Nacional, el m\u00e1s alto aumento del costo de la vida. En el gobierno de Alberto Lleras, el aumento fue de un 28 por ciento, en el de Valencia de un 85 por ciento, en el de Carlos\u2026","rel":"","context":"En \u00abTribuna Roja N\u00ba 11, febrero 28 de 1974\u00bb","block_context":{"text":"Tribuna Roja N\u00ba 11, febrero 28 de 1974","link":"https:\/\/moir.com.co\/web\/category\/tribuna-roja\/ediciones-1971-1974\/tribuna-roja-no-11-febrero-28-de-1974\/"},"img":{"alt_text":"","src":"","width":0,"height":0},"classes":[]},{"id":15131,"url":"https:\/\/moir.com.co\/web\/ccon-el-gabinete-de-quinto-ganaron-las-castas-politicas-sere-un-veedor-de-los-intereses-de-la-ciudad-david-alfonso-munera-cavadia\/","url_meta":{"origin":14467,"position":3},"title":"&#8220;Con el gabinete de Quinto ganaron las castas pol\u00edticas&#8221;. &#8220;Ser\u00e9 un veedor de los intereses de la ciudad&#8221;, David Alfonso M\u00fanera Cavad\u00eda","author":"admin","date":"mayo 19, 2018","format":false,"excerpt":"Oficina de prensa del David M\u00fanera, excandidato a la alcald\u00eda de Cartagena, mayo 18 de 2018 \"Como lo expres\u00f3 su lema de campa\u00f1a: \"Con Quinto ganamos todos\", el gabinete del nuevo alcalde de Cartagena, Antonio Quinto Guerra Varela, fue milim\u00e9tricamente repartido entre las diferentes casas pol\u00edticas y financieras de Cartagena,\u2026","rel":"","context":"En \u00abEconom\u00eda\u00bb","block_context":{"text":"Econom\u00eda","link":"https:\/\/moir.com.co\/web\/category\/temas\/economia\/"},"img":{"alt_text":"","src":"","width":0,"height":0},"classes":[]},{"id":12136,"url":"https:\/\/moir.com.co\/web\/crecer-pero-crecer-bien\/","url_meta":{"origin":14467,"position":4},"title":"Crecer, pero crecer bien","author":"admin","date":"abril 19, 2017","format":false,"excerpt":"Mario Alejandro Valencia, Las2orillas, Bogot\u00e1, abril 18 de 2017 Ning\u00fan texto de econom\u00eda serio, sin importar la corriente de pensamiento del autor, se atrever\u00eda a plantear como deseable para una naci\u00f3n un crecimiento econ\u00f3mico inestable, impredecible o insostenible. Las decisiones pol\u00edticas recientes en Estados Unidos, Reino Unido, Ecuador y las\u2026","rel":"","context":"En \u00abEconom\u00eda\u00bb","block_context":{"text":"Econom\u00eda","link":"https:\/\/moir.com.co\/web\/category\/temas\/economia\/"},"img":{"alt_text":"","src":"https:\/\/i0.wp.com\/moir.com.co\/web\/wp-content\/uploads\/2017\/04\/industria3.jpg?fit=358%2C262&ssl=1&resize=350%2C200","width":350,"height":200},"classes":[]},{"id":10308,"url":"https:\/\/moir.com.co\/web\/mano-invisible-salvanos\/","url_meta":{"origin":14467,"position":5},"title":"Mano invisible \u00a1s\u00e1lvanos!","author":"admin","date":"agosto 13, 2016","format":false,"excerpt":"Adam Smith escribi\u00f3 que \u201clos ricos escogen del mont\u00f3n solo lo m\u00e1s preciado y agradable. Consumen poco m\u00e1s que el pobre, y a pesar de su ego\u00edsmo y rapacidad natural (\u2026) dividen con el pobre el producto de todos sus progresos. Son conducidos por una mano invisible que los hace\u2026","rel":"","context":"En \u00abTemas\u00bb","block_context":{"text":"Temas","link":"https:\/\/moir.com.co\/web\/category\/temas\/"},"img":{"alt_text":"","src":"","width":0,"height":0},"classes":[]}],"jetpack_sharing_enabled":true,"_links":{"self":[{"href":"https:\/\/moir.com.co\/web\/wp-json\/wp\/v2\/posts\/14467","targetHints":{"allow":["GET"]}}],"collection":[{"href":"https:\/\/moir.com.co\/web\/wp-json\/wp\/v2\/posts"}],"about":[{"href":"https:\/\/moir.com.co\/web\/wp-json\/wp\/v2\/types\/post"}],"author":[{"embeddable":true,"href":"https:\/\/moir.com.co\/web\/wp-json\/wp\/v2\/users\/1"}],"replies":[{"embeddable":true,"href":"https:\/\/moir.com.co\/web\/wp-json\/wp\/v2\/comments?post=14467"}],"version-history":[{"count":1,"href":"https:\/\/moir.com.co\/web\/wp-json\/wp\/v2\/posts\/14467\/revisions"}],"predecessor-version":[{"id":14469,"href":"https:\/\/moir.com.co\/web\/wp-json\/wp\/v2\/posts\/14467\/revisions\/14469"}],"wp:featuredmedia":[{"embeddable":true,"href":"https:\/\/moir.com.co\/web\/wp-json\/wp\/v2\/media\/14468"}],"wp:attachment":[{"href":"https:\/\/moir.com.co\/web\/wp-json\/wp\/v2\/media?parent=14467"}],"wp:term":[{"taxonomy":"category","embeddable":true,"href":"https:\/\/moir.com.co\/web\/wp-json\/wp\/v2\/categories?post=14467"},{"taxonomy":"post_tag","embeddable":true,"href":"https:\/\/moir.com.co\/web\/wp-json\/wp\/v2\/tags?post=14467"}],"curies":[{"name":"wp","href":"https:\/\/api.w.org\/{rel}","templated":true}]}}