{"id":14465,"date":"2018-02-12T23:13:13","date_gmt":"2018-02-12T23:13:13","guid":{"rendered":"https:\/\/moir.org.co\/web\/?p=14465"},"modified":"2018-02-12T23:13:13","modified_gmt":"2018-02-12T23:13:13","slug":"video-amigo-taxista-no-se-deje-enganar-voto-robledo-senado-polo-1","status":"publish","type":"post","link":"https:\/\/moir.com.co\/web\/video-amigo-taxista-no-se-deje-enganar-voto-robledo-senado-polo-1\/","title":{"rendered":"Video: Amigo taxista: no se deje enga\u00f1ar. Voto Robledo SENADO POLO 1"},"content":{"rendered":"<p>Los mismos con las mismas son amigos de la ilegalidad, no de los taxistas. Evento con taxistas y la candidata a la c\u00e1mara por Bogot\u00e1 Maria E. Botero POLO 111 <a class=\"yt-simple-endpoint style-scope yt-formatted-string\" href=\"https:\/\/www.youtube.com\/results?search_query=%23VotoRobledoPOLO1\">#VotoRobledoPOLO1<\/a>\u00a0Bogot\u00e1, febrero 11 de 2018<\/p>\n","protected":false},"excerpt":{"rendered":"<p>Los mismos con las mismas son amigos de la ilegalidad, no de los taxistas. Evento con taxistas y la candidata a la c\u00e1mara por Bogot\u00e1 Maria E. Botero POLO 111 #VotoRobledoPOLO1\u00a0Bogot\u00e1, febrero 11 de 2018<\/p>\n","protected":false},"author":1,"featured_media":0,"comment_status":"open","ping_status":"open","sticky":false,"template":"","format":"video","meta":{"advanced_seo_description":"","jetpack_seo_html_title":"","jetpack_seo_noindex":false,"_jetpack_memberships_contains_paid_content":false,"footnotes":""},"categories":[102,97,4,98,110],"tags":[],"class_list":["post-14465","post","type-post","status-publish","format-video","hentry","category-economia","category-imperialismo-y-neoliberalismo","category-jorge-enrique-robledo","category-politica","category-vias-y-transporte","post_format-post-format-video"],"jetpack_featured_media_url":"","jetpack-related-posts":[{"id":14506,"url":"https:\/\/moir.com.co\/web\/video-por-que-los-taxistas-deben-votar-por-robledo\/","url_meta":{"origin":14465,"position":0},"title":"Video: Por qu\u00e9 los taxistas deben votar por Robledo","author":"admin","date":"febrero 18, 2018","format":"video","excerpt":"Bogot\u00e1, febrero 17 de 2018","rel":"","context":"En \u00abEconom\u00eda\u00bb","block_context":{"text":"Econom\u00eda","link":"https:\/\/moir.com.co\/web\/category\/temas\/economia\/"},"img":{"alt_text":"","src":"","width":0,"height":0},"classes":[]},{"id":12339,"url":"https:\/\/moir.com.co\/web\/taxistas-tienen-razon-en-sus-reclamos-y-el-gobierno-debe-resolverlos-robledo\/","url_meta":{"origin":14465,"position":1},"title":"Taxistas tienen raz\u00f3n en sus reclamos y el gobierno debe resolverlos: Robledo","author":"admin","date":"mayo 9, 2017","format":"audio","excerpt":"","rel":"","context":"En \u00abBogot\u00e1\u00bb","block_context":{"text":"Bogot\u00e1","link":"https:\/\/moir.com.co\/web\/category\/temas\/bogota\/"},"img":{"alt_text":"","src":"https:\/\/i0.wp.com\/moir.com.co\/web\/wp-content\/uploads\/2017\/03\/robledoelpais130317.jpeg?fit=565%2C440&ssl=1&resize=350%2C200","width":350,"height":200,"srcset":"https:\/\/i0.wp.com\/moir.com.co\/web\/wp-content\/uploads\/2017\/03\/robledoelpais130317.jpeg?fit=565%2C440&ssl=1&resize=350%2C200 1x, https:\/\/i0.wp.com\/moir.com.co\/web\/wp-content\/uploads\/2017\/03\/robledoelpais130317.jpeg?fit=565%2C440&ssl=1&resize=525%2C300 1.5x"},"classes":[]},{"id":17748,"url":"https:\/\/moir.com.co\/web\/video-respaldo-del-senador-robledo-al-paro-de-taxistas\/","url_meta":{"origin":14465,"position":2},"title":"Video: Respaldo del senador Robledo al paro de taxistas","author":"admin","date":"julio 11, 2019","format":"video","excerpt":"Bogot\u00e1, julio 10 de 2019","rel":"","context":"En \u00abEconom\u00eda\u00bb","block_context":{"text":"Econom\u00eda","link":"https:\/\/moir.com.co\/web\/category\/temas\/economia\/"},"img":{"alt_text":"","src":"","width":0,"height":0},"classes":[]},{"id":13618,"url":"https:\/\/moir.com.co\/web\/concejal-manuel-sarmiento-se-pronuncia-sobre-el-paro-de-taxistas-en-bogota\/","url_meta":{"origin":14465,"position":3},"title":"Concejal Manuel Sarmiento se pronuncia sobre el paro de taxistas en Bogot\u00e1","author":"admin","date":"octubre 25, 2017","format":false,"excerpt":"Oficina de prensa del concejal Manuel Sarmiento, Bogot\u00e1, octubre 24 de 2017 El concejal Manuel Sarmiento, vocero del Polo Democr\u00e1tico Alternativo en el Concejo de Bogot\u00e1, se pronunci\u00f3 a traves de Twitter sobre el paro de taxistas. Enfatiz\u00f3 en la alcahueter\u00eda del alcade Pe\u00f1alosa alrededor de la ilegalidad de Uber,\u2026","rel":"","context":"En \u00abBogot\u00e1\u00bb","block_context":{"text":"Bogot\u00e1","link":"https:\/\/moir.com.co\/web\/category\/temas\/bogota\/"},"img":{"alt_text":"","src":"","width":0,"height":0},"classes":[]},{"id":17745,"url":"https:\/\/moir.com.co\/web\/los-taxistas-tienen-la-razon-en-su-protesta-en-contra-de-la-ilegalidad-senador-robledo-y-concejal-manuel-sarmiento\/","url_meta":{"origin":14465,"position":4},"title":"Los taxistas tienen la raz\u00f3n en su protesta en contra de la ilegalidad: Senador Robledo y concejal Manuel Sarmiento","author":"admin","date":"julio 10, 2019","format":false,"excerpt":"Oficina de prensa del senador Jorge Enrique Robledo y del concejal Manuel Sarmiento, Bogot\u00e1, julio 10 de 2019 El paro adelantado por los taxistas es en contra de la ilegalidad de Uber, Beat, Picap y Didi. Para el senador Jorge Enrique Robledo y el concejal de Bogot\u00e1 Manuel Sarmiento estas\u2026","rel":"","context":"En \u00abEconom\u00eda\u00bb","block_context":{"text":"Econom\u00eda","link":"https:\/\/moir.com.co\/web\/category\/temas\/economia\/"},"img":{"alt_text":"","src":"https:\/\/i0.wp.com\/moir.com.co\/web\/wp-content\/uploads\/2019\/07\/robledotaxisuber.png?fit=768%2C434&ssl=1&resize=350%2C200","width":350,"height":200,"srcset":"https:\/\/i0.wp.com\/moir.com.co\/web\/wp-content\/uploads\/2019\/07\/robledotaxisuber.png?fit=768%2C434&ssl=1&resize=350%2C200 1x, https:\/\/i0.wp.com\/moir.com.co\/web\/wp-content\/uploads\/2019\/07\/robledotaxisuber.png?fit=768%2C434&ssl=1&resize=525%2C300 1.5x, https:\/\/i0.wp.com\/moir.com.co\/web\/wp-content\/uploads\/2019\/07\/robledotaxisuber.png?fit=768%2C434&ssl=1&resize=700%2C400 2x"},"classes":[]},{"id":10019,"url":"https:\/\/moir.com.co\/web\/gobierno-santos-debe-atender-los-justos-reclamos-de-los-taxistas\/","url_meta":{"origin":14465,"position":5},"title":"Gobierno Santos debe atender los justos reclamos de los taxistas","author":"admin","date":"marzo 14, 2016","format":false,"excerpt":"En Bogot\u00e1, como en otras ciudades del pa\u00eds, se movilizaron miles de taxistas para reclamar contra la inacci\u00f3n del gobierno Santos frente a la ilegalidad de la multinacional Uber. Medio mill\u00f3n de personas son conductores o propietarios de taxis y cumplen con las leyes del transporte, la buena fe comercial\u2026","rel":"","context":"En \u00abJorge Enrique Robledo\u00bb","block_context":{"text":"Jorge Enrique Robledo","link":"https:\/\/moir.com.co\/web\/category\/jorge-enrique-robledo\/"},"img":{"alt_text":"","src":"","width":0,"height":0},"classes":[]}],"jetpack_sharing_enabled":true,"_links":{"self":[{"href":"https:\/\/moir.com.co\/web\/wp-json\/wp\/v2\/posts\/14465","targetHints":{"allow":["GET"]}}],"collection":[{"href":"https:\/\/moir.com.co\/web\/wp-json\/wp\/v2\/posts"}],"about":[{"href":"https:\/\/moir.com.co\/web\/wp-json\/wp\/v2\/types\/post"}],"author":[{"embeddable":true,"href":"https:\/\/moir.com.co\/web\/wp-json\/wp\/v2\/users\/1"}],"replies":[{"embeddable":true,"href":"https:\/\/moir.com.co\/web\/wp-json\/wp\/v2\/comments?post=14465"}],"version-history":[{"count":1,"href":"https:\/\/moir.com.co\/web\/wp-json\/wp\/v2\/posts\/14465\/revisions"}],"predecessor-version":[{"id":14466,"href":"https:\/\/moir.com.co\/web\/wp-json\/wp\/v2\/posts\/14465\/revisions\/14466"}],"wp:attachment":[{"href":"https:\/\/moir.com.co\/web\/wp-json\/wp\/v2\/media?parent=14465"}],"wp:term":[{"taxonomy":"category","embeddable":true,"href":"https:\/\/moir.com.co\/web\/wp-json\/wp\/v2\/categories?post=14465"},{"taxonomy":"post_tag","embeddable":true,"href":"https:\/\/moir.com.co\/web\/wp-json\/wp\/v2\/tags?post=14465"}],"curies":[{"name":"wp","href":"https:\/\/api.w.org\/{rel}","templated":true}]}}