{"id":14462,"date":"2018-02-12T23:03:30","date_gmt":"2018-02-12T23:03:30","guid":{"rendered":"https:\/\/moir.org.co\/web\/?p=14462"},"modified":"2022-06-16T16:21:47","modified_gmt":"2022-06-16T16:21:47","slug":"un-candidato-con-historia-de-vida","status":"publish","type":"post","link":"https:\/\/moir.com.co\/web\/un-candidato-con-historia-de-vida\/","title":{"rendered":"Un candidato con historia de vida"},"content":{"rendered":"<p><strong>Libardo G\u00f3mez S\u00e1nchez, Neiva, febrero 12 de 2018<\/strong><\/p>\n<p>Algeciras es un municipio enclavado en uno de los costados de la cordillera oriental, la violencia se incrust\u00f3 por d\u00e9cadas en su seno, al convertirse en un paso obligado del corredor, que en esa cadena monta\u00f1osa, manten\u00edan las guerrillas de las FARC; el temor lleg\u00f3 a tal grado en uno de los momentos de ese rosario de crueldades del conflicto, que su concejo municipal opto por sesionar en Neiva; sin embargo, el esp\u00edritu de trabajo y la resistencia a las adversidades terminaron por primar en los algecire\u00f1os, que poco a poco vuelven a recuperar su tierra, cantera de agricultura y despensa de alimentos para los huilenses.<\/p>\n<p>All\u00ed naci\u00f3 y se cri\u00f3 un joven \u00a0que como la mayor\u00eda, ten\u00eda pocas opciones de educarse y buscar mejores horizontes, dada la pobreza de la familia y las exiguas oportunidades que brinda la sociedad; a pesar de las limitaciones, con esfuerzo, realizando diversas labores que incluyeron el de ayudante de Mixtos o bus escalera como tambi\u00e9n se les conoce y cargando mercados a las se\u00f1oras en la galer\u00eda, logr\u00f3 culminar sus estudios de bachiller en el colegio p\u00fablico de Algeciras; luego con un trabajo de fines de semana en una ferreter\u00eda local, inici\u00f3 sus estudios superiores en la Universidad Surcolombiana que le otorg\u00f3 el titulo de Administrador de Empresas; mientras que adelantaba esta formaci\u00f3n, preocupado por las dificultades que observaba entre los agricultores de la regi\u00f3n se propuso contribuir a la formaci\u00f3n de una organizaci\u00f3n que los agrupara y direccionara sus reclamos; una vez los labriegos descubrieron este l\u00edder que los apoyaba le sugirieron presentarse como candidato al concejo municipal y el opt\u00f3 por hacerlo con el aval del \u00fanico partido pol\u00edtico que en su concepto encarnaba \u00a0las aspiraciones de los de abajo, el Polo Democr\u00e1tico Alternativo, en ejercicio de esta distinci\u00f3n, acompa\u00f1\u00f3 a los cafeteros de su municipio en las movilizaciones del 2013 que lograron el PIC y los salvaron temporalmente de la ruina y la p\u00e9rdida de sus fincas; al tiempo promov\u00eda la formaci\u00f3n de clubes deportivos y art\u00edsticos que han dado opci\u00f3n a miles de j\u00f3venes de evitar el camino del vicio y la calle; hace dos a\u00f1os fue el candidato a la Asamblea Departamental m\u00e1s votado de la lista el Polo con m\u00e1s de 5.000 sufragios y hoy representa al PDA en la lista de la Coalici\u00f3n Colombia con el 104 en el tarjet\u00f3n de C\u00e1mara, Jhon Fredy Tapias es una oportunidad para que el Huila Cambie.<\/p>\n","protected":false},"excerpt":{"rendered":"<p>Libardo G\u00f3mez S\u00e1nchez, Neiva, febrero 12 de 2018 Algeciras es un municipio enclavado en uno de los costados de la cordillera oriental, la violencia se incrust\u00f3 por d\u00e9cadas en su seno, al convertirse en un paso obligado del corredor, que en esa cadena monta\u00f1osa, manten\u00edan las guerrillas de las FARC; el temor lleg\u00f3 a tal [&hellip;]<\/p>\n","protected":false},"author":1,"featured_media":12487,"comment_status":"open","ping_status":"open","sticky":false,"template":"","format":"standard","meta":{"advanced_seo_description":"","jetpack_seo_html_title":"","jetpack_seo_noindex":false,"_jetpack_memberships_contains_paid_content":false,"footnotes":""},"categories":[114,102,97,98],"tags":[],"class_list":["post-14462","post","type-post","status-publish","format-standard","has-post-thumbnail","hentry","category-agro","category-economia","category-imperialismo-y-neoliberalismo","category-politica"],"jetpack_featured_media_url":"https:\/\/i0.wp.com\/moir.com.co\/web\/wp-content\/uploads\/2017\/05\/polo.jpg?fit=254%2C125&ssl=1","jetpack-related-posts":[{"id":3844,"url":"https:\/\/moir.com.co\/web\/senador-robledo-charla-neiva-01\/","url_meta":{"origin":14462,"position":0},"title":"Senador Robledo Charla Neiva (01).","author":"admin","date":"diciembre 12, 2009","format":false,"excerpt":"","rel":"","context":"En \u00abVideos\u00bb","block_context":{"text":"Videos","link":"https:\/\/moir.com.co\/web\/category\/multimedia\/videos\/"},"img":{"alt_text":"","src":"","width":0,"height":0},"classes":[]},{"id":3846,"url":"https:\/\/moir.com.co\/web\/senador-robledo-charla-neiva-03\/","url_meta":{"origin":14462,"position":1},"title":"Senador Robledo Charla Neiva (03)","author":"admin","date":"diciembre 12, 2009","format":false,"excerpt":"","rel":"","context":"En \u00abVideos\u00bb","block_context":{"text":"Videos","link":"https:\/\/moir.com.co\/web\/category\/multimedia\/videos\/"},"img":{"alt_text":"","src":"","width":0,"height":0},"classes":[]},{"id":3847,"url":"https:\/\/moir.com.co\/web\/senador-robledo-charla-neiva-04\/","url_meta":{"origin":14462,"position":2},"title":"Senador Robledo Charla Neiva (04)","author":"admin","date":"diciembre 12, 2009","format":false,"excerpt":"","rel":"","context":"En \u00abVideos\u00bb","block_context":{"text":"Videos","link":"https:\/\/moir.com.co\/web\/category\/multimedia\/videos\/"},"img":{"alt_text":"","src":"","width":0,"height":0},"classes":[]},{"id":3848,"url":"https:\/\/moir.com.co\/web\/senador-robledo-charla-neiva-05\/","url_meta":{"origin":14462,"position":3},"title":"Senador Robledo Charla Neiva (05)","author":"admin","date":"diciembre 12, 2009","format":false,"excerpt":"","rel":"","context":"En \u00abVideos\u00bb","block_context":{"text":"Videos","link":"https:\/\/moir.com.co\/web\/category\/multimedia\/videos\/"},"img":{"alt_text":"","src":"","width":0,"height":0},"classes":[]},{"id":3845,"url":"https:\/\/moir.com.co\/web\/senador-robledo-charla-neiva-02-que-es-lo-que-quieren-reelegir-los-uribistas\/","url_meta":{"origin":14462,"position":4},"title":"Senador Robledo Charla Neiva (02) \u00bfQu\u00e9 es lo que quieren Reelegir los uribistas?","author":"admin","date":"diciembre 12, 2009","format":false,"excerpt":"","rel":"","context":"En \u00abVideos\u00bb","block_context":{"text":"Videos","link":"https:\/\/moir.com.co\/web\/category\/multimedia\/videos\/"},"img":{"alt_text":"","src":"","width":0,"height":0},"classes":[]},{"id":3849,"url":"https:\/\/moir.com.co\/web\/senador-robledo-charla-neiva-06-respuestas-a-las-preguntas-del-publico\/","url_meta":{"origin":14462,"position":5},"title":"Senador Robledo Charla Neiva (06). Respuestas a las preguntas del P\u00fablico","author":"admin","date":"diciembre 12, 2009","format":false,"excerpt":"","rel":"","context":"En \u00abVideos\u00bb","block_context":{"text":"Videos","link":"https:\/\/moir.com.co\/web\/category\/multimedia\/videos\/"},"img":{"alt_text":"","src":"","width":0,"height":0},"classes":[]}],"jetpack_sharing_enabled":true,"_links":{"self":[{"href":"https:\/\/moir.com.co\/web\/wp-json\/wp\/v2\/posts\/14462","targetHints":{"allow":["GET"]}}],"collection":[{"href":"https:\/\/moir.com.co\/web\/wp-json\/wp\/v2\/posts"}],"about":[{"href":"https:\/\/moir.com.co\/web\/wp-json\/wp\/v2\/types\/post"}],"author":[{"embeddable":true,"href":"https:\/\/moir.com.co\/web\/wp-json\/wp\/v2\/users\/1"}],"replies":[{"embeddable":true,"href":"https:\/\/moir.com.co\/web\/wp-json\/wp\/v2\/comments?post=14462"}],"version-history":[{"count":1,"href":"https:\/\/moir.com.co\/web\/wp-json\/wp\/v2\/posts\/14462\/revisions"}],"predecessor-version":[{"id":14463,"href":"https:\/\/moir.com.co\/web\/wp-json\/wp\/v2\/posts\/14462\/revisions\/14463"}],"wp:featuredmedia":[{"embeddable":true,"href":"https:\/\/moir.com.co\/web\/wp-json\/wp\/v2\/media\/12487"}],"wp:attachment":[{"href":"https:\/\/moir.com.co\/web\/wp-json\/wp\/v2\/media?parent=14462"}],"wp:term":[{"taxonomy":"category","embeddable":true,"href":"https:\/\/moir.com.co\/web\/wp-json\/wp\/v2\/categories?post=14462"},{"taxonomy":"post_tag","embeddable":true,"href":"https:\/\/moir.com.co\/web\/wp-json\/wp\/v2\/tags?post=14462"}],"curies":[{"name":"wp","href":"https:\/\/api.w.org\/{rel}","templated":true}]}}