{"id":14459,"date":"2018-02-12T14:22:55","date_gmt":"2018-02-12T14:22:55","guid":{"rendered":"https:\/\/moir.org.co\/web\/?p=14459"},"modified":"2018-02-12T14:22:55","modified_gmt":"2018-02-12T14:22:55","slug":"con-quienes-se-aliarian-si-fajardo-no-gana-en-primera-vuelta","status":"publish","type":"post","link":"https:\/\/moir.com.co\/web\/con-quienes-se-aliarian-si-fajardo-no-gana-en-primera-vuelta\/","title":{"rendered":"\u00bfCon qui\u00e9nes se aliar\u00edan si Fajardo no gana en primera vuelta?"},"content":{"rendered":"<p><strong>Entrevista de Mar\u00eda Isabel Rueda a Jorge Enrique Robledo, El Tiempo, Bogot\u00e1, febrero 12 de 2018<\/strong><\/p>\n<p>El senador Jorge Enrique Robledo est\u00e1 optimista de que su partido, el Polo, pase el umbral y advierte: \u2018Entre las opciones posibles para segunda vuelta hay que incluir el voto en blanco\u2019.<\/p>\n<p id=\"p181462-m103-2-104\" class=\"contenido\"><b>Por estos d\u00edas he escuchado esta discusi\u00f3n: \u00bfSergio Fajardo es un hombre de izquierda, o no? Se lo pregunto porque si alguien lo tiene que saber es usted, que termin\u00f3 aliado con \u00e9l\u2026<\/b><\/p>\n<p>El problema no es de r\u00f3tulos, Mar\u00eda Isabel. En el mundo est\u00e1n llamados a recoger. No permiten aclarar la pol\u00edtica. Tengo con\u00a0<a href=\"http:\/\/www.eltiempo.com\/noticias\/sergio-fajardo\" target=\"_blank\" rel=\"noopener\">Sergio Fajardo<\/a>, as\u00ed como con<a href=\"http:\/\/www.eltiempo.com\/noticias\/claudia-lopez\" target=\"_blank\" rel=\"noopener\">\u00a0Claudia L\u00f3pez<\/a>, diferencias, lo hemos reconocido p\u00fablicamente. Pero pudimos ponernos de acuerdo en asuntos que cada uno de nuestros sectores valora como important\u00edsimos.<br \/>\n<b><br \/>\nNo me diga que es en la anticorrupci\u00f3n, en lo que est\u00e1 de acuerdo el 99 % de la gente\u2026<\/b><\/p>\n<p>La parte medular del acuerdo es que no queremos escoger entre los candidatos de los mismos con las mismas. Hoy el uribismo y el santismo quieren repetir el plebiscito del S\u00ed y el No. La coincidencia inmensa con Sergio y con Claudia, siendo todos partidarios del proceso de paz, es que pensamos que esa etapa hay que superarla.<\/p>\n<p><b>Eso en cuanto a los acuerdos. Porque si fuera por los desacuerdos que hay entre ustedes, pues no podr\u00eda haber una alianza\u2026<\/b><\/p>\n<p>Las coaliciones consisten en que, existiendo desacuerdos, se logran acuerdos b\u00e1sicos sobre asuntos que se consideran fundamentales. Eso es lo que hemos hecho. Es el acuerdo que yo llamo del \u2018ni-ni\u2019, ni con\u00a0<a href=\"http:\/\/www.eltiempo.com\/noticias\/juan-manuel-santos\" target=\"_blank\" rel=\"noopener\">Santos<\/a>\u00a0ni con\u00a0<a href=\"http:\/\/www.eltiempo.com\/noticias\/alvaro-uribe\" target=\"_blank\" rel=\"noopener\">Uribe<\/a>. Aunque ahora que\u00a0<a href=\"http:\/\/www.eltiempo.com\/noticias\/german-vargas-lleras\" target=\"_blank\" rel=\"noopener\">Vargas Lleras<\/a>\u00a0anda de astuto, lo voy a ampliar a ni, ni, ni (risas). Para que no se me vuele. Porque como \u00e9l es tan vivo y se sali\u00f3 de un ni, toca volverlo a meter.<\/p>\n<p><b>Entonces, \u00bfese es el motivo de su afinidad?<\/b><\/p>\n<p>As\u00ed lo veo. El 100 % de los presidentes y de los ministros de Colombia han sido de la tradici\u00f3n liberal-conservadora, ahora con otros nombres. Y tambi\u00e9n el 99,9 % de los concejales, los alcaldes, los gobernadores, los diputados y los congresistas. Lo que representamos Claudia L\u00f3pez, Sergio Fajardo y yo no es eso. Hay que reconocerle a Fajardo que derrot\u00f3 en Medell\u00edn y en Antioquia a toda la clase pol\u00edtica. Ese es el fundamento de este acuerdo. Porque ellos son los responsables pol\u00edticos de todo lo que funciona mal en Colombia, que es casi todo, incluida la gran corrupci\u00f3n que destruye al pa\u00eds.<\/p>\n<p><b>\u00bfAntes de hacer esa alianza con L\u00f3pez y Fajardo, buscando coincidencias sobre las diferencias, usted no lleg\u00f3 a considerar la posibilidad de que ser\u00eda m\u00e1s coherente hacer alianzas con la izquierda pura y simple?\u00a0<\/b><\/p>\n<p>Repito, el tema de los r\u00f3tulos define muy mal porque usted puede encontrar, por ejemplo, que a m\u00ed me catalogan en la izquierda y en nombre de la izquierda han secuestrado, pero yo nunca he estado de acuerdo con el secuestro. O en nombre de la izquierda alguien se corrompe, y yo no tengo nada que ver con eso.<br \/>\n<b><br \/>\nSin r\u00f3tulos: \u00bfno era m\u00e1s l\u00f3gico que usted se aliara con Petro?\u00a0<\/b><\/p>\n<p>En el Polo no tenemos ninguna relaci\u00f3n con<a href=\"http:\/\/www.eltiempo.com\/noticias\/gustavo-petro\" target=\"_blank\" rel=\"noopener\">\u00a0Gustavo Petro\u00a0<\/a>a partir del 2010, cuando se retir\u00f3 del partido para desarrollar el acuerdo que hizo con el presidente Santos. Tampoco votamos por \u00e9l para alcalde de Bogot\u00e1. Y desde la primera vuelta de las elecciones del 2014, \u00e9l vot\u00f3 por Santos y Vargas Lleras. Entonces tenemos unas distancias bien grandes. Petro, adem\u00e1s, tambi\u00e9n cree que hay que repetir, en las presidenciales, el plebiscito del S\u00ed contra el No. Y ha dicho que quiere aliarse con el Partido Liberal y con\u00a0<a href=\"http:\/\/www.eltiempo.com\/noticias\/humberto-de-la-calle\" target=\"_blank\" rel=\"noopener\">De la Calle<\/a>, Clara, Ernesto Samper y C\u00e9sar Gaviria, es decir, con Santos. Lo que pas\u00f3 fue que no le aceptaron la propuesta. Ante la idea de un \u2018gobierno de transici\u00f3n\u2019 con todos ellos, frase que acu\u00f1aron las Farc, la Junta Nacional del Polo que le dio origen a mi candidatura dijo que no le jal\u00e1bamos a ese acuerdo.<\/p>\n<p><b>\u00bfEsa izquierda que usted representa al lado de Fajardo ser\u00e1 capaz de derrotar a la izquierda que apoya a Petro?\u00a0<\/b><\/p>\n<p>Creo que s\u00ed. Pero, adem\u00e1s, el punto medular es este: yo solo hago en pol\u00edtica, y por eso renunci\u00e9 a mi candidatura presidencial y vuelvo al Senado, aquello que considero lo mejor para Colombia, aun cuando no sea o parezca no ser lo mejor para m\u00ed. El respaldo a Fajardo se aprob\u00f3 por consenso en el Polo. Y Fajardo es el \u00fanico que puede generar una unidad tan amplia que sea capaz de vencer a los mismos con las mismas.<\/p>\n<div id=\"p181462-m139-3-140\" class=\"articulo-quote\">\n<div class=\"quote-bk\">\n<p id=\"m143-142-144\" class=\"mensaje\"><em><strong>Fajardo es el \u00fanico que puede generar una unidad tan amplia que sea capaz de vencer a los mismos con las mismas<\/strong><\/em><\/p>\n<\/div>\n<div class=\"texto_redes4 compartir-quote\">\n<ul>\n<li class=\"facebook\"><a id=\"m148-1-149\" class=\"btn_compartir1 page-link\"><\/a>FACEBOOK<\/li>\n<li class=\"twitter\"><a id=\"m153-2-154\" class=\"btn_compartir2 page-link\"><\/a>TWITTER<\/li>\n<\/ul>\n<\/div>\n<\/div>\n<p id=\"p181462-m131-3-132\" class=\"contenido\"><b>Existe una posibilidad real de que a estas alturas de la vida, el Polo, un partido que se ha ganado en la brega democr\u00e1tica su lugar en la pol\u00edtica colombiana, pueda no alcanzar el umbral. Al igual que sus socios, los \u2018verdes\u2019\u2026<\/b><\/p>\n<p>Algunos trabajan para que no existan ni el Polo ni Robledo. Pero soy optimista en que habr\u00e1 Polo para rato y tenemos listas de lujo. Cada cuatro a\u00f1os nos dicen que nos vamos a acabar. Tampoco podemos despreciar que tenemos competidores que se mueven, y la campa\u00f1a est\u00e1 siendo muy sucia. Fajardo representa un riesgo para todos ellos y nos est\u00e1n tirando al alma, pero, con el respaldo ciudadano, pasaremos el umbral.<\/p>\n<p><b>Hablemos de Clara L\u00f3pez. En una jugada algo ins\u00f3lita, tiene un pie en una lista al Congreso con Petro que se llama \u2018lista de la decencia\u2019, lo que lleva a inferir que las otras listas son indecentes. Incluyendo la del Partido Liberal, donde hoy funge como vicepresidenta de De la Calle\u2026\u00a0<\/b><\/p>\n<p>Las inmensas incoherencias de do\u00f1a\u00a0<a href=\"http:\/\/www.eltiempo.com\/noticias\/clara-lopez\" target=\"_blank\" rel=\"noopener\">Clara L\u00f3pez<\/a>\u00a0se\u00f1alan que el Polo acert\u00f3 cuanto tomamos la decisi\u00f3n de no seguir su orientaci\u00f3n de volvernos santistas. Es una incoherencia tras otra y tras otra.<\/p>\n<p><b>Ustedes no aceptaron a Humberto de la Calle en la coalici\u00f3n porque ten\u00eda la cola del Partido Liberal. \u00bfEso se va a mantener hasta el final?<\/b><\/p>\n<p>Este proyecto lo creamos as\u00ed, por la raz\u00f3n fundamental de que es ni-ni.<\/p>\n<p><b>Ni, ni, ni, me dijo atr\u00e1s, para incluir a Vargas\u2026<\/b><\/p>\n<p>Eso, ni, ni, ni. Y ello excluye tambi\u00e9n la opci\u00f3n que usted acaba de mencionar; es evidente que De la Calle es el candidato del Partido Liberal, y que el liberalismo es requetesantista, y que De la Calle, por toda su trayectoria (nadie ha sido alto funcionario de m\u00e1s gobiernos que \u00e9l), cabe perfectamente dentro de la definici\u00f3n de los mismos con las mismas.<\/p>\n<div id=\"p181462-m178-5-179\" class=\"articulo-quote\">\n<div class=\"quote-bk\">\n<p id=\"m182-181-183\" class=\"mensaje\"><em><strong>De la Calle, por toda su trayectoria (nadie ha sido alto funcionario de m\u00e1s gobiernos que \u00e9l), cabe perfectamente dentro de la definici\u00f3n de los mismos con las mismas<\/strong><\/em><\/p>\n<\/div>\n<div class=\"texto_redes4 compartir-quote\">\n<ul>\n<li class=\"facebook\"><a id=\"m187-1-188\" class=\"btn_compartir1 page-link\"><\/a>FACEBOOK<\/li>\n<li class=\"twitter\"><a id=\"m192-2-193\" class=\"btn_compartir2 page-link\"><\/a>TWITTER<\/li>\n<\/ul>\n<\/div>\n<\/div>\n<p id=\"p181462-m169-5-170\" class=\"contenido\"><b>Pero \u00bfpuede que la \u00f3ptica tenga que cambiar en segunda vuelta?<\/b><\/p>\n<p>La decisi\u00f3n que tenemos tomada es ganar en la primera con Sergio Fajardo, pues, si as\u00ed no fuere, puede pasar lo que pas\u00f3 en la segunda vuelta del 2010, cuando todos ellos, los que hoy son la Unidad Nacional, el Centro Democr\u00e1tico y el vargasllerismo, se unieron para elegir a Juan Manuel Santos. Hasta<a href=\"http:\/\/www.eltiempo.com\/noticias\/cesar-gaviria\" target=\"_blank\" rel=\"noopener\">\u00a0C\u00e9sar Gaviria<\/a>se herman\u00f3 con Uribe para elegirlo. Ah\u00ed est\u00e1n las fotos de\u00a0<a href=\"http:\/\/www.eltiempo.com\/noticias\/odebrecht\" target=\"_blank\" rel=\"noopener\">Odebrecht:<\/a>\u00a0estaban juntos todos.<\/p>\n<p><b>Y en el 2014 hasta los suyos se fueron a votar por Santos. Es decir, Clara L\u00f3pez, adem\u00e1s de Petro\u2026<\/b><\/p>\n<p>En la segunda vuelta del 2014 hubo quienes en el Polo votaron por Santos. Pero yo no, p\u00fablicamente llam\u00e9 a votar en blanco. Pienso que ese es uno de mis grandes aciertos. Puedo pararme ante el pa\u00eds y decir: \u201cNunca he votado por Santos\u201d.<\/p>\n<p><b>Pues para que Fajardo gane en primera vuelta le apareci\u00f3 un competidor muy fuerte, que es Gustavo Petro. \u00bfDespu\u00e9s de su desastroso paso por la Alcald\u00eda de Bogot\u00e1, c\u00f3mo explica que est\u00e9 punteando en las encuestas?\u00a0<\/b><\/p>\n<p>Eso puede ser algo misterioso, digamos. Sin embargo, tiene que ver con que Colombia est\u00e1 hasta la coronilla de la clase pol\u00edtica tradicional. Hasta la coronilla es hasta la coronilla. En la Costa nos dec\u00edan: \u201cya est\u00e1 bueno\u201d. Una se\u00f1ora me dijo: \u201cmamados no, senador, remamados\u201d. Entonces, eso le abre paso a opciones que no parecen de los mismos con las mismas. Pero tambi\u00e9n creo que quien mejor puede representar ese anhelo de cambio es Sergio Fajardo.<\/p>\n<p><b>\u00bfPetro califica en el ni-ni?<\/b><\/p>\n<p>Es un hecho que \u00e9l no viene de la vertiente liberal-conservadora, que es el origen de la molestia ciudadana de la que estamos hablando. Por eso puede tener unos resultados favorables. La pregunta es hasta d\u00f3nde puede llegar, aunque no creo que pueda vencer a los mismos con las mismas.<\/p>\n<p><b>Perd\u00f3neme que le insista, pero \u00bfen caso de necesidad, usted se ve asociado con Petro, con Clara, con De la Calle, con Gaviria, para una segunda vuelta?<br \/>\n<\/b><br \/>\nEsa es la pregunta m\u00e1s popular de los periodistas en esta etapa. Insisto: estamos concentrados en ganar en primera vuelta. Ese es nuestro prop\u00f3sito.<\/p>\n<p><b>Una manera de no contestar la pregunta. \u00bfDe pronto estar\u00eda dispuesto a sacrificar un ni, para salvar el otro ni?\u00a0<\/b><\/p>\n<p>Le voy a dar otra respuesta para que vea que s\u00ed le contesto: entre las opciones posibles para segunda vuelta hay que incluir el voto en blanco. No lo estoy proponiendo. Pero es un derecho ciudadano que no se puede descartar.<br \/>\n<b><br \/>\nLas Farc tienen suspendida la campa\u00f1a ante las protestas populares con que los han recibido en varios municipios. \u00bfQu\u00e9 opina?\u00a0<\/b><\/p>\n<p>En nada comparto esas agresiones. Y tambi\u00e9n digo, aunque los casos sean menos graves, que tampoco comparto lo que les ha pasado a otros dirigentes pol\u00edticos. En la calle han agredido a Serpa, a Vargas Lleras, a Navarro y a Uribe. Un pacto m\u00ednimo que deber\u00eda hacerse en Colombia es el de rechazo a esas conductas. No deben celebrarse ni incitarse. Una de las cosas que nos unen con Sergio y con Claudia es que no vamos a meternos en esas peleas de perros y gatos. El paso de la violencia verbal o del maltrato a formas de violencia m\u00e1s complicadas es parte de la historia de Colombia.<\/p>\n<p id=\"p181462-m212-7-213\" class=\"contenido\"><b>Pero \u00bfno puede la gente espont\u00e1neamente manifestar su indignaci\u00f3n contra las Farc por hacer pol\u00edtica sin un solo d\u00eda de justicia?<\/b><\/p>\n<p>Puede haber espontaneidad. Pero tambi\u00e9n puede suceder que alguien instigue y, en todo caso, no creo que esas formas sean positivas para el pa\u00eds, aunque haya profundas heridas e indignaciones que puedo entender. Deber\u00eda haber un acuerdo nacional de desacuerdo con esas conductas. Pero no veo a los formadores de opini\u00f3n ni a los l\u00edderes pol\u00edticos actuando en ese sentido. Llamo a todos a la sensatez y al debate civilizado.<\/p>\n<p><b>\u00bfLa arreciada terrorista del Eln contra el pa\u00eds es un motivo para mantener suspendidas las negociaciones o para reanudarlas?<\/b><\/p>\n<p>Creo que es un error grave del Eln, porque insiste en usar las armas con el prop\u00f3sito de imponer sus puntos de vista y adem\u00e1s hace m\u00e1s dif\u00edcil, o imposible, un proceso de paz que le sirve al pa\u00eds.<\/p>\n<p><b>\u00bfEl Polo y usted como su l\u00edder condenan el r\u00e9gimen de\u00a0<a href=\"http:\/\/www.eltiempo.com\/noticias\/nicolas-maduro\" target=\"_blank\" rel=\"noopener\">Nicol\u00e1s Maduro<\/a>?<\/b><\/p>\n<p>Al respecto se\u00f1alo varios puntos claves. Somos absolutamente independientes del Gobierno de Caracas y de los partidos venezolanos que lo sostienen. Es grave el rompimiento del orden institucional por parte del gobierno. Sus gobiernos han tomado decisiones que yo no tomar\u00eda en Colombia, como las de su modelo econ\u00f3mico. Y cualquier salida a la crisis debe ser pac\u00edfica y acordada entre ellos, sin ning\u00fan pa\u00eds imponi\u00e9ndoles qu\u00e9 hacer, entre otras razones, porque la experiencia internacional indica que es del m\u00e1ximo inter\u00e9s de Colombia que Venezuela no se incendie.<\/p>\n","protected":false},"excerpt":{"rendered":"<p>Entrevista de Mar\u00eda Isabel Rueda a Jorge Enrique Robledo, El Tiempo, Bogot\u00e1, febrero 12 de 2018 El senador Jorge Enrique Robledo est\u00e1 optimista de que su partido, el Polo, pase el umbral y advierte: \u2018Entre las opciones posibles para segunda vuelta hay que incluir el voto en blanco\u2019. Por estos d\u00edas he escuchado esta discusi\u00f3n: [&hellip;]<\/p>\n","protected":false},"author":1,"featured_media":0,"comment_status":"open","ping_status":"open","sticky":false,"template":"","format":"standard","meta":{"advanced_seo_description":"","jetpack_seo_html_title":"","jetpack_seo_noindex":false,"_jetpack_memberships_contains_paid_content":false,"footnotes":""},"categories":[102,97,4,98],"tags":[],"class_list":["post-14459","post","type-post","status-publish","format-standard","hentry","category-economia","category-imperialismo-y-neoliberalismo","category-jorge-enrique-robledo","category-politica"],"jetpack_featured_media_url":"","jetpack-related-posts":[{"id":14536,"url":"https:\/\/moir.com.co\/web\/video-conversatorio-sobre-agro-con-sergio-fajardo-y-jorge-enrique-robledo-el-agro-si-tiene-arreglo\/","url_meta":{"origin":14459,"position":0},"title":"Video: Conversatorio sobre agro con Sergio Fajardo y Jorge Enrique Robledo &#8220;El Agro S\u00ed Tiene Arreglo&#8221;","author":"admin","date":"febrero 20, 2018","format":"video","excerpt":"Bogot\u00e1, febrero 20 de 2018","rel":"","context":"En \u00abAgro\u00bb","block_context":{"text":"Agro","link":"https:\/\/moir.com.co\/web\/category\/temas\/agro\/"},"img":{"alt_text":"","src":"","width":0,"height":0},"classes":[]},{"id":15156,"url":"https:\/\/moir.com.co\/web\/en-segunda-vuelta-le-ganamos-a-cualquiera-jorge-enrique-robledo-castillo\/","url_meta":{"origin":14459,"position":1},"title":"&#8220;En segunda vuelta le ganamos a cualquiera&#8221;: Jorge Enrique Robledo Castillo","author":"admin","date":"mayo 24, 2018","format":false,"excerpt":"La Patria, Manizales, mayo 24 de 2018 Jorge Enrique Robledo\u00a0Castillo, senador del Polo Democr\u00e1tico Alternativo, sostiene que un candidato sin sentido del humor no puede ganar la Presidencia. Jorge Enrique Robledo\u00a0Castillo, senador del Polo Democr\u00e1tico Alternativo, sostiene que un candidato sin sentido del humor no puede ganar la Presidencia. Lo\u2026","rel":"","context":"En \u00abJorge Enrique Robledo\u00bb","block_context":{"text":"Jorge Enrique Robledo","link":"https:\/\/moir.com.co\/web\/category\/jorge-enrique-robledo\/"},"img":{"alt_text":"","src":"https:\/\/i0.wp.com\/moir.com.co\/web\/wp-content\/uploads\/2018\/05\/robledomanillasfajardo.jpg?fit=620%2C592&ssl=1&resize=350%2C200","width":350,"height":200,"srcset":"https:\/\/i0.wp.com\/moir.com.co\/web\/wp-content\/uploads\/2018\/05\/robledomanillasfajardo.jpg?fit=620%2C592&ssl=1&resize=350%2C200 1x, https:\/\/i0.wp.com\/moir.com.co\/web\/wp-content\/uploads\/2018\/05\/robledomanillasfajardo.jpg?fit=620%2C592&ssl=1&resize=525%2C300 1.5x"},"classes":[]},{"id":14840,"url":"https:\/\/moir.com.co\/web\/apoyo-la-mineria-pero-bien-hecha-afirma-jorge-enrique-robledo-senador-electo-por-el-polo-democratico\/","url_meta":{"origin":14459,"position":2},"title":"\u201cApoyo la miner\u00eda, pero bien hecha\u201d, afirma Jorge Enrique Robledo, senador electo por el Polo Democr\u00e1tico","author":"admin","date":"abril 4, 2018","format":false,"excerpt":"Entrevista de Andr\u00e9s Rodelo al senador Jorge Enrique Robledo, La Patria, Manizales, abril 3 de 2018 Jorge Enrique Robledo Castillo consigui\u00f3 en las pasadas elecciones legislativas su quinto periodo consecutivo en el Senado de la Rep\u00fablica, al que lleg\u00f3 por primera vez en el 2002. Lleva 16 a\u00f1os en esta\u2026","rel":"","context":"En \u00abAgro\u00bb","block_context":{"text":"Agro","link":"https:\/\/moir.com.co\/web\/category\/temas\/agro\/"},"img":{"alt_text":"","src":"","width":0,"height":0},"classes":[]},{"id":14911,"url":"https:\/\/moir.com.co\/web\/audio-robledo-en-rcn-radio-sobre-el-apoyo-del-polo-a-sergio-fajardo\/","url_meta":{"origin":14459,"position":3},"title":"Audio: Robledo en RCN Radio sobre el apoyo del Polo a Sergio Fajardo","author":"admin","date":"abril 14, 2018","format":"audio","excerpt":"En entrevista con RCN Radio el senador Jorge Enrique Robledo habla sobre el apoyo del Polo Democr\u00e1tico a la candidatura presidencial de Sergio Fajardo, Bogot\u00e1, abril 14 de 2018","rel":"","context":"En \u00abJorge Enrique Robledo\u00bb","block_context":{"text":"Jorge Enrique Robledo","link":"https:\/\/moir.com.co\/web\/category\/jorge-enrique-robledo\/"},"img":{"alt_text":"","src":"https:\/\/i0.wp.com\/moir.com.co\/web\/wp-content\/uploads\/2018\/01\/robledoeltiempo030118.jpeg?fit=640%2C428&ssl=1&resize=350%2C200","width":350,"height":200,"srcset":"https:\/\/i0.wp.com\/moir.com.co\/web\/wp-content\/uploads\/2018\/01\/robledoeltiempo030118.jpeg?fit=640%2C428&ssl=1&resize=350%2C200 1x, https:\/\/i0.wp.com\/moir.com.co\/web\/wp-content\/uploads\/2018\/01\/robledoeltiempo030118.jpeg?fit=640%2C428&ssl=1&resize=525%2C300 1.5x"},"classes":[]},{"id":14100,"url":"https:\/\/moir.com.co\/web\/video-coalicion-colombia-y-sergio-fajardo-cambiaran-el-pais-robledo\/","url_meta":{"origin":14459,"position":4},"title":"Video: Coalici\u00f3n Colombia y Sergio Fajardo cambiar\u00e1n el pa\u00eds: Robledo","author":"admin","date":"diciembre 13, 2017","format":"video","excerpt":"Intervenci\u00f3n del senador Jorge Enrique Robledo, plenaria del Senado, 12 de diciembre de 2017","rel":"","context":"En \u00abJorge Enrique Robledo\u00bb","block_context":{"text":"Jorge Enrique Robledo","link":"https:\/\/moir.com.co\/web\/category\/jorge-enrique-robledo\/"},"img":{"alt_text":"","src":"","width":0,"height":0},"classes":[]},{"id":14671,"url":"https:\/\/moir.com.co\/web\/video-la-opinion-de-sergio-fajardo-y-jorge-robledo-sobre-uber\/","url_meta":{"origin":14459,"position":5},"title":"Video: La opini\u00f3n de Sergio Fajardo y Jorge Robledo sobre Uber","author":"admin","date":"marzo 5, 2018","format":"video","excerpt":"Bogot\u00e1, marzo 5 de 2018","rel":"","context":"En \u00abEconom\u00eda\u00bb","block_context":{"text":"Econom\u00eda","link":"https:\/\/moir.com.co\/web\/category\/temas\/economia\/"},"img":{"alt_text":"","src":"","width":0,"height":0},"classes":[]}],"jetpack_sharing_enabled":true,"_links":{"self":[{"href":"https:\/\/moir.com.co\/web\/wp-json\/wp\/v2\/posts\/14459","targetHints":{"allow":["GET"]}}],"collection":[{"href":"https:\/\/moir.com.co\/web\/wp-json\/wp\/v2\/posts"}],"about":[{"href":"https:\/\/moir.com.co\/web\/wp-json\/wp\/v2\/types\/post"}],"author":[{"embeddable":true,"href":"https:\/\/moir.com.co\/web\/wp-json\/wp\/v2\/users\/1"}],"replies":[{"embeddable":true,"href":"https:\/\/moir.com.co\/web\/wp-json\/wp\/v2\/comments?post=14459"}],"version-history":[{"count":1,"href":"https:\/\/moir.com.co\/web\/wp-json\/wp\/v2\/posts\/14459\/revisions"}],"predecessor-version":[{"id":14461,"href":"https:\/\/moir.com.co\/web\/wp-json\/wp\/v2\/posts\/14459\/revisions\/14461"}],"wp:attachment":[{"href":"https:\/\/moir.com.co\/web\/wp-json\/wp\/v2\/media?parent=14459"}],"wp:term":[{"taxonomy":"category","embeddable":true,"href":"https:\/\/moir.com.co\/web\/wp-json\/wp\/v2\/categories?post=14459"},{"taxonomy":"post_tag","embeddable":true,"href":"https:\/\/moir.com.co\/web\/wp-json\/wp\/v2\/tags?post=14459"}],"curies":[{"name":"wp","href":"https:\/\/api.w.org\/{rel}","templated":true}]}}