{"id":14450,"date":"2018-02-10T21:10:52","date_gmt":"2018-02-10T21:10:52","guid":{"rendered":"https:\/\/moir.org.co\/web\/?p=14450"},"modified":"2018-02-10T21:10:52","modified_gmt":"2018-02-10T21:10:52","slug":"sergio-fajardo-se-compromete-a-no-aumentar-la-edad-de-pension-si-es-presidente","status":"publish","type":"post","link":"https:\/\/moir.com.co\/web\/sergio-fajardo-se-compromete-a-no-aumentar-la-edad-de-pension-si-es-presidente\/","title":{"rendered":"Sergio Fajardo se compromete a no aumentar la edad de pensi\u00f3n si es presidente"},"content":{"rendered":"<p><strong>Oficina de prensa del senador Jorge Enrique Robledo, Bogot\u00e1, febrero 9 de 2018<\/strong><\/p>\n<table class=\"templateContainer\" border=\"0\" width=\"100%\" cellspacing=\"0\" cellpadding=\"0\">\n<tbody>\n<tr>\n<td align=\"center\" valign=\"top\" bgcolor=\"#f9fafc\">\n<div>\n<table class=\"rnb-del-min-width\" border=\"0\" width=\"100%\" cellspacing=\"0\" cellpadding=\"0\" bgcolor=\"#f9fafc\">\n<tbody>\n<tr>\n<td class=\"rnb-del-min-width\" align=\"center\" valign=\"top\" bgcolor=\"#f9fafc\">\n<table class=\"rnb-container\" border=\"0\" width=\"100%\" cellspacing=\"0\" cellpadding=\"0\" bgcolor=\"#ffffff\">\n<tbody>\n<tr>\n<td class=\"rnb-container-padding\" align=\"left\" valign=\"top\" bgcolor=\"#ffffff\">\n<table class=\"rnb-columns-container\" border=\"0\" width=\"100%\" cellspacing=\"0\" cellpadding=\"0\">\n<tbody>\n<tr>\n<td class=\"rnb-force-col\" valign=\"top\">\n<table class=\"rnb-col-1\" border=\"0\" width=\"100%\" cellspacing=\"0\" cellpadding=\"0\" align=\"left\">\n<tbody>\n<tr>\n<td>\n<div>\n<div>\n<div><strong>\u201cEl principal reto que tenemos hoy, referido a las pensiones, es buscar que los ciudadanos puedan tener un empleo digno para que puedan cotizar. Ese, y no el aumento de la edad, es el asunto que tenemos que enfrentar en primer lugar\u201d,<\/strong> explic\u00f3 hoy el candidato presidencial Sergio Fajardo.<\/div>\n<div><\/div>\n<div>Durante su visita a C\u00facuta, en el marco de la gira que realiza por todo el pa\u00eds, Fajardo present\u00f3 a los medios de comunicaci\u00f3n su posici\u00f3n con respecto a las pensiones.<\/div>\n<div><\/div>\n<div><strong>La reforma pensional es una de las tareas m\u00e1s impopulares pero tambi\u00e9n urgentes para el pr\u00f3ximo Gobierno dada su incidencia en el actual d\u00e9ficit fiscal del pa\u00eds.<\/strong><\/div>\n<div><\/div>\n<div>La situaci\u00f3n es cr\u00edtica pues se calcula que de cada diez trabajadores colombianos solo cotizan tres en el sistema, y de quienes lo hacen, solo uno logra asegurar su pensi\u00f3n.<\/div>\n<div><\/div>\n<div>Sergio Farjardo no solo reiter\u00f3 que no subir\u00e1 la edad pensional, sino que debe buscarse un cambio a la situaci\u00f3n que ha llevado a que pocas personas logren pensionarse.<\/div>\n<div><\/div>\n<div><strong>\u201cEn nuestro pa\u00eds de las cerca de 23 millones de personas que trabajan, solo 7 cotizan. Es decir, hay 16 millones que no est\u00e1n aportando para su seguridad social. Eso es lo que tenemos que cambiar<\/strong>\u201d, expres\u00f3 Fajardo.<\/div>\n<div><\/div>\n<div>De otra parte el candidato de la Coalici\u00f3n Colombia subray\u00f3 que los dineros para las pensiones de personas de escasos recursos as\u00ed como los necesarios para otros programas sociales, muchas veces no est\u00e1n llegando a sus destinatarios por causa de la corrupci\u00f3n que azota al pa\u00eds.<\/div>\n<div><\/div>\n<div>En este sentido expres\u00f3 que la lucha contra la corrupci\u00f3n en las regiones es fundamental porque de esa manera se pueden elegir unos congresistas \u201cv\u00e1lidos\u201d para estructurar programas con el gobierno nacional que atiendan integralmente los problemas regionales.<\/div>\n<div><\/div>\n<div>El candidato se\u00f1al\u00f3 adem\u00e1s que por medio de esta coalici\u00f3n busca cambiar la pol\u00edtica con un campa\u00f1a \u201csin polarizaciones ni agresiones\u201d, y <strong>\u201csin prometer asuntos que resulte imposible cumplir\u201d.<\/strong><\/div>\n<div><\/div>\n<div>Finalmente, y con relaci\u00f3n a la cr\u00edtica situaci\u00f3n en la regi\u00f3n por causa de la inmigraci\u00f3n venezolana, Fajardo dijo que se requiere un plan integral que atienda a los inmigrantes pero que no olvide a los colombianos de la zona.<\/div>\n<div><\/div>\n<div>Fajardo dijo tambi\u00e9n que en una \u00e9poca donde la moda es construir muros y separar, debe impulsarse un plan que tenga en consideraci\u00f3n el apoyo internacional y la coordinaci\u00f3n de distintas entidades nacionales, con el fin de mitigar de forma proactiva los problemas asociados a la migraci\u00f3n masiva.<\/div>\n<\/div>\n<\/div>\n<\/td>\n<\/tr>\n<\/tbody>\n<\/table>\n<\/td>\n<\/tr>\n<\/tbody>\n<\/table>\n<\/td>\n<\/tr>\n<tr>\n<td height=\"20\"><\/td>\n<\/tr>\n<\/tbody>\n<\/table>\n<\/td>\n<\/tr>\n<\/tbody>\n<\/table>\n<\/div>\n<\/td>\n<\/tr>\n<tr>\n<td align=\"center\" valign=\"top\" bgcolor=\"#f9fafc\">\n<div>\n<table class=\"rnb-del-min-width\" border=\"0\" width=\"100%\" cellspacing=\"0\" cellpadding=\"0\" bgcolor=\"#f9fafc\">\n<tbody>\n<tr>\n<td class=\"rnb-del-min-width\" align=\"center\" valign=\"top\" bgcolor=\"#f9fafc\">\n<table class=\"rnb-container\" border=\"0\" width=\"100%\" cellspacing=\"0\" cellpadding=\"0\" bgcolor=\"#ffffff\">\n<tbody>\n<tr>\n<td height=\"20\"><\/td>\n<\/tr>\n<tr>\n<td class=\"rnb-container-padding\" align=\"left\" valign=\"top\" bgcolor=\"#ffffff\">\n<table class=\"rnb-columns-container\" border=\"0\" width=\"100%\" cellspacing=\"0\" cellpadding=\"0\">\n<tbody>\n<tr>\n<td class=\"rnb-force-col\" valign=\"top\">\n<table class=\"rnb-col-1\" border=\"0\" width=\"100%\" cellspacing=\"0\" cellpadding=\"0\" align=\"left\">\n<tbody>\n<tr>\n<td>\n<div>\n<div>\n<div><strong>\u201cEl principal reto que tenemos hoy, referido a las pensiones, es buscar que los ciudadanos puedan tener un empleo digno para que puedan cotizar. Ese, y no el aumento de la edad, es el asunto que tenemos que enfrentar en primer lugar\u201d,<\/strong> explic\u00f3 hoy el candidato presidencial Sergio Fajardo.<\/div>\n<div><\/div>\n<div>Durante su visita a C\u00facuta, en el marco de la gira que realiza por todo el pa\u00eds, Fajardo present\u00f3 a los medios de comunicaci\u00f3n su posici\u00f3n con respecto a las pensiones.<\/div>\n<div><\/div>\n<div><strong>La reforma pensional es una de las tareas m\u00e1s impopulares pero tambi\u00e9n urgentes para el pr\u00f3ximo Gobierno dada su incidencia en el actual d\u00e9ficit fiscal del pa\u00eds.<\/strong><\/div>\n<div><\/div>\n<div>La situaci\u00f3n es cr\u00edtica pues se calcula que de cada diez trabajadores colombianos solo cotizan tres en el sistema, y de quienes lo hacen, solo uno logra asegurar su pensi\u00f3n.<\/div>\n<div><\/div>\n<div>Sergio Farjardo no solo reiter\u00f3 que no subir\u00e1 la edad pensional, sino que debe buscarse un cambio a la situaci\u00f3n que ha llevado a que pocas personas logren pensionarse.<\/div>\n<div><\/div>\n<div><strong>\u201cEn nuestro pa\u00eds de las cerca de 23 millones de personas que trabajan, solo 7 cotizan. Es decir, hay 16 millones que no est\u00e1n aportando para su seguridad social. Eso es lo que tenemos que cambiar<\/strong>\u201d, expres\u00f3 Fajardo.<\/div>\n<div><\/div>\n<div>De otra parte el candidato de la Coalici\u00f3n Colombia subray\u00f3 que los dineros para las pensiones de personas de escasos recursos as\u00ed como los necesarios para otros programas sociales, muchas veces no est\u00e1n llegando a sus destinatarios por causa de la corrupci\u00f3n que azota al pa\u00eds.<\/div>\n<div><\/div>\n<div>En este sentido expres\u00f3 que la lucha contra la corrupci\u00f3n en las regiones es fundamental porque de esa manera se pueden elegir unos congresistas \u201cv\u00e1lidos\u201d para estructurar programas con el gobierno nacional que atiendan integralmente los problemas regionales.<\/div>\n<div><\/div>\n<div>El candidato se\u00f1al\u00f3 adem\u00e1s que por medio de esta coalici\u00f3n busca cambiar la pol\u00edtica con un campa\u00f1a \u201csin polarizaciones ni agresiones\u201d, y <strong>\u201csin prometer asuntos que resulte imposible cumplir\u201d.<\/strong><\/div>\n<div><\/div>\n<div>Finalmente, y con relaci\u00f3n a la cr\u00edtica situaci\u00f3n en la regi\u00f3n por causa de la inmigraci\u00f3n venezolana, Fajardo dijo que se requiere un plan integral que atienda a los inmigrantes pero que no olvide a los colombianos de la zona.<\/div>\n<div><\/div>\n<div>Fajardo dijo tambi\u00e9n que en una \u00e9poca donde la moda es construir muros y separar, debe impulsarse un plan que tenga en consideraci\u00f3n el apoyo internacional y la coordinaci\u00f3n de distintas entidades nacionales, con el fin de mitigar de forma proactiva los problemas asociados a la migraci\u00f3n masiva.<\/div>\n<\/div>\n<\/div>\n<\/td>\n<\/tr>\n<\/tbody>\n<\/table>\n<\/td>\n<\/tr>\n<\/tbody>\n<\/table>\n<\/td>\n<\/tr>\n<\/tbody>\n<\/table>\n<\/td>\n<\/tr>\n<\/tbody>\n<\/table>\n<\/div>\n<\/td>\n<\/tr>\n<\/tbody>\n<\/table>\n","protected":false},"excerpt":{"rendered":"<p>Oficina de prensa del senador Jorge Enrique Robledo, Bogot\u00e1, febrero 9 de 2018 \u201cEl principal reto que tenemos hoy, referido a las pensiones, es buscar que los ciudadanos puedan tener un empleo digno para que puedan cotizar. Ese, y no el aumento de la edad, es el asunto que tenemos que enfrentar en primer lugar\u201d, [&hellip;]<\/p>\n","protected":false},"author":1,"featured_media":14451,"comment_status":"open","ping_status":"open","sticky":false,"template":"","format":"standard","meta":{"advanced_seo_description":"","jetpack_seo_html_title":"","jetpack_seo_noindex":false,"_jetpack_memberships_contains_paid_content":false,"footnotes":""},"categories":[102,97,105,98,96],"tags":[],"class_list":["post-14450","post","type-post","status-publish","format-standard","has-post-thumbnail","hentry","category-economia","category-imperialismo-y-neoliberalismo","category-internacional-articulos-de-actualidad","category-politica","category-salud-y-pensiones"],"jetpack_featured_media_url":"https:\/\/i0.wp.com\/moir.com.co\/web\/wp-content\/uploads\/2018\/02\/fajardo.png?fit=955%2C495&ssl=1","jetpack-related-posts":[{"id":9237,"url":"https:\/\/moir.com.co\/web\/la-ocde-vs-el-derecho-a-la-pension-en-colombia\/","url_meta":{"origin":14450,"position":0},"title":"La OCDE vs el derecho a la pensi\u00f3n en Colombia","author":"admin","date":"marzo 24, 2015","format":false,"excerpt":"M\u00faltiples organizaciones de pensionados participar\u00e1n en la Audiencia P\u00fablica citada por el senador Jorge Enrique Robledo el mi\u00e9rcoles 25 de marzo. Pensionados rechazan imposiciones de la OCDE como mesadas por debajo del salario m\u00ednimo, equiparar edad de jubilaci\u00f3n de las mujeres con los hombres e impuestos a las pensiones. El\u2026","rel":"","context":"En \u00abJorge Enrique Robledo\u00bb","block_context":{"text":"Jorge Enrique Robledo","link":"https:\/\/moir.com.co\/web\/category\/jorge-enrique-robledo\/"},"img":{"alt_text":"","src":"","width":0,"height":0},"classes":[]},{"id":9247,"url":"https:\/\/moir.com.co\/web\/pensionados-rechazan-imposiciones-de-la-ocde\/","url_meta":{"origin":14450,"position":1},"title":"Pensionados rechazan imposiciones de la OCDE","author":"admin","date":"marzo 26, 2015","format":false,"excerpt":"Mesadas por debajo del m\u00ednimo e igualdad en edad de pensi\u00f3n para hombres y mujeres fueron rechazadas por organizaciones de pensionados. Fondos privados hacen negocio con el derecho a la pensi\u00f3n de millones de colombianos. Pensionados deben unirse para enfrentar inminente reforma que pretende minar sus derechos. Con la asistencia\u2026","rel":"","context":"En \u00abJorge Enrique Robledo\u00bb","block_context":{"text":"Jorge Enrique Robledo","link":"https:\/\/moir.com.co\/web\/category\/jorge-enrique-robledo\/"},"img":{"alt_text":"","src":"","width":0,"height":0},"classes":[]},{"id":9463,"url":"https:\/\/moir.com.co\/web\/pensionados-protestaran-por-promesas-incumplidas-de-santos\/","url_meta":{"origin":14450,"position":2},"title":"Pensionados protestar\u00e1n por promesas incumplidas de Santos","author":"admin","date":"junio 17, 2015","format":false,"excerpt":"Los jubilados se movilizar\u00e1n para defender el derecho a la pensi\u00f3n y exigirle al presidente Santos que cumpla con sus promesas de campa\u00f1a hasta la fecha incumplidas. Tras la audiencia p\u00fablica \u201cLa OCDE Vs. El Derecho a la Pensi\u00f3n en Colombia\u201d, las confederaciones de pensionados y decenas de organizaciones asociadas\u2026","rel":"","context":"En \u00abJorge Enrique Robledo\u00bb","block_context":{"text":"Jorge Enrique Robledo","link":"https:\/\/moir.com.co\/web\/category\/jorge-enrique-robledo\/"},"img":{"alt_text":"","src":"","width":0,"height":0},"classes":[]},{"id":19573,"url":"https:\/\/moir.com.co\/web\/en-defensa-de-los-pensionados-2\/","url_meta":{"origin":14450,"position":3},"title":"EN DEFENSA DE LOS PENSIONADOS","author":"admin","date":"agosto 4, 2004","format":false,"excerpt":"Jorge Enrique Robledo Castillo, jerobledo@senado.gov.co, Bogot\u00e1, 3 de julio de 2004. En lo que suena como una especie de campa\u00f1a en contra del derecho a pensionarse de los colombianos, se presenta a quienes lo han logrado casi como a una especie de z\u00e1nganos que abusan del resto de la naci\u00f3n.\u2026","rel":"","context":"En \u00abTribuna Roja N\u00ba 96; Julio 23 de 2004\u00bb","block_context":{"text":"Tribuna Roja N\u00ba 96; Julio 23 de 2004","link":"https:\/\/moir.com.co\/web\/category\/tribuna-roja\/ediciones-2000-2004\/tribuna-roja-no-96-julio-23-de-2004\/"},"img":{"alt_text":"","src":"","width":0,"height":0},"classes":[]},{"id":1719,"url":"https:\/\/moir.com.co\/web\/en-defensa-de-los-pensionados\/","url_meta":{"origin":14450,"position":4},"title":"EN DEFENSA DE LOS PENSIONADOS","author":"admin","date":"agosto 25, 2004","format":false,"excerpt":"Jorge Enrique Robledo Castillo En lo que suena como una especie de campa\u00f1a en contra del derecho a pensionarse de los colombianos, se presenta a quienes lo han logrado casi como a una especie de z\u00e1nganos que abusan del resto de la naci\u00f3n. Cuando lo cierto es que la pensi\u00f3n\u2026","rel":"","context":"En \u00abEL USUARIO N\u00ba9 JULIO-AGOSTO 2004\u00bb","block_context":{"text":"EL USUARIO N\u00ba9 JULIO-AGOSTO 2004","link":"https:\/\/moir.com.co\/web\/category\/temas\/servicios-publicos-articulos-de-actualidad\/el-usuario\/el-usuario-no9-julio-agosto-2004\/"},"img":{"alt_text":"","src":"","width":0,"height":0},"classes":[]},{"id":6213,"url":"https:\/\/moir.com.co\/web\/felices-pensiones\/","url_meta":{"origin":14450,"position":5},"title":"Felices pensiones","author":"admin","date":"enero 4, 2012","format":false,"excerpt":"Hay una costumbre inveterada de la oligarqu\u00eda de este pa\u00eds: recibir el a\u00f1o nuevo con costosas fiestas en clubes de post\u00edn; mensajes televisados con presidente a bordo, sonriendo como padre amant\u00edsimo de sus gobernados; y una cascada de alzas, medidas y anuncios, que en puridad de verdad deber\u00edan despertar a\u2026","rel":"","context":"En \u00abTemas\u00bb","block_context":{"text":"Temas","link":"https:\/\/moir.com.co\/web\/category\/temas\/"},"img":{"alt_text":"","src":"","width":0,"height":0},"classes":[]}],"jetpack_sharing_enabled":true,"_links":{"self":[{"href":"https:\/\/moir.com.co\/web\/wp-json\/wp\/v2\/posts\/14450","targetHints":{"allow":["GET"]}}],"collection":[{"href":"https:\/\/moir.com.co\/web\/wp-json\/wp\/v2\/posts"}],"about":[{"href":"https:\/\/moir.com.co\/web\/wp-json\/wp\/v2\/types\/post"}],"author":[{"embeddable":true,"href":"https:\/\/moir.com.co\/web\/wp-json\/wp\/v2\/users\/1"}],"replies":[{"embeddable":true,"href":"https:\/\/moir.com.co\/web\/wp-json\/wp\/v2\/comments?post=14450"}],"version-history":[{"count":1,"href":"https:\/\/moir.com.co\/web\/wp-json\/wp\/v2\/posts\/14450\/revisions"}],"predecessor-version":[{"id":14452,"href":"https:\/\/moir.com.co\/web\/wp-json\/wp\/v2\/posts\/14450\/revisions\/14452"}],"wp:featuredmedia":[{"embeddable":true,"href":"https:\/\/moir.com.co\/web\/wp-json\/wp\/v2\/media\/14451"}],"wp:attachment":[{"href":"https:\/\/moir.com.co\/web\/wp-json\/wp\/v2\/media?parent=14450"}],"wp:term":[{"taxonomy":"category","embeddable":true,"href":"https:\/\/moir.com.co\/web\/wp-json\/wp\/v2\/categories?post=14450"},{"taxonomy":"post_tag","embeddable":true,"href":"https:\/\/moir.com.co\/web\/wp-json\/wp\/v2\/tags?post=14450"}],"curies":[{"name":"wp","href":"https:\/\/api.w.org\/{rel}","templated":true}]}}