{"id":1445,"date":"2006-08-20T07:00:00","date_gmt":"2006-08-20T07:00:00","guid":{"rendered":"https:\/\/moir.org.co\/web\/declaracion-politica-del-v-congreso-de-la-cut\/"},"modified":"2006-08-20T07:00:00","modified_gmt":"2006-08-20T07:00:00","slug":"declaracion-politica-del-v-congreso-de-la-cut","status":"publish","type":"post","link":"https:\/\/moir.com.co\/web\/declaracion-politica-del-v-congreso-de-la-cut\/","title":{"rendered":"DECLARACI\u00d3N POL\u00cdTICA DEL V CONGRESO DE LA CUT"},"content":{"rendered":"<p>El V Congreso de la CUT una vez presentadas y discutidas las diferentes tesis sobre la situaci\u00f3n pol\u00edtica nacional e internacional acuerda la siguiente declaraci\u00f3n pol\u00edtica:<\/p>\n<p>1. El proceso pol\u00edtico que se inici\u00f3 con el gobierno de \u00c1lvaro Uribe V\u00e9lez en agosto de 2002, las recientes elecciones parlamentarias y su reelecci\u00f3n el pasado 28 de mayo de 2006, tienden de manera clara a producir cambios muy significativos en el r\u00e9gimen pol\u00edtico y en la concepci\u00f3n y estructura del estado Colombiano. La coyuntura pol\u00edtica Colombiana se debate entre: La defensa de la democracia y la soberan\u00eda nacional  y el establecimiento del denominado &#8220;Estado Comunitario&#8221;.<\/p>\n<p>La reelecci\u00f3n de \u00c1lvaro Uribe se constituye en un rev\u00e9s para los intereses nacionales y un acentuamiento de la p\u00e9rdida de democracia. Los sectores democr\u00e1ticos del pa\u00eds tienen claro que el gobierno  mantendr\u00e1 la antinacional entrega de nuestra riqueza a las multinacionales, continuar\u00e1 su comportamiento genuflexo al gobierno de Estados Unidos y la entrega de la soberan\u00eda nacional y profundizar\u00e1  el autoritarismo que lo ha caracterizado.<\/p>\n<p>2. Uribe logr\u00f3 su reelecci\u00f3n gracias al control clientelista del Estado, el apoyo de la gran mayor\u00eda de partidos pol\u00edticos, hoy uribistas, la aplicaci\u00f3n de pol\u00edticas asistencialistas, un gran apoyo de los medios masivos de comunicaci\u00f3n y la intromisi\u00f3n en el estado del narcotr\u00e1fico y el paramilitarismo.<\/p>\n<p>3. No obstante lo anterior, para los trabajadores y las fuerzas progresistas el debate electoral trajo consigo la aparici\u00f3n de un proceso unitario que aglutina diferentes fuerzas de la oposici\u00f3n, alcanz\u00f3 la segunda votaci\u00f3n y promete convertirse en la alternativa  para los ya centenarios problemas de la naci\u00f3n y el pueblo colombiano.<\/p>\n<p>En este segundo per\u00edodo del Gobierno de Uribe, se requiere de la m\u00e1s amplia unidad de todos los sectores sociales y pol\u00edticos que por cualquier circunstancia se le opongan, de tal forma que podamos realizar la m\u00e1s amplia lucha de masas.  A ello deber\u00e1 contribuir la CUT y los escenarios de unidad y coordinaci\u00f3n del Comando Nacional Unitario y la Gran Coalici\u00f3n Democr\u00e1tica.  As\u00ed mismo, desarrollar  una pol\u00edtica de alianzas, especialmente entre los partidos y fuerzas de oposici\u00f3n.<\/p>\n<p>Ante la reelecci\u00f3n presidencial de \u00c1lvaro Uribe V\u00e9lez, el movimiento sindical debe proponerse contribuir en el fortalecimiento de la Gran Coalici\u00f3n Democr\u00e1tica con una visi\u00f3n amplia e incluyente que trascienda la coyuntura pol\u00edtica y nos garantice desarrollar la m\u00e1s amplia unidad de acci\u00f3n pol\u00edtica para luchar contra el TLC, la seguridad democr\u00e1tica y el Estado Comunitario; aprovechando el escenario del Congreso de la Rep\u00fablica, pero dando prioridad a la movilizaci\u00f3n nacional.<\/p>\n<p>4. Los trabajadores y los sectores populares continuamos siendo el blanco favorito de las pol\u00edticas neoliberales; todas las reformas apuntan a favorecer a grandes empresarios y trasnacionales. El TLC, el saqueo colonialista de nuestros recursos naturales, la nueva reforma tributaria, el recorte a las transferencias,  las privatizaciones como la de Ecopetrol, Adpostal, electrificadoras, la liquidaci\u00f3n del ISS y la red p\u00fablica hospitalaria, y los anuncios de nuevas reformas laborales y pensionales, y de la eliminaci\u00f3n de las rentas parafiscales que financian el SENA, el ICBF y las Cajas, y en fin toda la agenda legislativa, tienen como  meta desmontar las funciones sociales y del control del Estado, ahondar en el empobrecimiento de las clases trabajadoras y seguir concentrando la riqueza en un pu\u00f1ado de potentados.<\/p>\n<p>El desconocimiento de los derechos de asociaci\u00f3n sindical, de contrataci\u00f3n colectiva, y de huelga amenazan con desaparecer al movimiento sindical; por lo tanto, para los trabajadores es urgente adelantar la m\u00e1s ambiciosa labor de denuncia y movilizaci\u00f3n por recobrar estos elementales derechos, acciones en la que debemos ganar el respaldo de todos los dem\u00f3cratas y progresistas de Colombia y la solidaridad internacional.<\/p>\n<p>5. La arremetida contra la soberan\u00eda y el nivel de vida de la poblaci\u00f3n continuar\u00e1, especialmente con la profundizaci\u00f3n de medidas neoliberales, encaminadas en el contexto de la firma y aprobaci\u00f3n  del neocolonial TLC con Estados Unidos. As\u00ed se entregaran nuestros recursos naturales, nuestro patrimonio nacional p\u00fablico y privado, nuestro mercado y nuestra mano de obra abaratada, y nuestra precaria producci\u00f3n nacional.<\/p>\n<p>6. La CUT se opondr\u00e1 a toda pretensi\u00f3n de potencias extranjeras u organismos multilaterales internacionales (OMC, FMI, BM, BID), de someter a su arbitrio y su conveniencia las decisiones econ\u00f3micas y pol\u00edticas del Estado y el pueblo colombiano<\/p>\n<p>7. Continuaremos realizando todos los esfuerzos necesarios con las bancadas de oposici\u00f3n a Uribe, el Comando Nacional Unitario, la Gran Coalici\u00f3n Democr\u00e1tica y otros sectores, a fin de continuar denunciando y reclamando ante la OIT y su representaci\u00f3n permanente en Colombia, hasta ahora obstaculizada por el Gobierno, con el prop\u00f3sito de avanzar en la defensa de las libertades sindicales, los derechos humanos y la lucha contra la impunidad, redundando en el fortalecimiento del movimiento sindical colombiano.<\/p>\n<p>Como CUT reivindicamos el derecho a la vida, al pleno ejercicio de libertades pol\u00edticas sindicales  y ciudadanas de los trabajadores y sectores populares y como tal condenamos la ofensiva contra los derechos humanos por parte del gobierno.<\/p>\n<p>8. La CUT recurrir\u00e1 a la movilizaci\u00f3n como forma principal de lucha y practicar\u00e1 la m\u00e1s amplia unidad de acci\u00f3n con las organizaciones sociales y pol\u00edticas,  encaminados a fortalecer y presionar la soluci\u00f3n de los conflictos mediante la negociaci\u00f3n y la concertaci\u00f3n.<\/p>\n<p>La eficacia de la negociaci\u00f3n depende en gran parte del ambiente democr\u00e1tico que se viva en la sociedad. Por ello la CUT promueve la ampliaci\u00f3n y profundizaci\u00f3n de la democracia pol\u00edtica en el pa\u00eds, de tal manera que sea posible el ejercicio efectivo de las libertades sindicales y la protesta y la movilizaci\u00f3n no sean criminalizadas ni obstaculizadas por el Estado y el empresariado.<\/p>\n<p>La CUT rechaza frontalmente al autoritarismo y la represi\u00f3n estatal, la subordinaci\u00f3n a poderes extranjeros y la permanencia de instituciones que reproducen la injusticia social. <\/p>\n<p>9. La CUT se propone la b\u00fasqueda de las transformaciones sociales por m\u00e9todos civilistas y democr\u00e1ticos <\/p>\n<p>Repudiamos todas las formas de terror y del terrorismo del estado, en particular el atentado personal, el secuestro, la extorsi\u00f3n, las acciones armadas contra la poblaci\u00f3n civil, que de ning\u00fan modo son formas legitimas de las luchas de los pueblos, por lo que condenamos todo acto de esta naturaleza.  En el contexto de la dominaci\u00f3n imperial nos oponemos al concepto a la &#8220;lucha antiterrorista&#8221; que los gobiernos norteamericano y colombiano utilizan como pretexto para recurrir a m\u00e9todos absolutistas y perseguir las expresiones de lucha popular que se oponen a la pol\u00edtica imperante. <\/p>\n<p>10. La CUT saluda y se solidariza con las alternativas pol\u00edticas que en Am\u00e9rica Latina surgen y se consolidan contra el neoliberalismo en Brasil, Venezuela, Cuba, Argentina, Bolivia, Uruguay.  Los procesos pol\u00edticos y sociales en Chile, Ecuador, Per\u00fa, M\u00e9xico, y otros pa\u00edses, confirma la tesis de que el neoliberalismo ha fracasado pol\u00edtica, econ\u00f3mica, y socialmente y s\u00f3lo es sostenido y defendido a pesar de sus funestos resultados por muy pocos gobiernos del continente.<\/p>\n<p>11. La CUT sin vacilaci\u00f3n rechaza la injerencia norteamericana en los asuntos nacionales,  condena la invasi\u00f3n de Estados Unidos a Irak, Afganist\u00e1n,  y exige el cese de la agresi\u00f3n Israel\u00ed a los pueblos de Palestina y el L\u00edbano. Igualmente rechazamos que los Estados Unidos se inmiscuyan en los asuntos internos, auspiciando la guerra en momentos en que el pa\u00eds demanda respuestas sociales a los acuciantes problemas que padece la poblaci\u00f3n. Por consiguiente, rechazamos la &#8220;seguridad democr\u00e1tica&#8221;, el Plan Colombia, la presencia de tropas gringas, las fumigaciones, y la extradici\u00f3n de nacionales.<\/p>\n<p>Para estas acciones  ser\u00e1 necesario que la agenda pol\u00edtica de la CUT se construya sobre los siguientes ejes: <\/p>\n<p>&#8211; Defensa de la Democracia y la soberan\u00eda: A la concepci\u00f3n y pr\u00e1ctica &#8220;del estado comunitario&#8221; debe anteponerse una defensa clara y sin vacilaciones de la democracia y la soberan\u00eda y luchar para hacer realidad el estado social y democr\u00e1tico de Derecho.<\/p>\n<p>&#8211; Acento en las luchas sociales contra el neoliberalismo, para lo cual, la CUT promover\u00e1 sus propuestas de plan de desarrollo alternativo que van dirigidas a un cambio del modelo de desarrollo que construya la justicia y la equidad social en el pa\u00eds.<\/p>\n<p>&#8211; Superar el conflicto armado: La CUT continuar\u00e1 realizando esfuerzos y promoviendo propuestas hacia una soluci\u00f3n pol\u00edtica negociada al conflicto y el logro de acuerdos humanitarios.<\/p>\n<p>La CUT refirma su condena a la ley de Justicia y Paz que consagra la impunidad y no materializa los principios de verdad, justicia y reparaci\u00f3n<\/p>\n<p>&#8211; Ampliar la participaci\u00f3n pol\u00edtica en procura de gobiernos democr\u00e1ticos territoriales: Nuestra sociedad puede encontrar su futuro y lograrlo,  promoviendo una mayor presencia de los trabajadores en la vida pol\u00edtica del pa\u00eds y en particular en esta coyuntura ser\u00e1 decisivo conquistar gobiernos territoriales. Con la participaci\u00f3n de los trabajadores se puede resistir y construir alternativas pol\u00edticas democr\u00e1ticas para nuestro pa\u00eds. <\/p>\n<p>Bogot\u00e1, agosto 25 de 2006<\/p>\n<p>CARLOS RODRIGUEZ DIAZ<br \/>\nPresidente<\/p>\n<p>BORIS MONTES DE OCA A.<br \/>\nSecretario General<\/p>\n","protected":false},"excerpt":{"rendered":"<p>El V Congreso de la CUT una vez presentadas y discutidas las diferentes tesis sobre la situaci\u00f3n pol\u00edtica nacional e internacional acuerda la siguiente declaraci\u00f3n pol\u00edtica: 1. El proceso pol\u00edtico que se inici\u00f3 con el gobierno de \u00c1lvaro Uribe V\u00e9lez en agosto de 2002, las recientes elecciones parlamentarias y su reelecci\u00f3n el pasado 28 de [&hellip;]<\/p>\n","protected":false},"author":1,"featured_media":0,"comment_status":"open","ping_status":"open","sticky":false,"template":"","format":"standard","meta":{"advanced_seo_description":"","jetpack_seo_html_title":"","jetpack_seo_noindex":false,"_jetpack_memberships_contains_paid_content":false,"footnotes":""},"categories":[7],"tags":[],"class_list":["post-1445","post","type-post","status-publish","format-standard","hentry","category-pronunciamientos-de-organizaciones-sociales"],"jetpack_featured_media_url":"","jetpack-related-posts":[{"id":3605,"url":"https:\/\/moir.com.co\/web\/declaracion-de-la-xlv-junta-nacional-de-la-cut-contra-las-politicas-imperialistas-y-la-reeleccion-uribista\/","url_meta":{"origin":1445,"position":0},"title":"DECLARACI\u00d3N DE LA XLV JUNTA NACIONAL DE LA CUT: Contra las pol\u00edticas imperialistas y la reelecci\u00f3n uribista","author":"admin","date":"octubre 3, 2009","format":false,"excerpt":"La Junta Directiva Nacional de nuestra Central sesiona en medio de la mayor agresi\u00f3n imperialista a nuestra soberan\u00eda nacional, desde la p\u00e9rdida de Panam\u00e1: El acuerdo militar con el gobierno de Estados Unidos para instalar sofisticados equipos y armamento y estacionar tropas en siete (7) bases militares colombianas. Con ello,\u2026","rel":"","context":"En \u00abPronunciamientos de Organizaciones Sociales\u00bb","block_context":{"text":"Pronunciamientos de Organizaciones Sociales","link":"https:\/\/moir.com.co\/web\/category\/pronunciamientos-de-organizaciones-sociales\/"},"img":{"alt_text":"","src":"","width":0,"height":0},"classes":[]},{"id":4468,"url":"https:\/\/moir.com.co\/web\/la-cut-y-la-coyuntura-nacional\/","url_meta":{"origin":1445,"position":1},"title":"La CUT y la coyuntura nacional","author":"admin","date":"junio 12, 2010","format":false,"excerpt":"La Central Unitaria de Trabajadores de Colombia CUT con respecto a la coyuntura pol\u00edtica nacional signada por la sistem\u00e1tica intervenci\u00f3n del presidente de la rep\u00fablica a favor de su candidato Juan Manuel Santos y su formula vicepresidencial Angelino Garz\u00f3n; por los ataques a las decisiones soberanas de la Rama Judicial\u2026","rel":"","context":"En \u00abPronunciamientos de Organizaciones Sociales\u00bb","block_context":{"text":"Pronunciamientos de Organizaciones Sociales","link":"https:\/\/moir.com.co\/web\/category\/pronunciamientos-de-organizaciones-sociales\/"},"img":{"alt_text":"","src":"","width":0,"height":0},"classes":[]},{"id":20454,"url":"https:\/\/moir.com.co\/web\/exitoso-congreso-de-la-mujer-trabajadora-de-la-cut\/","url_meta":{"origin":1445,"position":2},"title":"EXITOSO CONGRESO DE LA MUJER TRABAJADORA DE LA CUT","author":"admin","date":"noviembre 20, 2004","format":false,"excerpt":"\u00c1lvaro Morales S\u00e1nchez Con la participaci\u00f3n de 743 delegadas y la presencia solidaria de varias delegaciones internacionales, el 2 y 3 de noviembre se realiz\u00f3 en Bogot\u00e1 el IV Congreso Nacional de la Mujer Trabajadora convocado por la Central Unitaria de Trabajadores, CUT. El evento se inici\u00f3 con dos horas\u2026","rel":"","context":"En \u00abTribuna Roja N\u00ba 98, diciembre 4 de 2004\u00bb","block_context":{"text":"Tribuna Roja N\u00ba 98, diciembre 4 de 2004","link":"https:\/\/moir.com.co\/web\/category\/tribuna-roja\/ediciones-2000-2004\/tribuna-roja-no-98-diciembre-4-de-2004\/"},"img":{"alt_text":"","src":"","width":0,"height":0},"classes":[]},{"id":3478,"url":"https:\/\/moir.com.co\/web\/la-maquinaria-uribista-impone-aprobacion-del-referendo-reeleccionista\/","url_meta":{"origin":1445,"position":3},"title":"LA MAQUINARIA URIBISTA IMPONE APROBACI\u00d3N DEL REFERENDO REELECCIONISTA","author":"admin","date":"septiembre 4, 2009","format":false,"excerpt":"Como parte de un tr\u00e1mite lleno de azarosos y truculentos rompimientos de la normatividad jur\u00eddica y constitucional, la C\u00e1mara de Representantes aprob\u00f3 anoche por escaso margen (85 votos de 84 requeridos) el proyecto de ley que convoca al referendo reeleccionista. Sin certificaci\u00f3n de la Registradur\u00eda, ni control de cuentas del\u2026","rel":"","context":"En \u00abPronunciamientos de Organizaciones Sociales\u00bb","block_context":{"text":"Pronunciamientos de Organizaciones Sociales","link":"https:\/\/moir.com.co\/web\/category\/pronunciamientos-de-organizaciones-sociales\/"},"img":{"alt_text":"","src":"","width":0,"height":0},"classes":[]},{"id":1566,"url":"https:\/\/moir.com.co\/web\/posicion-de-la-corriente-sindical-clasista-y-unitaria-ante-la-convocatoria-para-la-concertacion-del-salario-minimo-legal\/","url_meta":{"origin":1445,"position":4},"title":"POSICI\u00d3N DE LA CORRIENTE SINDICAL CLASISTA Y UNITARIA ANTE LA CONVOCATORIA PARA LA \u201cCONCERTACI\u00d3N DEL SALARIO M\u00cdNIMO LEGAL\u201d","author":"admin","date":"noviembre 29, 2006","format":false,"excerpt":"Bogot\u00e1, noviembre de 2006 Como cada a\u00f1o por esta \u00e9poca, las centrales sindicales y los pensionados, son convocados junto a los empresarios y el gobierno a discutir el salario m\u00ednimo legal. El ejercicio ha perdido credibilidad sobre todo en los gobiernos de Uribe, es una farsa y un escenario donde\u2026","rel":"","context":"En \u00abPronunciamientos de Organizaciones Sociales\u00bb","block_context":{"text":"Pronunciamientos de Organizaciones Sociales","link":"https:\/\/moir.com.co\/web\/category\/pronunciamientos-de-organizaciones-sociales\/"},"img":{"alt_text":"","src":"","width":0,"height":0},"classes":[]},{"id":4046,"url":"https:\/\/moir.com.co\/web\/declaracion-politica-coordinacion-nacional-polo-joven\/","url_meta":{"origin":1445,"position":5},"title":"Declaraci\u00f3n Pol\u00edtica Coordinaci\u00f3n Nacional Polo Joven","author":"admin","date":"febrero 5, 2010","format":false,"excerpt":"La situaci\u00f3n del pueblo colombiano, y particularmente de los j\u00f3venes, es dram\u00e1tica y con tendencia a empeorar. Con la negociaci\u00f3n y firma de tratados de libre comercio, la instalaci\u00f3n de siete bases militares estadounidenses y las constantes violaciones de derechos humanos, el gobierno de \u00c1lvaro Uribe V\u00e9lez se empe\u00f1a en\u2026","rel":"","context":"En \u00abPolo Democr\u00e1tico Alternativo\u00bb","block_context":{"text":"Polo Democr\u00e1tico Alternativo","link":"https:\/\/moir.com.co\/web\/category\/polo-democratico-alternativo\/"},"img":{"alt_text":"","src":"","width":0,"height":0},"classes":[]}],"jetpack_sharing_enabled":true,"_links":{"self":[{"href":"https:\/\/moir.com.co\/web\/wp-json\/wp\/v2\/posts\/1445","targetHints":{"allow":["GET"]}}],"collection":[{"href":"https:\/\/moir.com.co\/web\/wp-json\/wp\/v2\/posts"}],"about":[{"href":"https:\/\/moir.com.co\/web\/wp-json\/wp\/v2\/types\/post"}],"author":[{"embeddable":true,"href":"https:\/\/moir.com.co\/web\/wp-json\/wp\/v2\/users\/1"}],"replies":[{"embeddable":true,"href":"https:\/\/moir.com.co\/web\/wp-json\/wp\/v2\/comments?post=1445"}],"version-history":[{"count":0,"href":"https:\/\/moir.com.co\/web\/wp-json\/wp\/v2\/posts\/1445\/revisions"}],"wp:attachment":[{"href":"https:\/\/moir.com.co\/web\/wp-json\/wp\/v2\/media?parent=1445"}],"wp:term":[{"taxonomy":"category","embeddable":true,"href":"https:\/\/moir.com.co\/web\/wp-json\/wp\/v2\/categories?post=1445"},{"taxonomy":"post_tag","embeddable":true,"href":"https:\/\/moir.com.co\/web\/wp-json\/wp\/v2\/tags?post=1445"}],"curies":[{"name":"wp","href":"https:\/\/api.w.org\/{rel}","templated":true}]}}