{"id":14445,"date":"2018-02-09T21:37:24","date_gmt":"2018-02-09T21:37:24","guid":{"rendered":"https:\/\/moir.org.co\/web\/?p=14445"},"modified":"2018-02-09T21:37:24","modified_gmt":"2018-02-09T21:37:24","slug":"cucuta-manejada-por-skype-transporte-publico-y-otros","status":"publish","type":"post","link":"https:\/\/moir.com.co\/web\/cucuta-manejada-por-skype-transporte-publico-y-otros\/","title":{"rendered":"C\u00facuta manejada por Skype. Transporte p\u00fablico y otros"},"content":{"rendered":"<p><strong>Aurelio Su\u00e1rez Montoya, Bogot\u00e1, febrero 9 de 2018<\/strong><\/p>\n<p>En septiembre de 2017<strong>\u00a0circul\u00f3 entre la ciudadan\u00eda de C\u00facuta una carta abierta del concejal de dicha ciudad<\/strong>, Miguel \u00c1ngel Fl\u00f3rez D\u00e1vila, del partido de la U, encabezada con la etiqueta #YoSoyRamiroSuarez, quien afirma que \u201cal estrechar su mano y mirando fijamente a sus ojos comprend\u00ed por qu\u00e9 de su grandeza\u201d.<strong>Se refer\u00eda al reconocido ex alcalde Su\u00e1rez<\/strong>, condenado a 27 a\u00f1os de c\u00e1rcel por ser determinante del asesinato de un ex Contralor.<\/p>\n<p>Si no tuviera algo especial,\u00a0<strong>dicha declaraci\u00f3n podr\u00eda ser una m\u00e1s del vasallaje que muchas personas, personalmente o por v\u00eda Skype, le rinden a diario al ex alcalde recluido<\/strong>, como lo han denunciado los portales La Silla Vac\u00eda y Las 2 Orillas y el columnista del diario La Opini\u00f3n, Renson Said: el concejal de marras es el hijo de Miguel \u00c1ngel Fl\u00f3rez Rivera, un pol\u00edtico tradicional, fundador de Apertura Liberal, el movimiento de la \u201c<strong>carita feliz<\/strong>\u201d, y quien figura como propietario de la m\u00e1s pujante empresa de transporte de C\u00facuta y municipios aleda\u00f1os: Transportes Ontiveros.<\/p>\n<p>El caso de Ontiveros se ha vuelto centro del debate sobre la movilidad en la capital de Norte de Santander por varias razones: Fue fundada en 1988, pero en mayo de 2014 pas\u00f3 de ser<strong>\u00a0Sociedad An\u00f3nima para convertirse en SAS y aumentar su capital<\/strong>. Ya para finales de 2016 ten\u00eda presencia en al menos 8 rutas \u2013en la modalidad de transporte colectivo\u2013. Acto seguido, varias resoluciones expedidas casi en forma expr\u00e9s le ratificaron unas modificaciones que facilitar\u00edan recorridos con m\u00e1s cobertura y, por ende, con mayor rentabilidad.<strong>\u00a0De repente, en junio de 2017, Fl\u00f3rez Rivera entr\u00f3 como gerente y socio determinante, seg\u00fan los papeles de TransOntiveros<\/strong>.<\/p>\n<p><strong>C<\/strong><strong>ontrario a lo prometido por el alcalde C\u00e9sar Rojas, quien se cataloga como \u201chijo\u201d de Ramiro Su\u00e1rez<\/strong>, el sistema masivo de transporte que implement\u00f3 su Administraci\u00f3n fue una flota de 24 taxis blancos, la mayor\u00eda chinos, muchos matriculados en Villa del Rosario, utilizando de modo acomodaticio \u201cla disponibilidad\u201d de rutas con este modo de transporte colectivo de 4 pasajeros.\u00a0<strong>Con este truco, desplaz\u00f3 los microbuses de otras empresas, taxis tradicionales y, a nombre de esta formalidad \u2013obtenida sin licitaciones ni los estudios obligatorios\u2013<\/strong>\u00a0sac\u00f3 de ruta a los veh\u00edculos que por a\u00f1os sirvieron al vecino municipio de Los Patios o a la poblada zona de Los Motilones. \u00bfCu\u00e1nto de todo esto hay detr\u00e1s del #YoSoyRamiroSuarez, la etiqueta enarbolada por el concejal Miguel \u00c1ngel Fl\u00f3rez D\u00e1vila? La Silla Vac\u00eda sintetiz\u00f3: \u201c<strong>Miguel \u00c1ngel pap\u00e1 fue nombrado en la gerencia de Transportes Ontiveros,\u00a0<\/strong><strong><a href=\"https:\/\/lasillavacia.com\/silla-santandereana\/la-pelea-del-transporte-publico-otra-sombra-del-condenado-ramiro-62574\">empresa que est\u00e1 detr\u00e1s de la formalizaci\u00f3n de los piratas en C\u00facuta<\/a><\/strong><strong>\u00a0y que tambi\u00e9n tiene encima la sombra del condenado exalcalde<\/strong>\u201d.<\/p>\n<p>Pero el recluido Ramiro Su\u00e1rez no solo incide en los actos administrativos del \u00c1rea Metropolitana de C\u00facuta (AMC). Tambi\u00e9n en la conformaci\u00f3n de mayor\u00edas en el Concejo Municipal y en la elaboraci\u00f3n de las listas al Congreso de la Rep\u00fablica. Aunque inicialmente iba a incluir en la de C\u00e1mara de Norte de Santander por Cambio Radical a su hija, Paola,\u00a0<strong>al final la confeccion\u00f3 con otras personas que le han mostrado toda su afinidad como Nelson Parada, llave del alcalde Rojas; Liliana Mora, que se ha hecho de la mano de Ramiro<\/strong>; y Jairo Cristo, moldeado tambi\u00e9n por Ramiro Su\u00e1rez en la pol\u00edtica, otro de sus \u201cahijados\u201d.<\/p>\n<p>Hace poco, el candidato al Senado, Rodrigo Lara Restrepo, fue a C\u00facuta y destac\u00f3: \u201c<strong>Hay una lista de personas buenas, hay confianza y veo en el movimiento una alternativa seria de cambio<\/strong>\u201d, cuando recibi\u00f3 el apoyo de Parada. Seguramente en \u00e9l opera el mismo criterio que esgrimiera otro viejo amigo de Su\u00e1rez Corzo, Juan Fernando Cristo, cuando se le inquiri\u00f3 al respecto: \u201cLa pol\u00edtica local opera con una l\u00f3gica diferente\u201d, como lo cita James Robinson en un texto sobre Colombia.<\/p>\n<p>En medio de la grav\u00edsima crisis que hoy vive C\u00facuta, estos entronques reforzar\u00e1n el manejo de la capital de Norte de Santander por Skype desde La Picota, all\u00ed \u2013 de seguir as\u00ed-<strong>\u00a0se continuar\u00e1 decidiendo no solo sobre el transporte sino hasta los m\u00e1s rec\u00f3nditos aspectos de su vida ciudadana<\/strong>. \u00bfSe le perpetuar\u00e1\u00a0 \u201cpatente de corso\u201d a Ramiro Su\u00e1rez para ello?<\/p>\n<p><strong>Nota:\u00a0<\/strong>En la columna sobre el impuesto predial de Barranquilla, por error de digitaci\u00f3n, escrib\u00ed que su calificaci\u00f3n crediticia \u2013seg\u00fan BRC Standard &amp; Poor\u2019s- era AAA con perspectiva negativa cuando es AA con igual perspectiva.\u00a0<strong>Rectifico a solicitud de dicha firma y necesaria por las diferencias que existen entre ambas categor\u00edas<\/strong>.<\/p>\n","protected":false},"excerpt":{"rendered":"<p>Aurelio Su\u00e1rez Montoya, Bogot\u00e1, febrero 9 de 2018 En septiembre de 2017\u00a0circul\u00f3 entre la ciudadan\u00eda de C\u00facuta una carta abierta del concejal de dicha ciudad, Miguel \u00c1ngel Fl\u00f3rez D\u00e1vila, del partido de la U, encabezada con la etiqueta #YoSoyRamiroSuarez, quien afirma que \u201cal estrechar su mano y mirando fijamente a sus ojos comprend\u00ed por qu\u00e9 [&hellip;]<\/p>\n","protected":false},"author":1,"featured_media":14446,"comment_status":"open","ping_status":"open","sticky":false,"template":"","format":"standard","meta":{"advanced_seo_description":"","jetpack_seo_html_title":"","jetpack_seo_noindex":false,"_jetpack_memberships_contains_paid_content":false,"footnotes":""},"categories":[79,102,97,98,108,110],"tags":[],"class_list":["post-14445","post","type-post","status-publish","format-standard","has-post-thumbnail","hentry","category-aurelio-suarez-montoya","category-economia","category-imperialismo-y-neoliberalismo","category-politica","category-servicios-publicos-articulos-de-actualidad","category-vias-y-transporte"],"jetpack_featured_media_url":"https:\/\/i0.wp.com\/moir.com.co\/web\/wp-content\/uploads\/2018\/02\/cucutaontiveros.jpeg?fit=295%2C171&ssl=1","jetpack-related-posts":[{"id":15611,"url":"https:\/\/moir.com.co\/web\/aurelio-suarez-montoya-responde-cuatro-preguntas-clave-sobre-el-metro-de-bogota\/","url_meta":{"origin":14445,"position":0},"title":"Aurelio Su\u00e1rez Montoya responde cuatro preguntas clave sobre el metro de Bogot\u00e1","author":"admin","date":"agosto 12, 2018","format":false,"excerpt":"El Tiempo, Bogot\u00e1, agosto 12 de 2018 1. \u00bfQu\u00e9 significa hacer la licitaci\u00f3n teniendo como norma la Banca Multilateral? ASM:\u00a0\u201cCircunscribir la licitaci\u00f3n del metro a las normas internacionales del Banco Interamericano de Desarrollo (BID)\u00a0es b\u00e1sicamente perder rigor, porque, por ejemplo, el BID puede entregar la licitaci\u00f3n a una lista que\u2026","rel":"","context":"En \u00abAurelio Su\u00e1rez Montoya\u00bb","block_context":{"text":"Aurelio Su\u00e1rez Montoya","link":"https:\/\/moir.com.co\/web\/category\/bitacoras\/aurelio-suarez-montoya\/"},"img":{"alt_text":"","src":"https:\/\/i0.wp.com\/moir.com.co\/web\/wp-content\/uploads\/2018\/08\/aureliosuarezET120818.jpeg?fit=600%2C450&ssl=1&resize=350%2C200","width":350,"height":200,"srcset":"https:\/\/i0.wp.com\/moir.com.co\/web\/wp-content\/uploads\/2018\/08\/aureliosuarezET120818.jpeg?fit=600%2C450&ssl=1&resize=350%2C200 1x, https:\/\/i0.wp.com\/moir.com.co\/web\/wp-content\/uploads\/2018\/08\/aureliosuarezET120818.jpeg?fit=600%2C450&ssl=1&resize=525%2C300 1.5x"},"classes":[]},{"id":5586,"url":"https:\/\/moir.com.co\/web\/conexiones-que-inculpan\/","url_meta":{"origin":14445,"position":1},"title":"Conexiones que inculpan","author":"admin","date":"mayo 4, 2011","format":false,"excerpt":"Alberto R\u00edos Velilla es \u201cde los mejores amigos\u201d de Germ\u00e1n Vargas; y sus hermanos, Jos\u00e9 Antonio Vargas y Enrique Vargas, son \u201clas personas que m\u00e1s escucha\u201d. Precisamente, los tres conectan a Cambio Radical con los Nule y con las barbaridades en el \u00e1rea de salud. Jos\u00e9 Antonio dirigi\u00f3 la Empresa\u2026","rel":"","context":"En \u00abAurelio Su\u00e1rez Montoya\u00bb","block_context":{"text":"Aurelio Su\u00e1rez Montoya","link":"https:\/\/moir.com.co\/web\/category\/bitacoras\/aurelio-suarez-montoya\/"},"img":{"alt_text":"","src":"","width":0,"height":0},"classes":[]},{"id":5788,"url":"https:\/\/moir.com.co\/web\/el-polo-merece-otra-oportunidad-candidato-aurelio-suarez\/","url_meta":{"origin":14445,"position":2},"title":"&#8216;El Polo merece otra oportunidad&#8217;: candidato Aurelio Su\u00e1rez","author":"admin","date":"julio 21, 2011","format":false,"excerpt":"El candidato de ese partido a la Alcald\u00eda asegura que no todo es malo. Aurelio Su\u00e1rez Montoya puede sonar a desconocido para un grueso sector de la opini\u00f3n p\u00fablica, pero ahora su nombre estar\u00e1 en boca de todos, pues ser\u00e1 el candidato del Polo a la Alcald\u00eda de Bogot\u00e1. Su\u00e1rez\u2026","rel":"","context":"En \u00abPolo Democr\u00e1tico Alternativo\u00bb","block_context":{"text":"Polo Democr\u00e1tico Alternativo","link":"https:\/\/moir.com.co\/web\/category\/polo-democratico-alternativo\/"},"img":{"alt_text":"","src":"","width":0,"height":0},"classes":[]},{"id":5801,"url":"https:\/\/moir.com.co\/web\/aurelio-suarez-montoya\/","url_meta":{"origin":14445,"position":3},"title":"Aurelio Su\u00e1rez Montoya","author":"admin","date":"julio 26, 2011","format":false,"excerpt":"Mientras todos los medios de comunicaci\u00f3n hablaban de la debacle del Polo Democr\u00e1tico Alternativo, este partido eleg\u00eda al mejor candidato posible para representarlo en la contienda por la capital de la Rep\u00fablica, Aurelio Su\u00e1rez Montoya. Al obtener el 83% de los votos de los delegados, Aurelio ha sido designado como\u2026","rel":"","context":"En \u00abTemas\u00bb","block_context":{"text":"Temas","link":"https:\/\/moir.com.co\/web\/category\/temas\/"},"img":{"alt_text":"","src":"","width":0,"height":0},"classes":[]},{"id":14666,"url":"https:\/\/moir.com.co\/web\/nini-columna-de-opinion-de-aurelio-suarez-montoya\/","url_meta":{"origin":14445,"position":4},"title":"NiNi, columna de opini\u00f3n de Aurelio Su\u00e1rez Montoya","author":"admin","date":"marzo 5, 2018","format":false,"excerpt":"Aurelio Su\u00e1rez Montoya, Bogot\u00e1, marzo 5 de 2018 Desde el dos de febrero est\u00e1 en furor el sabotaje a los actos de las campa\u00f1as pol\u00edticas. Fue en Armenia donde Rodrigo Londo\u00f1o, candidato presidencial de la Fuerza Alternativa Revolucionaria del\u00a0Com\u00fan (FARC), en una vista p\u00fablica recibi\u00f3 improperios y denuestos por un\u2026","rel":"","context":"En \u00abAurelio Su\u00e1rez Montoya\u00bb","block_context":{"text":"Aurelio Su\u00e1rez Montoya","link":"https:\/\/moir.com.co\/web\/category\/bitacoras\/aurelio-suarez-montoya\/"},"img":{"alt_text":"","src":"https:\/\/i0.wp.com\/moir.com.co\/web\/wp-content\/uploads\/2018\/01\/sergiofernandez4.jpg?fit=518%2C518&ssl=1&resize=350%2C200","width":350,"height":200},"classes":[]},{"id":17331,"url":"https:\/\/moir.com.co\/web\/video-intervencion-de-aurelio-suarez-montoya-en-la-audiencia-publica-s-o-s-por-la-industria-textil-confecciones\/","url_meta":{"origin":14445,"position":5},"title":"Video: Intervenci\u00f3n de Aurelio Su\u00e1rez Montoya en la audiencia p\u00fablica: &#8220;S.O.S por la industria textil confecciones&#8221;","author":"admin","date":"abril 23, 2019","format":"video","excerpt":"Bogot\u00e1, abril 22 de 2019","rel":"","context":"En \u00abAurelio Su\u00e1rez Montoya\u00bb","block_context":{"text":"Aurelio Su\u00e1rez Montoya","link":"https:\/\/moir.com.co\/web\/category\/bitacoras\/aurelio-suarez-montoya\/"},"img":{"alt_text":"","src":"","width":0,"height":0},"classes":[]}],"jetpack_sharing_enabled":true,"_links":{"self":[{"href":"https:\/\/moir.com.co\/web\/wp-json\/wp\/v2\/posts\/14445","targetHints":{"allow":["GET"]}}],"collection":[{"href":"https:\/\/moir.com.co\/web\/wp-json\/wp\/v2\/posts"}],"about":[{"href":"https:\/\/moir.com.co\/web\/wp-json\/wp\/v2\/types\/post"}],"author":[{"embeddable":true,"href":"https:\/\/moir.com.co\/web\/wp-json\/wp\/v2\/users\/1"}],"replies":[{"embeddable":true,"href":"https:\/\/moir.com.co\/web\/wp-json\/wp\/v2\/comments?post=14445"}],"version-history":[{"count":1,"href":"https:\/\/moir.com.co\/web\/wp-json\/wp\/v2\/posts\/14445\/revisions"}],"predecessor-version":[{"id":14447,"href":"https:\/\/moir.com.co\/web\/wp-json\/wp\/v2\/posts\/14445\/revisions\/14447"}],"wp:featuredmedia":[{"embeddable":true,"href":"https:\/\/moir.com.co\/web\/wp-json\/wp\/v2\/media\/14446"}],"wp:attachment":[{"href":"https:\/\/moir.com.co\/web\/wp-json\/wp\/v2\/media?parent=14445"}],"wp:term":[{"taxonomy":"category","embeddable":true,"href":"https:\/\/moir.com.co\/web\/wp-json\/wp\/v2\/categories?post=14445"},{"taxonomy":"post_tag","embeddable":true,"href":"https:\/\/moir.com.co\/web\/wp-json\/wp\/v2\/tags?post=14445"}],"curies":[{"name":"wp","href":"https:\/\/api.w.org\/{rel}","templated":true}]}}