{"id":14438,"date":"2018-02-08T23:31:54","date_gmt":"2018-02-08T23:31:54","guid":{"rendered":"https:\/\/moir.org.co\/web\/?p=14438"},"modified":"2018-02-08T23:31:54","modified_gmt":"2018-02-08T23:31:54","slug":"toda-la-costa-atlantica-a-decir-no-mas-gas-natural-fenosa","status":"publish","type":"post","link":"https:\/\/moir.com.co\/web\/toda-la-costa-atlantica-a-decir-no-mas-gas-natural-fenosa\/","title":{"rendered":"Toda la Costa Atl\u00e1ntica a decir NO MAS Gas Natural Fenosa"},"content":{"rendered":"<p><strong>Polo Democr\u00e1tico Alternativo del Atl\u00e1ntico, Barranquilla, febrero 8 de 2018<\/strong><\/p>\n<p>El balance de quince meses de intervenci\u00f3n de Electricaribe por la Superintendencia de Servicios P\u00fablicos no puede ser m\u00e1s l\u00e1nguido y preocupante. El diagn\u00f3stico de la crisis del servicio el\u00e9ctrico en la Regi\u00f3n Caribe es claro para amplios sectores de la poblaci\u00f3n: la trasnacional espa\u00f1ola GNFenosa, que tiene la propiedad del 85,38 por ciento de las acciones de la empresa que adquiri\u00f3 a precio de gallina flaca a fines del a\u00f1o 2000, nunca hizo las inversiones que se requer\u00edan para mejorar y mantener la infraestructura de redes, equipos y subestaciones, sino todo lo contrario, la desmejor\u00f3 al desmantelar miles de kil\u00f3metro de redes de cobre (metal d\u00factil para transmitir el fluido el\u00e9ctrico) para venderlas en el extranjero y las reemplaz\u00f3 por aluminio de mala calidad con lo que empeor\u00f3 el servicio.<\/p>\n<p>La Contralor\u00eda General de la Rep\u00fablica, con una investigaci\u00f3n especial que se pidi\u00f3 por primera vez en el a\u00f1o 2004 por el senador Jorge Robledo en un debate parlamentario, encontr\u00f3 una gran defraudaci\u00f3n a los recursos p\u00fablicos en la aplicaci\u00f3n del subsidio especial FOES, de los cuales se embolsill\u00f3 m\u00e1s de $217.000 millones entre 2011 y 2017 ($20.000 millones los tom\u00f3 Superservicios como interventora) en vez de aplicarlo a favor de los usuarios de las \u00e1reas especiales. Tambi\u00e9n hay hallazgos en detrimentos en los programas de normalizaci\u00f3n de redes (Prone) y electrificaci\u00f3n rural (Faer) por m\u00e1s de cien mil millones de pesos.<\/p>\n<p>La Superservicios, buscando el ahogado r\u00edo arriba, contrat\u00f3 a la Financiera de Desarrollo Nacional (entidad controlada por el Banco Mundial, la Caf y el Banco Sumitomo del Jap\u00f3n) por un valor de varios miles de millones de pesos para que hiciera un estudio para decidir el futuro el\u00e9ctrico de la Costa sin contar con las fuerzas vivas de la regi\u00f3n (gobernadores, alcaldes, diputados, concejales, ediles, millones de usuarios y sector empresarial). El informe fue entregado a fines del a\u00f1o pasado y como nadie lo conoce, el peri\u00f3dico El Tiempo filtr\u00f3 parte y \u00a1Oh sorpresa!, la propuesta es que la crisis de Electricaribe en quiebra total deben asumirla los usuarios residenciales y empresariales a trav\u00e9s de nuevas y onerosas tarifas y con recursos del gobierno. En consonancia con lo anterior, Javier Lastra, interventor especial de la empresa, en un documento oficial se\u00f1ala que la Superservicio y el gobierno tienen la intenci\u00f3n de devolverles el control y manejo de la empresa a los espa\u00f1oles de GNFenosa, causantes del desastre, como si no hubiera pasado nada.<\/p>\n<p>Para completar el asalto a los usuarios, la Comisi\u00f3n de Regulaci\u00f3n de Energ\u00eda y Gas (Creg), dependencia del Ministerio de Minas y Energ\u00eda, acaba de aprobar y promulgar la resoluci\u00f3n 015 de 2018 por medio de la cual decide un aumento general de las tarifas de energ\u00eda en todo el pa\u00eds, que en el Caribe van a ser superiores por el deterioro de la infraestructura. Pero falta m\u00e1s, el Ministerio de Minas aprob\u00f3 la resoluci\u00f3n 40072 de la misma fecha ordenando el cambio de los medidores de energ\u00eda el\u00e9ctrica para once millones de familias, en acuerdo con el Banco Interamericano de Desarrollo (BID), que traer\u00e1 cobros m\u00e1s onerosos con aparatos digitales, manejados a control remoto, con cortes del servicio a larga distancia y cobros prepagos que condenan a las tinieblas a los que no puedan pagar.<\/p>\n<p>El Polo Democr\u00e1tico Alternativo del Atl\u00e1ntico se une a la Indignaci\u00f3n contra Electricaribe para exigir que Gas Natural Fenosa no vuelva a la Costa Atl\u00e1ntica, que el gobierno haga las inversiones requeridas con recursos del Fondo Nacional de Regal\u00edas Mineras, as\u00ed se tenga que reformar la respectiva ley, y que haya capitalizaci\u00f3n de acciones para la Naci\u00f3n. Que con la devoluci\u00f3n de los recursos defraudados por la empresa se alivien las deudas de los sectores m\u00e1s vulnerables, lo cual fue un compromiso de Santos hace dos a\u00f1os que se debe volver realidad.<\/p>\n","protected":false},"excerpt":{"rendered":"<p>Polo Democr\u00e1tico Alternativo del Atl\u00e1ntico, Barranquilla, febrero 8 de 2018 El balance de quince meses de intervenci\u00f3n de Electricaribe por la Superintendencia de Servicios P\u00fablicos no puede ser m\u00e1s l\u00e1nguido y preocupante. El diagn\u00f3stico de la crisis del servicio el\u00e9ctrico en la Regi\u00f3n Caribe es claro para amplios sectores de la poblaci\u00f3n: la trasnacional espa\u00f1ola [&hellip;]<\/p>\n","protected":false},"author":1,"featured_media":13866,"comment_status":"open","ping_status":"open","sticky":false,"template":"","format":"standard","meta":{"advanced_seo_description":"","jetpack_seo_html_title":"","jetpack_seo_noindex":false,"_jetpack_memberships_contains_paid_content":false,"footnotes":""},"categories":[102,97,98,9,108],"tags":[],"class_list":["post-14438","post","type-post","status-publish","format-standard","has-post-thumbnail","hentry","category-economia","category-imperialismo-y-neoliberalismo","category-politica","category-polo-democratico-alternativo","category-servicios-publicos-articulos-de-actualidad"],"jetpack_featured_media_url":"https:\/\/i0.wp.com\/moir.com.co\/web\/wp-content\/uploads\/2017\/11\/electricaribenomas.png?fit=729%2C427&ssl=1","jetpack-related-posts":[{"id":2813,"url":"https:\/\/moir.com.co\/web\/carta-abierta-del-polo-democratico-alternativo-a-gobernador-del-atlantico-doctor-eduardo-verano-de-la-rosa\/","url_meta":{"origin":14438,"position":0},"title":"CARTA ABIERTA DEL POLO DEMOCRATICO ALTERNATIVO A GOBERNADOR DEL ATLANTICO DOCTOR EDUARDO VERANO DE LA ROSA","author":"admin","date":"marzo 12, 2009","format":false,"excerpt":"Doctor: Eduardo Verano de la Rosa Gobernador del Atl\u00e1ntico. Barranquilla. Cordial saludo. El car\u00e1cter p\u00fablico de la presente, obedece fundamentalmente a que, para el POLO DEMOCRATICO ALTERNATIVO en el Departamento del Atl\u00e1ntico ha sido imposible hasta el momento lograr el espacio que le hemos solicitado desde el a\u00f1o anterior para\u2026","rel":"","context":"En \u00abPolo Democr\u00e1tico Alternativo\u00bb","block_context":{"text":"Polo Democr\u00e1tico Alternativo","link":"https:\/\/moir.com.co\/web\/category\/polo-democratico-alternativo\/"},"img":{"alt_text":"","src":"","width":0,"height":0},"classes":[]},{"id":7903,"url":"https:\/\/moir.com.co\/web\/expectativa-en-la-costa-por-debate-sobre-electricaribe-en-comision-quinta-del-senado-el-martes-17-de-septiembre\/","url_meta":{"origin":14438,"position":1},"title":"Expectativa en la Costa por debate sobre Electricaribe en comisi\u00f3n quinta del Senado el martes 17 de septiembre","author":"admin","date":"septiembre 16, 2013","format":false,"excerpt":"Desde hace quince a\u00f1os la trasnacional espa\u00f1ola Gas Natural Fenosa viene controlando la distribuci\u00f3n y comercializaci\u00f3n del servicio de energ\u00eda el\u00e9ctrica en la Costa Atl\u00e1ntica a trav\u00e9s de la empresa Electricaribe, como producto de la privatizaci\u00f3n del patrimonio p\u00fablico ordenado por las pol\u00edticas de apertura y libre comercio imperantes en\u2026","rel":"","context":"En \u00abPolo Democr\u00e1tico Alternativo\u00bb","block_context":{"text":"Polo Democr\u00e1tico Alternativo","link":"https:\/\/moir.com.co\/web\/category\/polo-democratico-alternativo\/"},"img":{"alt_text":"","src":"","width":0,"height":0},"classes":[]},{"id":9588,"url":"https:\/\/moir.com.co\/web\/el-polo-apoya-a-juan-garcia-para-gobernacion-del-atlantico\/","url_meta":{"origin":14438,"position":2},"title":"El Polo apoya a Juan Garc\u00eda para Gobernaci\u00f3n del Atl\u00e1ntico","author":"admin","date":"agosto 19, 2015","format":false,"excerpt":"Suscriben acuerdo program\u00e1tico con 5 ejes b\u00e1sicos: producci\u00f3n, educaci\u00f3n, salud, servicios p\u00fablicos y deportes. (VIDEO) El Polo Democr\u00e1tico Alternativo protocoliz\u00f3 un acuerdo program\u00e1tico con el Grupo Significativo de Ciudadanos \u201cFirmes con Juan a la Gobernaci\u00f3n\u201d, para respaldar la candidatura de Juan Garc\u00eda Estrada para el primer cargo p\u00fablico de la\u2026","rel":"","context":"En \u00abPolo Democr\u00e1tico Alternativo\u00bb","block_context":{"text":"Polo Democr\u00e1tico Alternativo","link":"https:\/\/moir.com.co\/web\/category\/polo-democratico-alternativo\/"},"img":{"alt_text":"","src":"","width":0,"height":0},"classes":[]},{"id":9984,"url":"https:\/\/moir.com.co\/web\/declaracion-politica-del-polo-democratico-alternativo-del-atlantico\/","url_meta":{"origin":14438,"position":3},"title":"Declaraci\u00f3n Pol\u00edtica del Polo Democr\u00e1tico Alternativo del Atl\u00e1ntico","author":"admin","date":"marzo 2, 2016","format":false,"excerpt":"La Coordinadora del Polo Democr\u00e1tico Alternativo, reunida el s\u00e1bado 27 de febrero de 2015, con base en la coyuntura econ\u00f3mica y pol\u00edtica nacional, departamental y distrital, tom\u00f3 las siguientes determinaciones que han de orientar el trabajo social y pol\u00edtico del Comit\u00e9 Ejecutivo seccional, as\u00ed como tambi\u00e9n la relacionada con el\u2026","rel":"","context":"En \u00abPolo Democr\u00e1tico Alternativo\u00bb","block_context":{"text":"Polo Democr\u00e1tico Alternativo","link":"https:\/\/moir.com.co\/web\/category\/polo-democratico-alternativo\/"},"img":{"alt_text":"","src":"","width":0,"height":0},"classes":[]},{"id":15895,"url":"https:\/\/moir.com.co\/web\/comite-de-unidad-contra-alzas-en-energia-de-la-costa-atlantica\/","url_meta":{"origin":14438,"position":4},"title":"Comit\u00e9 de Unidad contra alzas en energ\u00eda de la Costa Atl\u00e1ntica","author":"admin","date":"septiembre 11, 2018","format":false,"excerpt":"Barranquilla, septiembre 10 de 2018 Como pocas veces en la historia de la Regi\u00f3n Caribe ha venido tomando fuerza la unificaci\u00f3n de los m\u00e1s diversos sectores sociales, comunales, sindicales, gremiales y pol\u00edticos en rechazo a la determinaci\u00f3n del Gobierno Nacional (saliente y entrante) de elevar las tarifas de la energ\u00eda\u2026","rel":"","context":"En \u00abEconom\u00eda\u00bb","block_context":{"text":"Econom\u00eda","link":"https:\/\/moir.com.co\/web\/category\/temas\/economia\/"},"img":{"alt_text":"","src":"","width":0,"height":0},"classes":[]},{"id":8169,"url":"https:\/\/moir.com.co\/web\/planton-de-protesta-en-barranquilla-miercoles-15-de-enero\/","url_meta":{"origin":14438,"position":5},"title":"Plant\u00f3n de protesta  en Barranquilla mi\u00e9rcoles 15 de enero","author":"admin","date":"enero 12, 2014","format":false,"excerpt":"El Polo Democr\u00e1tico Alternativo invita a todos los sectores inconformes del departamento del Atl\u00e1ntico y de Barranquilla a participar en un plant\u00f3n el d\u00eda mi\u00e9rcoles 15 de enero a las nueve de la ma\u00f1ana frente al Centro C\u00edvico y la Registradur\u00eda Distrital con el fin de protestar contra la descarada\u2026","rel":"","context":"En \u00abPolo Democr\u00e1tico Alternativo\u00bb","block_context":{"text":"Polo Democr\u00e1tico Alternativo","link":"https:\/\/moir.com.co\/web\/category\/polo-democratico-alternativo\/"},"img":{"alt_text":"","src":"","width":0,"height":0},"classes":[]}],"jetpack_sharing_enabled":true,"_links":{"self":[{"href":"https:\/\/moir.com.co\/web\/wp-json\/wp\/v2\/posts\/14438","targetHints":{"allow":["GET"]}}],"collection":[{"href":"https:\/\/moir.com.co\/web\/wp-json\/wp\/v2\/posts"}],"about":[{"href":"https:\/\/moir.com.co\/web\/wp-json\/wp\/v2\/types\/post"}],"author":[{"embeddable":true,"href":"https:\/\/moir.com.co\/web\/wp-json\/wp\/v2\/users\/1"}],"replies":[{"embeddable":true,"href":"https:\/\/moir.com.co\/web\/wp-json\/wp\/v2\/comments?post=14438"}],"version-history":[{"count":1,"href":"https:\/\/moir.com.co\/web\/wp-json\/wp\/v2\/posts\/14438\/revisions"}],"predecessor-version":[{"id":14439,"href":"https:\/\/moir.com.co\/web\/wp-json\/wp\/v2\/posts\/14438\/revisions\/14439"}],"wp:featuredmedia":[{"embeddable":true,"href":"https:\/\/moir.com.co\/web\/wp-json\/wp\/v2\/media\/13866"}],"wp:attachment":[{"href":"https:\/\/moir.com.co\/web\/wp-json\/wp\/v2\/media?parent=14438"}],"wp:term":[{"taxonomy":"category","embeddable":true,"href":"https:\/\/moir.com.co\/web\/wp-json\/wp\/v2\/categories?post=14438"},{"taxonomy":"post_tag","embeddable":true,"href":"https:\/\/moir.com.co\/web\/wp-json\/wp\/v2\/tags?post=14438"}],"curies":[{"name":"wp","href":"https:\/\/api.w.org\/{rel}","templated":true}]}}