{"id":14435,"date":"2018-02-08T23:12:02","date_gmt":"2018-02-08T23:12:02","guid":{"rendered":"https:\/\/moir.org.co\/web\/?p=14435"},"modified":"2018-02-08T23:12:02","modified_gmt":"2018-02-08T23:12:02","slug":"me-robaron-un-millon-de-pesos","status":"publish","type":"post","link":"https:\/\/moir.com.co\/web\/me-robaron-un-millon-de-pesos\/","title":{"rendered":"\u00a1Me robaron un mill\u00f3n de pesos!"},"content":{"rendered":"<p><strong>Amaury N\u00fa\u00f1ez Gonz\u00e1lez, Medell\u00edn, febrero 7 de 2018<\/strong><\/p>\n<p>En 50 billones de pesos calcula la Contralor\u00eda lo que se robaron por la corrupci\u00f3n en Colombia cada a\u00f1o. Billones con \u201cB\u201d de bandidos. Esto es m\u00e1s de tres veces el d\u00e9ficit de las universidades p\u00fablicas, cuatro veces el de los hospitales p\u00fablicos, todo un a\u00f1o de servicio de deuda, o casi la cuarta parte del presupuesto nacional de un a\u00f1o.<\/p>\n<p>Reficar, la conocida Ley Urrutia-Zidres, Isag\u00e9n, Saludcoop, Odebrecht en la Ruta del Sol II, entre otros, son los m\u00e1s reconocidos casos donde un grupo de vivos se apropian de recursos de todos los colombianos, bajo instrumentos legales o ilegales.<\/p>\n<p>Tambi\u00e9n podr\u00edan considerarse en la bolsa todos los recursos que por evasi\u00f3n de impuestos no se quedan en Colombia ni contribuyen al desarrollo. Por cada peso perdido en ese agujero negro, que es la corrupci\u00f3n p\u00fablica y privada, un peso deja de aportar al desarrollo nacional.<\/p>\n<p>Cohecho, tr\u00e1fico de influencias, clientelismo y \u201cmermelada\u201d para ganar elecciones y perpetuarse en el poder. Sin ir tan lejos, la complacencia con que obran los poderosos del sector p\u00fablico frente a los poderosos del sector privado, una vez m\u00e1s baraja la pregunta sobre qui\u00e9n trabaja para qui\u00e9n.<\/p>\n<p>En su columna, el abogado H\u00e9ctor Riveros revel\u00f3, que el presidente Santos fren\u00f3 el cierre de la v\u00eda Bogot\u00e1-Villavicencio, ordenado por su Ministro de Transporte, tras el desplome del puente de Chirajara. La raz\u00f3n: Coviandes, el contratista incumplido, es propiedad de Luis Carlos Sarmiento Angulo, el hombre m\u00e1s rico de Colombia, cabeza del grupo financiero que posee el 27% de los activos financieros del pa\u00eds.<\/p>\n<p>Complacencia es que mediante la Ley 1882 de 2018, se permita pagar con dineros p\u00fablicos a quienes financien proyectos de infraestructura, aun cuando sus estructuradores resulten corruptos, como se\u00f1al\u00f3 el economista Jos\u00e9 Roberto Acosta.<\/p>\n<p>Tambi\u00e9n que la Ley 80, que no permite adiciones que superen el 50% del valor del contrato, se haya violado en el caso de la v\u00eda al Llano, ya que se autoriz\u00f3 superar ese l\u00edmite. El puente se cay\u00f3 y el presidente Santos dice que \u201ces normal que pasen estas cosas\u201d. La trampa en la Ley.<\/p>\n<p>Esto soportan los casi 50 millones de colombianos, que en su inmensa mayor\u00eda son gente trabajadora, que no se roba un peso, que no se pierde en barullos clientelistas ni politiqueros, y que lo \u00fanico que quiere asegurarse con esfuerzo es dignidad y seguridad.<\/p>\n<p>Que la frecuencia con que se conocen toda clase de actos corruptos no oculte la gravedad del problema. Cualquier d\u00eda el lector podr\u00e1 despertarse en la ma\u00f1ana y decir, sin temor a equivocarse: \u201c\u00a1Me robaron un mill\u00f3n de pesos!\u201d. La corrupci\u00f3n la pagamos todos hasta que hagamos algo al respecto.<\/p>\n","protected":false},"excerpt":{"rendered":"<p>Amaury N\u00fa\u00f1ez Gonz\u00e1lez, Medell\u00edn, febrero 7 de 2018 En 50 billones de pesos calcula la Contralor\u00eda lo que se robaron por la corrupci\u00f3n en Colombia cada a\u00f1o. Billones con \u201cB\u201d de bandidos. Esto es m\u00e1s de tres veces el d\u00e9ficit de las universidades p\u00fablicas, cuatro veces el de los hospitales p\u00fablicos, todo un a\u00f1o de [&hellip;]<\/p>\n","protected":false},"author":1,"featured_media":14436,"comment_status":"open","ping_status":"open","sticky":false,"template":"","format":"standard","meta":{"advanced_seo_description":"","jetpack_seo_html_title":"","jetpack_seo_noindex":false,"_jetpack_memberships_contains_paid_content":false,"footnotes":""},"categories":[102,97,98],"tags":[],"class_list":["post-14435","post","type-post","status-publish","format-standard","has-post-thumbnail","hentry","category-economia","category-imperialismo-y-neoliberalismo","category-politica"],"jetpack_featured_media_url":"https:\/\/i0.wp.com\/moir.com.co\/web\/wp-content\/uploads\/2018\/02\/Corrupcion-1.png?fit=1024%2C600&ssl=1","jetpack-related-posts":[{"id":14362,"url":"https:\/\/moir.com.co\/web\/video-la-corrupcion-tiene-que-ver-con-usted-a-cada-uno-de-nosotros-nos-robaron-1-millon-de-pesos-jorge-enrique-robledo\/","url_meta":{"origin":14435,"position":0},"title":"Video: \u00a1La corrupci\u00f3n tiene que ver con usted! A cada uno de nosotros nos robaron 1 mill\u00f3n de pesos, Jorge Enrique Robledo","author":"admin","date":"enero 29, 2018","format":"video","excerpt":"\u00a1La corrupci\u00f3n tiene que ver con usted! A cada uno de nosotros nos robaron 1 mill\u00f3n de pesos. A todos los colombianos nos tumban al a\u00f1o $50 billones. Los culpables de esta corrupci\u00f3n son los mismos con las mismas y vamos a derrotarlos con la Coalici\u00f3n Colombia. #VotoRobledoPolo1#SePuede#EstePa\u00edsS\u00edTieneArreglo Bogot\u00e1, enero\u2026","rel":"","context":"En \u00abEconom\u00eda\u00bb","block_context":{"text":"Econom\u00eda","link":"https:\/\/moir.com.co\/web\/category\/temas\/economia\/"},"img":{"alt_text":"","src":"","width":0,"height":0},"classes":[]},{"id":4948,"url":"https:\/\/moir.com.co\/web\/el-presupuesto-de-2011-el-enfoque-de-los-hechos\/","url_meta":{"origin":14435,"position":1},"title":"El presupuesto de 2011, el enfoque de los hechos","author":"admin","date":"octubre 27, 2010","format":false,"excerpt":"Al lado de cifras oficiales que muestran 50 % de pobreza y una miseria cercana al 20 % en el pa\u00eds (Cauca 70 y 40 % respectivamente) se aprob\u00f3 el presupuesto general de la naci\u00f3n para el 2011. Al solo pronunciarlo denota una cifra tan abultada de dinero que solo\u2026","rel":"","context":"En \u00abTemas\u00bb","block_context":{"text":"Temas","link":"https:\/\/moir.com.co\/web\/category\/temas\/"},"img":{"alt_text":"","src":"","width":0,"height":0},"classes":[]},{"id":15601,"url":"https:\/\/moir.com.co\/web\/en-colombia-los-politicos-cada-ano-se-roban-50-billones-de-pesos-con-b-de-bandido-jorge-robledo\/","url_meta":{"origin":14435,"position":2},"title":"\u201cEn Colombia los pol\u00edticos cada a\u00f1o se roban 50 billones de pesos, con B de bandido\u201d: Jorge Robledo","author":"admin","date":"agosto 11, 2018","format":false,"excerpt":"Entrevista de German Ag\u00e1mez, Diario La Libertad, Barranquilla, agosto 11 de 2018 Como una incoherencia completa calific\u00f3 el senador Jorge Robledo la posici\u00f3n que ha asumido el partido Centro Democr\u00e1tico y de paso el nuevo Gobierno en cabeza del presidente Iv\u00e1n Duque, en el tema de la Consulta Anticorrupci\u00f3n. El\u2026","rel":"","context":"En \u00abEconom\u00eda\u00bb","block_context":{"text":"Econom\u00eda","link":"https:\/\/moir.com.co\/web\/category\/temas\/economia\/"},"img":{"alt_text":"","src":"https:\/\/i0.wp.com\/moir.com.co\/web\/wp-content\/uploads\/2018\/08\/robledolalibertad110818.jpeg?fit=1200%2C798&ssl=1&resize=350%2C200","width":350,"height":200,"srcset":"https:\/\/i0.wp.com\/moir.com.co\/web\/wp-content\/uploads\/2018\/08\/robledolalibertad110818.jpeg?fit=1200%2C798&ssl=1&resize=350%2C200 1x, https:\/\/i0.wp.com\/moir.com.co\/web\/wp-content\/uploads\/2018\/08\/robledolalibertad110818.jpeg?fit=1200%2C798&ssl=1&resize=525%2C300 1.5x, https:\/\/i0.wp.com\/moir.com.co\/web\/wp-content\/uploads\/2018\/08\/robledolalibertad110818.jpeg?fit=1200%2C798&ssl=1&resize=700%2C400 2x, https:\/\/i0.wp.com\/moir.com.co\/web\/wp-content\/uploads\/2018\/08\/robledolalibertad110818.jpeg?fit=1200%2C798&ssl=1&resize=1050%2C600 3x"},"classes":[]},{"id":9798,"url":"https:\/\/moir.com.co\/web\/colombia-no-es-la-mas-educada\/","url_meta":{"origin":14435,"position":3},"title":"Colombia no es la \u201cm\u00e1s educada\u201d.","author":"admin","date":"diciembre 1, 2015","format":false,"excerpt":"El gobierno nacional viene difundiendo con pertinaz insistencia el bluff publicitario \u201cColombia, la m\u00e1s educada\u201d. Pero \u00bfqu\u00e9 ha sido de las finanzas de la educaci\u00f3n del pa\u00eds? De acuerdo con el programa de Indicadores de los Sistemas Educativos (OECD, 2015) Colombia ocupa el deshonroso pen\u00faltimo lugar en inversi\u00f3n de recursos,\u2026","rel":"","context":"En \u00abTemas\u00bb","block_context":{"text":"Temas","link":"https:\/\/moir.com.co\/web\/category\/temas\/"},"img":{"alt_text":"","src":"","width":0,"height":0},"classes":[]},{"id":16139,"url":"https:\/\/moir.com.co\/web\/universidades-estan-en-el-rebusque-cada-fin-de-ano-estudiantes-explican-por-que-marchan\/","url_meta":{"origin":14435,"position":4},"title":"\u201cUniversidades est\u00e1n en el rebusque cada fin de a\u00f1o\u201d: estudiantes explican por qu\u00e9 marchan","author":"admin","date":"octubre 10, 2018","format":false,"excerpt":"Entrevista de\u00a0Noticiascaracol.com a Jennifer Pedraza,\u00a0representante estudiantil ante el Consejo Superior de la Universidad Nacional, Bogot\u00e1, octubre 9 de 2018 Jennifer Pedraza, representante de estudiantil de la Universidad Nacional, le cuenta las razones por las que est\u00e1n este mi\u00e9rcoles en las calles. \u00bfPor qu\u00e9 la protesta? \u201cNos estamos movilizando porque desde\u2026","rel":"","context":"En \u00abCiencia\u00bb","block_context":{"text":"Ciencia","link":"https:\/\/moir.com.co\/web\/category\/temas\/ciencia\/"},"img":{"alt_text":"","src":"https:\/\/i0.wp.com\/moir.com.co\/web\/wp-content\/uploads\/2018\/10\/jenniferpedraza.jpeg?fit=224%2C224&ssl=1&resize=350%2C200","width":350,"height":200},"classes":[]},{"id":10155,"url":"https:\/\/moir.com.co\/web\/mirando-pal-vecino\/","url_meta":{"origin":14435,"position":5},"title":"\u201cMirando pal\u2019 vecino\u201d","author":"admin","date":"mayo 16, 2016","format":false,"excerpt":"Toda opini\u00f3n es factible de controversia ya que es una expresi\u00f3n subjetiva, a fuerza incluso de que muchos la compartan. Algunos \u201chacedores\u201d de opini\u00f3n se devanan los sesos para \u201cvendernos\u201d una Colombia pujante, en v\u00edas al desarrollo, profundamente democr\u00e1tica, incluyente y lista para codearse con las naciones avanzadas, en un\u2026","rel":"","context":"En \u00abTemas\u00bb","block_context":{"text":"Temas","link":"https:\/\/moir.com.co\/web\/category\/temas\/"},"img":{"alt_text":"","src":"","width":0,"height":0},"classes":[]}],"jetpack_sharing_enabled":true,"_links":{"self":[{"href":"https:\/\/moir.com.co\/web\/wp-json\/wp\/v2\/posts\/14435","targetHints":{"allow":["GET"]}}],"collection":[{"href":"https:\/\/moir.com.co\/web\/wp-json\/wp\/v2\/posts"}],"about":[{"href":"https:\/\/moir.com.co\/web\/wp-json\/wp\/v2\/types\/post"}],"author":[{"embeddable":true,"href":"https:\/\/moir.com.co\/web\/wp-json\/wp\/v2\/users\/1"}],"replies":[{"embeddable":true,"href":"https:\/\/moir.com.co\/web\/wp-json\/wp\/v2\/comments?post=14435"}],"version-history":[{"count":1,"href":"https:\/\/moir.com.co\/web\/wp-json\/wp\/v2\/posts\/14435\/revisions"}],"predecessor-version":[{"id":14437,"href":"https:\/\/moir.com.co\/web\/wp-json\/wp\/v2\/posts\/14435\/revisions\/14437"}],"wp:featuredmedia":[{"embeddable":true,"href":"https:\/\/moir.com.co\/web\/wp-json\/wp\/v2\/media\/14436"}],"wp:attachment":[{"href":"https:\/\/moir.com.co\/web\/wp-json\/wp\/v2\/media?parent=14435"}],"wp:term":[{"taxonomy":"category","embeddable":true,"href":"https:\/\/moir.com.co\/web\/wp-json\/wp\/v2\/categories?post=14435"},{"taxonomy":"post_tag","embeddable":true,"href":"https:\/\/moir.com.co\/web\/wp-json\/wp\/v2\/tags?post=14435"}],"curies":[{"name":"wp","href":"https:\/\/api.w.org\/{rel}","templated":true}]}}