{"id":14425,"date":"2018-02-07T14:32:43","date_gmt":"2018-02-07T14:32:43","guid":{"rendered":"https:\/\/moir.org.co\/web\/?p=14425"},"modified":"2018-02-07T14:32:43","modified_gmt":"2018-02-07T14:32:43","slug":"se-viene-otro-desfalco-en-electricaribe-robledo","status":"publish","type":"post","link":"https:\/\/moir.com.co\/web\/se-viene-otro-desfalco-en-electricaribe-robledo\/","title":{"rendered":"\u00bfSe viene otro desfalco en Electricaribe? Robledo"},"content":{"rendered":"<p><strong>Oficina de prensa del senador Jorge Enrique Robledo, Bogot\u00e1, febrero 7 de 2018<\/strong><\/p>\n<p><em>Otros 455.000 millones de pesos en riesgo; 10 millones de coste\u00f1os afectados por las p\u00e9simas decisiones del gobierno y los abusos de la multinacional<\/em><\/p>\n<p>\u201cSigue la alcahueter\u00eda del gobierno con los se\u00f1ores de Electricaribe,\u201d se\u00f1al\u00f3 el senador Jorge Enrique Robledo ante la alarma emitida por la Contralor\u00eda General de la Rep\u00fablica por los riesgos que implica que Gas Natural Fenosa, la multinacional espa\u00f1ola propietario de la electrificadora del Caribe, vuelva a administrar la empresa (<a href=\"http:\/\/bit.ly\/2sckpJJ\">http:\/\/bit.ly\/2sckpJJ<\/a>).<\/p>\n<p>Estar\u00edan en riesgo de perderse otros 455.000 millones de pesos, que se adicionar\u00edan a todos los desfalcos realizados por la multinacional a lo largo de diecisiete a\u00f1os de p\u00e9sima administraci\u00f3n. As\u00ed se seguir\u00eda maltratando a los diez millones de coste\u00f1os que han tenido que padecer una y otra vez los abusos de una compa\u00f1\u00eda que no cumple sus deberes. Robledo tambi\u00e9n rechaz\u00f3 la actitud del gobierno nacional de favorecer a la multinacional, a\u00fan a costa de ocultarle informaci\u00f3n a la propia Contralor\u00eda.<\/p>\n<div class=\"SandboxRoot env-bp-350\" data-twitter-event-id=\"0\">\n<div id=\"twitter-widget-0\" class=\"EmbeddedTweet EmbeddedTweet--edge EmbeddedTweet--mediaForward media-forward js-clickToOpenTarget js-tweetIdInfo tweet-InformationCircle-widgetParent\" lang=\"es\" data-click-to-open-target=\"https:\/\/twitter.com\/JERobledo\/status\/961017718634897414\" data-iframe-title=\"Tweet de Twitter\" data-dt-full=\"%{hours24}:%{minutes} - %{day} %{month} %{year}\" data-dt-explicit-timestamp=\"18:24 - 6 feb. 2018\" data-dt-months=\"ene|feb|mar|abr|Mayo|jun|jul|ago|sep|oct|nov|dic\" data-dt-am=\"AM\" data-dt-pm=\"PM\" data-dt-now=\"ahora\" data-dt-s=\"s\" data-dt-m=\"m\" data-dt-h=\"h\" data-dt-second=\"segundo\" data-dt-seconds=\"segundos\" data-dt-minute=\"minuto\" data-dt-minutes=\"minutos\" data-dt-hour=\"hora\" data-dt-hours=\"horas\" data-dt-abbr=\"%{number}%{symbol}\" data-dt-short=\"%{day} %{month}\" data-dt-long=\"%{day} %{month} %{year}\" data-scribe=\"page:tweet\" data-tweet-id=\"961017718634897414\" data-twitter-event-id=\"1\">\n<article class=\"MediaCard\n           MediaCard--mediaForward\n\n           customisable-border\" dir=\"ltr\" data-scribe=\"component:card\"><\/p>\n<div class=\"MediaCard-mediaContainer js-cspForcedStyle\" data-style=\"padding-bottom: 50%\">\n<div class=\"MediaCard-mediaAsset ImageGrid ImageGrid--2 ImageGrid--roundedTop\"><a class=\"ImageGrid-image ImageGrid-image-0 CroppedImage CroppedImage--fillHeight\" href=\"https:\/\/twitter.com\/JERobledo\/status\/961017718634897414\/photo\/1\"><img fetchpriority=\"high\" decoding=\"async\" class=\"CroppedImage-image js-cspForcedStyle\" title=\"Ver imagen en Twitter\" src=\"https:\/\/pbs.twimg.com\/media\/DVY4ga4X4AIcfij?format=jpg&amp;name=small\" alt=\"Ver imagen en Twitter\" width=\"1200\" height=\"675\" data-image=\"https:\/\/pbs.twimg.com\/media\/DVY4ga4X4AIcfij\" \/><\/a><a class=\"ImageGrid-image ImageGrid-image-1 CroppedImage CroppedImage--fillHeight\" href=\"https:\/\/twitter.com\/JERobledo\/status\/961017718634897414\/photo\/1\"><img decoding=\"async\" class=\"CroppedImage-image js-cspForcedStyle\" title=\"Ver imagen en Twitter\" src=\"https:\/\/pbs.twimg.com\/media\/DVY4ga4XkAAYT8N?format=jpg&amp;name=small\" alt=\"Ver imagen en Twitter\" width=\"1024\" height=\"576\" data-image=\"https:\/\/pbs.twimg.com\/media\/DVY4ga4XkAAYT8N\" \/><\/a><\/div>\n<\/div>\n<\/article>\n<div class=\"EmbeddedTweet-tweet\">\n<blockquote class=\"Tweet h-entry js-tweetIdInfo subject expanded\" cite=\"https:\/\/twitter.com\/JERobledo\/status\/961017718634897414\" data-tweet-id=\"961017718634897414\" data-scribe=\"section:subject\">\n<div class=\"Tweet-header u-cf\">\n<div class=\"Tweet-brand u-floatRight\"><\/div>\n<div class=\"TweetAuthor js-inViewportScribingTarget\" data-scribe=\"component:author\"><a class=\"TweetAuthor-link Identity u-linkBlend\" href=\"https:\/\/twitter.com\/JERobledo\" data-scribe=\"element:user_link\" aria-label=\"Jorge Robledo (nombre de pantalla: JERobledo)\"><span class=\"TweetAuthor-avatar Identity-avatar\"><img data-recalc-dims=\"1\" decoding=\"async\" class=\"Avatar Avatar--edge\" src=\"https:\/\/i0.wp.com\/pbs.twimg.com\/profile_images\/954042638377914368\/LXaNVcTk_bigger.jpg?w=800&#038;ssl=1\" alt=\"\" data-scribe=\"element:avatar\" data-src-2x=\"https:\/\/pbs.twimg.com\/profile_images\/954042638377914368\/LXaNVcTk_bigger.jpg\" data-src-1x=\"https:\/\/pbs.twimg.com\/profile_images\/954042638377914368\/LXaNVcTk_normal.jpg\" \/><\/span><span class=\"TweetAuthor-decoratedName\"><span class=\"TweetAuthor-name Identity-name customisable-highlight\" title=\"Jorge Robledo\" data-scribe=\"element:name\">Jorge Robledo<\/span><\/span><\/a><\/p>\n<div class=\"Icon Icon--verified \" title=\"Cuenta verificada\" role=\"img\" aria-label=\"Cuenta verificada\"><\/div>\n<p><a class=\"TweetAuthor-link Identity u-linkBlend\" href=\"https:\/\/twitter.com\/JERobledo\" data-scribe=\"element:user_link\" aria-label=\"Jorge Robledo (nombre de pantalla: JERobledo)\"><span class=\"TweetAuthor-decoratedName\"><span class=\"TweetAuthor-verifiedBadge\" data-scribe=\"element:verified_badge\"><b class=\"u-hiddenVisually\">\u2714<\/b><\/span><\/span><span class=\"TweetAuthor-screenName Identity-screenName\" dir=\"ltr\" title=\"@JERobledo\" data-scribe=\"element:screen_name\">@JERobledo<\/span><\/a><\/div>\n<\/div>\n<div class=\"Tweet-body e-entry-content\" data-scribe=\"component:tweet\">\n<div class=\"u-hiddenVisually js-inViewportScribingTarget\"><\/div>\n<p class=\"Tweet-text e-entry-title\" dir=\"ltr\" lang=\"es\">\u201c<a class=\"PrettyLink hashtag customisable\" dir=\"ltr\" href=\"https:\/\/twitter.com\/hashtag\/Electricaribe?src=hash\" rel=\"tag\" data-query-source=\"hashtag_click\" data-scribe=\"element:hashtag\"><span class=\"PrettyLink-prefix\">#<\/span><span class=\"PrettyLink-value\">Electricaribe<\/span><\/a> no hizo las inversiones que ten\u00eda que hacer en 17 a\u00f1os, adem\u00e1s se tumb\u00f3 parte de los subsidios que el gobierno entregaba para los pobres. Todo esto con la alcahueter\u00eda de todos los gobiernos\u201d<a class=\"PrettyLink hashtag customisable\" dir=\"ltr\" href=\"https:\/\/twitter.com\/hashtag\/VotoRobledoPolo1?src=hash\" rel=\"tag\" data-query-source=\"hashtag_click\" data-scribe=\"element:hashtag\"><span class=\"PrettyLink-prefix\">#<\/span><span class=\"PrettyLink-value\">VotoRobledoPolo1<\/span><\/a> <a class=\"PrettyLink hashtag customisable\" dir=\"ltr\" href=\"https:\/\/twitter.com\/hashtag\/EstePa%C3%ADsS%C3%ADTieneArreglo?src=hash\" rel=\"tag\" data-query-source=\"hashtag_click\" data-scribe=\"element:hashtag\"><span class=\"PrettyLink-prefix\">#<\/span><span class=\"PrettyLink-value\">EstePa\u00edsS\u00edTieneArreglo<\/span><\/a> <img data-recalc-dims=\"1\" decoding=\"async\" class=\"Emoji Emoji--forText\" title=\"Flag of Colombia\" draggable=\"false\" src=\"https:\/\/i0.wp.com\/abs.twimg.com\/emoji\/v2\/72x72\/1f1e8-1f1f4.png?w=800&#038;ssl=1\" alt=\"&#x1f1e8;&#x1f1f4;\" aria-label=\"Emoji: Flag of Colombia\" \/><\/p>\n<\/div>\n<\/blockquote>\n<\/div>\n<div class=\"tweet-InformationCircle--top tweet-InformationCircle--topEdge tweet-InformationCircle\" data-scribe=\"element:notice\"><\/div>\n<\/div>\n<div class=\"resize-sensor\"><\/div>\n<\/div>\n<p>Robledo tambi\u00e9n se\u00f1al\u00f3 que queda en evidencia que el plan del gobierno es salvar a toda costa los intereses de los propietarios de Electricaribe, as\u00ed eso implique graves da\u00f1os a los intereses de los coste\u00f1os, los trabajadores de la empresa y a las finanzas p\u00fablicas nacionales. Eletricaribe sigue siendo un ejemplo de malas relaciones con inversionistas extranjeros. Inversi\u00f3n extranjera s\u00ed, pero no as\u00ed, concluy\u00f3 Robledo.<\/p>\n","protected":false},"excerpt":{"rendered":"<p>Oficina de prensa del senador Jorge Enrique Robledo, Bogot\u00e1, febrero 7 de 2018 Otros 455.000 millones de pesos en riesgo; 10 millones de coste\u00f1os afectados por las p\u00e9simas decisiones del gobierno y los abusos de la multinacional \u201cSigue la alcahueter\u00eda del gobierno con los se\u00f1ores de Electricaribe,\u201d se\u00f1al\u00f3 el senador Jorge Enrique Robledo ante la [&hellip;]<\/p>\n","protected":false},"author":1,"featured_media":14426,"comment_status":"open","ping_status":"open","sticky":false,"template":"","format":"standard","meta":{"advanced_seo_description":"","jetpack_seo_html_title":"","jetpack_seo_noindex":false,"_jetpack_memberships_contains_paid_content":false,"footnotes":""},"categories":[102,97,4,98,108],"tags":[],"class_list":["post-14425","post","type-post","status-publish","format-standard","has-post-thumbnail","hentry","category-economia","category-imperialismo-y-neoliberalismo","category-jorge-enrique-robledo","category-politica","category-servicios-publicos-articulos-de-actualidad"],"jetpack_featured_media_url":"https:\/\/i0.wp.com\/moir.com.co\/web\/wp-content\/uploads\/2018\/02\/electricaribe2018.jpg?fit=768%2C511&ssl=1","jetpack-related-posts":[{"id":13865,"url":"https:\/\/moir.com.co\/web\/la-cuenta-del-desfalco-de-electricaribe-sigue-subiendo-robledo\/","url_meta":{"origin":14425,"position":0},"title":"La cuenta del desfalco de Electricaribe sigue subiendo: Robledo","author":"admin","date":"noviembre 18, 2017","format":false,"excerpt":"Oficina de prensa del senador y candidato presidencial del Polo Jorge Enrique Robledo, Bogot\u00e1, noviembre 18 de 2017 Contralor\u00eda descubre otros $200.000 millones que les tumb\u00f3 la multinacional espa\u00f1ola a sus usuarios. \u201cLos abusos de Electricaribe en contra de los coste\u00f1os no ten\u00edan l\u00edmites\u201d, se\u00f1al\u00f3 el candidato presidencial y senador\u2026","rel":"","context":"En \u00abEconom\u00eda\u00bb","block_context":{"text":"Econom\u00eda","link":"https:\/\/moir.com.co\/web\/category\/temas\/economia\/"},"img":{"alt_text":"","src":"https:\/\/i0.wp.com\/moir.com.co\/web\/wp-content\/uploads\/2017\/11\/electricaribenomas.png?fit=729%2C427&ssl=1&resize=350%2C200","width":350,"height":200,"srcset":"https:\/\/i0.wp.com\/moir.com.co\/web\/wp-content\/uploads\/2017\/11\/electricaribenomas.png?fit=729%2C427&ssl=1&resize=350%2C200 1x, https:\/\/i0.wp.com\/moir.com.co\/web\/wp-content\/uploads\/2017\/11\/electricaribenomas.png?fit=729%2C427&ssl=1&resize=525%2C300 1.5x, https:\/\/i0.wp.com\/moir.com.co\/web\/wp-content\/uploads\/2017\/11\/electricaribenomas.png?fit=729%2C427&ssl=1&resize=700%2C400 2x"},"classes":[]},{"id":14334,"url":"https:\/\/moir.com.co\/web\/el-desfalco-de-eletricaribe-no-lo-deben-pagar-ni-los-usuarios-ni-los-trabajadores-robledo\/","url_meta":{"origin":14425,"position":1},"title":"El desfalco de Eletricaribe no lo deben pagar ni los usuarios ni los trabajadores: Robledo","author":"admin","date":"enero 24, 2018","format":false,"excerpt":"Oficina de prensa del senador Jorge Enrique Robledo, Bogot\u00e1, enero 24 de 2018 Se vienen nuevas alzas en las tarifas de Electricaribe y recortes de los derechos laborales; que se haga p\u00fablico el informe de la FDN; el gobierno se quedar\u00e1 con el hueso y el privado con el lomo\u2026","rel":"","context":"En \u00abEconom\u00eda\u00bb","block_context":{"text":"Econom\u00eda","link":"https:\/\/moir.com.co\/web\/category\/temas\/economia\/"},"img":{"alt_text":"","src":"","width":0,"height":0},"classes":[]},{"id":10941,"url":"https:\/\/moir.com.co\/web\/lo-de-electricaribe-es-un-autentico-desastre-robledo\/","url_meta":{"origin":14425,"position":2},"title":"Lo de Electricaribe es un aut\u00e9ntico desastre: Robledo","author":"admin","date":"noviembre 9, 2016","format":false,"excerpt":"Oficina de prensa del senador Jorge Enrique Robledo, Bogot\u00e1, noviembre 9 de 2016 $4.5 billones en subsidios del Estado sin que se d\u00e9 ninguna participaci\u00f3n accionaria; la multinacional espa\u00f1ola incumple todas sus obligaciones legales; Electricarbe recuerda los atropeyos de la Colonia espa\u00f1ola. \u201cLlev\u00f3 a\u00f1os denunciando el desastre de Electricaribe sin\u2026","rel":"","context":"En \u00abEconom\u00eda\u00bb","block_context":{"text":"Econom\u00eda","link":"https:\/\/moir.com.co\/web\/category\/temas\/economia\/"},"img":{"alt_text":"","src":"https:\/\/i0.wp.com\/moir.com.co\/web\/wp-content\/uploads\/2016\/11\/electricaribenomas.png?fit=729%2C427&ssl=1&resize=350%2C200","width":350,"height":200,"srcset":"https:\/\/i0.wp.com\/moir.com.co\/web\/wp-content\/uploads\/2016\/11\/electricaribenomas.png?fit=729%2C427&ssl=1&resize=350%2C200 1x, https:\/\/i0.wp.com\/moir.com.co\/web\/wp-content\/uploads\/2016\/11\/electricaribenomas.png?fit=729%2C427&ssl=1&resize=525%2C300 1.5x, https:\/\/i0.wp.com\/moir.com.co\/web\/wp-content\/uploads\/2016\/11\/electricaribenomas.png?fit=729%2C427&ssl=1&resize=700%2C400 2x"},"classes":[]},{"id":8182,"url":"https:\/\/moir.com.co\/web\/senador-robledo-rechaza-amenazas-y-cortes-masivos-de-electricaribe\/","url_meta":{"origin":14425,"position":3},"title":"Senador Robledo rechaza amenazas y cortes masivos de Electricaribe","author":"admin","date":"enero 22, 2014","format":false,"excerpt":"En cuatro meses las deudas de los usuarios m\u00e1s pobres han aumentado en 40 mil millones de pesos. Electricaribe amenaza con cortarles el servicio a cientos de miles de familias. Se requiere de un plan de salvamento para ponerle fin a la crisis. Los directivos de Energ\u00eda Social, filial de\u2026","rel":"","context":"En \u00abJorge Enrique Robledo\u00bb","block_context":{"text":"Jorge Enrique Robledo","link":"https:\/\/moir.com.co\/web\/category\/jorge-enrique-robledo\/"},"img":{"alt_text":"","src":"","width":0,"height":0},"classes":[]},{"id":10101,"url":"https:\/\/moir.com.co\/web\/no-mas-electricaribe-senador-robledo\/","url_meta":{"origin":14425,"position":4},"title":"No m\u00e1s Electricaribe: senador Robledo","author":"admin","date":"abril 19, 2016","format":false,"excerpt":"Inadmisible el apag\u00f3n en Reficar Es inaceptable que por unos aguaceros, Barranquilla, Soledad, Malambo, Sabanagrande y Santo Tom\u00e1s se queden sin luz por 24 horas y m\u00e1s. \u00a1No m\u00e1s Electricaribe!, expres\u00f3 el senador Jorge Enrique Robledo en solidaridad con los atlanticenses y dem\u00e1s pobladores de la Costa Caribe que a\u2026","rel":"","context":"En \u00abJorge Enrique Robledo\u00bb","block_context":{"text":"Jorge Enrique Robledo","link":"https:\/\/moir.com.co\/web\/category\/jorge-enrique-robledo\/"},"img":{"alt_text":"","src":"","width":0,"height":0},"classes":[]},{"id":7877,"url":"https:\/\/moir.com.co\/web\/electricaribe-y-energia-social-modelo-de-indignidad-para-los-ciudadanos-de-la-costa-atlantica\/","url_meta":{"origin":14425,"position":5},"title":"Electricaribe y Energ\u00eda Social modelo de indignidad para los ciudadanos de la Costa Atl\u00e1ntica","author":"admin","date":"septiembre 6, 2013","format":false,"excerpt":"En Comisi\u00f3n Quinta se debatir\u00e1 sobre las p\u00e9simas condiciones del servicio de energ\u00eda el\u00e9ctrica en la Costa Atl\u00e1ntica. El Senador Robledo explicar\u00e1 por qu\u00e9 la privatizaci\u00f3n de las electrificadoras regi\u00f3n dejaron para la Naci\u00f3n el hueso y el lomo del negocio a la multinacional Uni\u00f3n Fenosa. Este martes 10 de\u2026","rel":"","context":"En \u00abJorge Enrique Robledo\u00bb","block_context":{"text":"Jorge Enrique Robledo","link":"https:\/\/moir.com.co\/web\/category\/jorge-enrique-robledo\/"},"img":{"alt_text":"","src":"","width":0,"height":0},"classes":[]}],"jetpack_sharing_enabled":true,"_links":{"self":[{"href":"https:\/\/moir.com.co\/web\/wp-json\/wp\/v2\/posts\/14425","targetHints":{"allow":["GET"]}}],"collection":[{"href":"https:\/\/moir.com.co\/web\/wp-json\/wp\/v2\/posts"}],"about":[{"href":"https:\/\/moir.com.co\/web\/wp-json\/wp\/v2\/types\/post"}],"author":[{"embeddable":true,"href":"https:\/\/moir.com.co\/web\/wp-json\/wp\/v2\/users\/1"}],"replies":[{"embeddable":true,"href":"https:\/\/moir.com.co\/web\/wp-json\/wp\/v2\/comments?post=14425"}],"version-history":[{"count":1,"href":"https:\/\/moir.com.co\/web\/wp-json\/wp\/v2\/posts\/14425\/revisions"}],"predecessor-version":[{"id":14427,"href":"https:\/\/moir.com.co\/web\/wp-json\/wp\/v2\/posts\/14425\/revisions\/14427"}],"wp:featuredmedia":[{"embeddable":true,"href":"https:\/\/moir.com.co\/web\/wp-json\/wp\/v2\/media\/14426"}],"wp:attachment":[{"href":"https:\/\/moir.com.co\/web\/wp-json\/wp\/v2\/media?parent=14425"}],"wp:term":[{"taxonomy":"category","embeddable":true,"href":"https:\/\/moir.com.co\/web\/wp-json\/wp\/v2\/categories?post=14425"},{"taxonomy":"post_tag","embeddable":true,"href":"https:\/\/moir.com.co\/web\/wp-json\/wp\/v2\/tags?post=14425"}],"curies":[{"name":"wp","href":"https:\/\/api.w.org\/{rel}","templated":true}]}}