{"id":14412,"date":"2018-02-05T16:50:30","date_gmt":"2018-02-05T16:50:30","guid":{"rendered":"https:\/\/moir.org.co\/web\/?p=14412"},"modified":"2018-02-05T16:50:30","modified_gmt":"2018-02-05T16:50:30","slug":"la-indignacion-de-los-desempleados","status":"publish","type":"post","link":"https:\/\/moir.com.co\/web\/la-indignacion-de-los-desempleados\/","title":{"rendered":"La indignaci\u00f3n de los desempleados"},"content":{"rendered":"<p><strong>Mario Alejandro Valencia, Bogot\u00e1, febrero 5 de 2018<\/strong><\/p>\n<p>No es extra\u00f1o que las recientes encuestas coincidan en que el problema m\u00e1s apremiante que percibe la ciudadan\u00eda colombiana es el desempleo. La preocupaci\u00f3n est\u00e1 plenamente justificada. En medio de la desaceleraci\u00f3n econ\u00f3mica reciente, el m\u00e1s afectado ha sido el mercado laboral, que entre 2010 y 2016 cre\u00f3 2 % anuales de nuevos ocupados, en tanto la producci\u00f3n creci\u00f3 al doble. En este periodo, de los casi 3 millones de nuevos ocupados creados, el 97 % fue en el sector servicios, en \u00e1reas de alta informalidad como el comercio, la construcci\u00f3n y el transporte, mientras los sectores de la producci\u00f3n real y de mayor valor agregado solo representaron el 3 % de la nueva ocupaci\u00f3n.<\/p>\n<p>Por eso ofende que el presidente de la Rep\u00fablica y el ministro de Hacienda hayan dado un parte de tranquilidad, manipulando las recientes cifras laborales del Dane y burl\u00e1ndose de la tragedia que sufren millones de hogares que no tienen acceso a un trabajo decente. El colmo del cinismo es un gobierno celebrando que el desempleo aument\u00f3.<\/p>\n<p>Durante 2017 hubo 65.000 desocupados y 212.000 inactivos m\u00e1s. Los trabajadores por cuenta propia y los que trabajan sin remuneraci\u00f3n en la familia o empresas ya representan el 48 % de la ocupaci\u00f3n total, \u00a1a punto de superar a los empleados! y 63,5 % de los ocupados no cotizaron a pensiones. No nos llamemos a enga\u00f1os, lo que abunda en Colombia es el rebusque para sobrevivir, camuflado de empleo por estad\u00edsticas ama\u00f1adas que -de sincerarse- mostrar\u00edan que el desempleo real es de 20%.<\/p>\n<p>La f\u00f3rmula establecida por el actual gobierno es escalofriante. Primero: quiebra a las empresas con pol\u00edticas p\u00fablicas antiproducci\u00f3n. Segundo: en la calle, la ciudadan\u00eda se ve obligada a las ventas ambulantes. Tercero: Gobierno y Congreso aprueban un c\u00f3digo de polic\u00eda que judicializa las ventas ambulantes. Cuarto: sus candidatos obtienen votos prometiendo pol\u00edticas asistencialistas, tipo Familias en Acci\u00f3n. Resultado: el c\u00edrculo de pobreza y sometimiento est\u00e1 completo, para garantizar su continuidad en el poder.<\/p>\n<p>El presidente Santos y sus ac\u00f3litos est\u00e1n embelesados con que les den el visto bueno en la OCDE, para quienes el salario m\u00ednimo de Colombia es muy alto. Mientras tanto, el drama de millones es la imposibilidad de encontrar un trabajo estable y bien remunerado, como consecuencia de una pol\u00edtica econ\u00f3mica cuyo \u00e9xito consiste en rezar para que el precio del petr\u00f3leo suba. Se debe hacer todo lo democr\u00e1ticamente posible para que la indignaci\u00f3n de los desempleados se refleje en las urnas.<\/p>\n","protected":false},"excerpt":{"rendered":"<p>Mario Alejandro Valencia, Bogot\u00e1, febrero 5 de 2018 No es extra\u00f1o que las recientes encuestas coincidan en que el problema m\u00e1s apremiante que percibe la ciudadan\u00eda colombiana es el desempleo. La preocupaci\u00f3n est\u00e1 plenamente justificada. En medio de la desaceleraci\u00f3n econ\u00f3mica reciente, el m\u00e1s afectado ha sido el mercado laboral, que entre 2010 y 2016 [&hellip;]<\/p>\n","protected":false},"author":1,"featured_media":14413,"comment_status":"open","ping_status":"open","sticky":false,"template":"","format":"standard","meta":{"advanced_seo_description":"","jetpack_seo_html_title":"","jetpack_seo_noindex":false,"_jetpack_memberships_contains_paid_content":false,"footnotes":""},"categories":[102,97,98,109],"tags":[],"class_list":["post-14412","post","type-post","status-publish","format-standard","has-post-thumbnail","hentry","category-economia","category-imperialismo-y-neoliberalismo","category-politica","category-sindical"],"jetpack_featured_media_url":"https:\/\/i0.wp.com\/moir.com.co\/web\/wp-content\/uploads\/2018\/02\/desempleo4.jpg?fit=700%2C514&ssl=1","jetpack-related-posts":[{"id":8808,"url":"https:\/\/moir.com.co\/web\/la-caficultura-sigue-en-crisis\/","url_meta":{"origin":14412,"position":0},"title":"La caficultura sigue en crisis","author":"admin","date":"octubre 20, 2014","format":false,"excerpt":"A la mejor\u00eda en el precio que reciben los cafeteros se le ha interpuesto el verano que golpe\u00f3 a la regi\u00f3n central del pa\u00eds. Resurgieron plagas como la broca, con niveles de infestaci\u00f3n entre el 3% y 4%, seg\u00fan la Federaci\u00f3n. Los productores hablan del 10%. En las regiones en\u2026","rel":"","context":"En \u00abTemas\u00bb","block_context":{"text":"Temas","link":"https:\/\/moir.com.co\/web\/category\/temas\/"},"img":{"alt_text":"","src":"","width":0,"height":0},"classes":[]},{"id":13626,"url":"https:\/\/moir.com.co\/web\/narino-entre-la-trampa-de-pobreza-y-la-economia-encubierta\/","url_meta":{"origin":14412,"position":1},"title":"Nari\u00f1o: entre la trampa de pobreza y la econom\u00eda encubierta","author":"admin","date":"octubre 26, 2017","format":false,"excerpt":"Aurelio Su\u00e1rez Montoya, Pasto, octubre 25 de 2017 El ingreso anual por habitante de Nari\u00f1o es de 2.500 d\u00f3lares, similar al de Laos y Yemen, a pesar de que\u00a0ocupa el primer puesto con el mayor n\u00famero de productores de varios tub\u00e9rculos, de banano, durazno, fresa y lulo\u00a0y tambi\u00e9n de especies\u2026","rel":"","context":"En \u00abAgro\u00bb","block_context":{"text":"Agro","link":"https:\/\/moir.com.co\/web\/category\/temas\/agro\/"},"img":{"alt_text":"","src":"","width":0,"height":0},"classes":[]},{"id":13514,"url":"https:\/\/moir.com.co\/web\/etanol-otro-sector-en-via-de-extincion\/","url_meta":{"origin":14412,"position":2},"title":"Etanol, otro sector en v\u00eda de extinci\u00f3n","author":"admin","date":"octubre 16, 2017","format":false,"excerpt":"Mario Alejandro Valencia, Bogot\u00e1, octubre 16 de 2017 En 2001 se expidi\u00f3 la legislaci\u00f3n que regula el uso de alcohol carburante en mezcla con la gasolina y di\u00e9sel, con el prop\u00f3sito de sanear ambientalmente y \u201ccomo dinamizador de la producci\u00f3n agropecuaria y del empleo productivo, tanto agr\u00edcola como industrial\u201d, como\u2026","rel":"","context":"En \u00abAgro\u00bb","block_context":{"text":"Agro","link":"https:\/\/moir.com.co\/web\/category\/temas\/agro\/"},"img":{"alt_text":"","src":"https:\/\/i0.wp.com\/moir.com.co\/web\/wp-content\/uploads\/2017\/10\/etanoldinero.jpg?fit=800%2C420&ssl=1&resize=350%2C200","width":350,"height":200,"srcset":"https:\/\/i0.wp.com\/moir.com.co\/web\/wp-content\/uploads\/2017\/10\/etanoldinero.jpg?fit=800%2C420&ssl=1&resize=350%2C200 1x, https:\/\/i0.wp.com\/moir.com.co\/web\/wp-content\/uploads\/2017\/10\/etanoldinero.jpg?fit=800%2C420&ssl=1&resize=525%2C300 1.5x, https:\/\/i0.wp.com\/moir.com.co\/web\/wp-content\/uploads\/2017\/10\/etanoldinero.jpg?fit=800%2C420&ssl=1&resize=700%2C400 2x"},"classes":[]},{"id":15147,"url":"https:\/\/moir.com.co\/web\/como-hacerse-pobre\/","url_meta":{"origin":14412,"position":3},"title":"\u00bfC\u00f3mo hacerse pobre?","author":"admin","date":"mayo 22, 2018","format":false,"excerpt":"Mario Alejandro Valencia, Bogot\u00e1, mayo 21 de 2018 Hay una combinaci\u00f3n de malas decisiones individuales y colectivas que pueden llevar a una persona o -incluso- a toda una sociedad a la pobreza. Naturalmente hay individuos que por diversas condiciones personales, familiares o culturales, llevan una vida de poco esfuerzo, disciplina\u2026","rel":"","context":"En \u00abAgro\u00bb","block_context":{"text":"Agro","link":"https:\/\/moir.com.co\/web\/category\/temas\/agro\/"},"img":{"alt_text":"","src":"","width":0,"height":0},"classes":[]},{"id":10873,"url":"https:\/\/moir.com.co\/web\/una-excelente-opcion-para-2018\/","url_meta":{"origin":14412,"position":4},"title":"Una excelente opci\u00f3n para 2018","author":"admin","date":"noviembre 4, 2016","format":false,"excerpt":"Juan Pablo Puentes Vargas, opanoticias, noviembre 4 de 2016 En tan solo a\u00f1o y medio el pa\u00eds deber\u00e1 elegir al pr\u00f3ximo presidente. Esta elecci\u00f3n ser\u00e1 fundamental. Una de las razones para ello es que por primera vez en mucho tiempo el tema del conflicto armado podr\u00eda no ser el determinante\u2026","rel":"","context":"En \u00abEconom\u00eda\u00bb","block_context":{"text":"Econom\u00eda","link":"https:\/\/moir.com.co\/web\/category\/temas\/economia\/"},"img":{"alt_text":"","src":"https:\/\/i0.wp.com\/moir.com.co\/web\/wp-content\/uploads\/2016\/10\/robledocandidato2018_2.jpg?fit=800%2C420&ssl=1&resize=350%2C200","width":350,"height":200,"srcset":"https:\/\/i0.wp.com\/moir.com.co\/web\/wp-content\/uploads\/2016\/10\/robledocandidato2018_2.jpg?fit=800%2C420&ssl=1&resize=350%2C200 1x, https:\/\/i0.wp.com\/moir.com.co\/web\/wp-content\/uploads\/2016\/10\/robledocandidato2018_2.jpg?fit=800%2C420&ssl=1&resize=525%2C300 1.5x, https:\/\/i0.wp.com\/moir.com.co\/web\/wp-content\/uploads\/2016\/10\/robledocandidato2018_2.jpg?fit=800%2C420&ssl=1&resize=700%2C400 2x"},"classes":[]},{"id":15223,"url":"https:\/\/moir.com.co\/web\/ley-de-convergencia-eliminacion-de-la-television-publica-y-monopolizacion-del-sector\/","url_meta":{"origin":14412,"position":5},"title":"Ley de Convergencia: eliminaci\u00f3n de la televisi\u00f3n p\u00fablica y monopolizaci\u00f3n del sector","author":"admin","date":"junio 5, 2018","format":false,"excerpt":"Unidad Nacional de Artistas, UNA, Bogot\u00e1, junio 3 de 2018 Dentro de las recomendaciones de la Organizaci\u00f3n para la Cooperaci\u00f3n y el Desarrollo-OCDE-, selecto club de los \u201cricos\u201d, en el cual Colombia acaba de ser aceptada, est\u00e1 la creaci\u00f3n de un \u00fanico regulador convergente para la provisi\u00f3n de redes y\u2026","rel":"","context":"En \u00abArtes\u00bb","block_context":{"text":"Artes","link":"https:\/\/moir.com.co\/web\/category\/temas\/artes\/"},"img":{"alt_text":"","src":"https:\/\/i0.wp.com\/moir.com.co\/web\/wp-content\/uploads\/2018\/06\/UNA.png?fit=742%2C386&ssl=1&resize=350%2C200","width":350,"height":200,"srcset":"https:\/\/i0.wp.com\/moir.com.co\/web\/wp-content\/uploads\/2018\/06\/UNA.png?fit=742%2C386&ssl=1&resize=350%2C200 1x, https:\/\/i0.wp.com\/moir.com.co\/web\/wp-content\/uploads\/2018\/06\/UNA.png?fit=742%2C386&ssl=1&resize=525%2C300 1.5x, https:\/\/i0.wp.com\/moir.com.co\/web\/wp-content\/uploads\/2018\/06\/UNA.png?fit=742%2C386&ssl=1&resize=700%2C400 2x"},"classes":[]}],"jetpack_sharing_enabled":true,"_links":{"self":[{"href":"https:\/\/moir.com.co\/web\/wp-json\/wp\/v2\/posts\/14412","targetHints":{"allow":["GET"]}}],"collection":[{"href":"https:\/\/moir.com.co\/web\/wp-json\/wp\/v2\/posts"}],"about":[{"href":"https:\/\/moir.com.co\/web\/wp-json\/wp\/v2\/types\/post"}],"author":[{"embeddable":true,"href":"https:\/\/moir.com.co\/web\/wp-json\/wp\/v2\/users\/1"}],"replies":[{"embeddable":true,"href":"https:\/\/moir.com.co\/web\/wp-json\/wp\/v2\/comments?post=14412"}],"version-history":[{"count":1,"href":"https:\/\/moir.com.co\/web\/wp-json\/wp\/v2\/posts\/14412\/revisions"}],"predecessor-version":[{"id":14414,"href":"https:\/\/moir.com.co\/web\/wp-json\/wp\/v2\/posts\/14412\/revisions\/14414"}],"wp:featuredmedia":[{"embeddable":true,"href":"https:\/\/moir.com.co\/web\/wp-json\/wp\/v2\/media\/14413"}],"wp:attachment":[{"href":"https:\/\/moir.com.co\/web\/wp-json\/wp\/v2\/media?parent=14412"}],"wp:term":[{"taxonomy":"category","embeddable":true,"href":"https:\/\/moir.com.co\/web\/wp-json\/wp\/v2\/categories?post=14412"},{"taxonomy":"post_tag","embeddable":true,"href":"https:\/\/moir.com.co\/web\/wp-json\/wp\/v2\/tags?post=14412"}],"curies":[{"name":"wp","href":"https:\/\/api.w.org\/{rel}","templated":true}]}}