{"id":14406,"date":"2018-02-03T15:25:43","date_gmt":"2018-02-03T15:25:43","guid":{"rendered":"https:\/\/moir.org.co\/web\/?p=14406"},"modified":"2018-02-03T15:25:43","modified_gmt":"2018-02-03T15:25:43","slug":"no-caer-en-el-juego-de-los-mismos-con-las-mismas","status":"publish","type":"post","link":"https:\/\/moir.com.co\/web\/no-caer-en-el-juego-de-los-mismos-con-las-mismas\/","title":{"rendered":"No caer en el juego de \u201clos mismos con las mismas\u201d."},"content":{"rendered":"<p><strong>Jorge Enrique Robledo, Bogot\u00e1, febrero 2 de 2018<\/strong><\/p>\n<div>Estas elecciones aparecen como las m\u00e1s enredadas de la historia de Colombia. Pero si se analizan los aspectos principales se entiende que la decisi\u00f3n se limita a escoger entre continuismo o cambio y a si nos resignamos a caer o no en la celada de escoger entre los candidatos de \u201clos mismos con las mismas\u201d, conocidos hoy como Centro Democr\u00e1tico y Unidad Nacional, incluyendo en el santismo a unos que fueron sus contradictores. De ah\u00ed que quieran obligarnos a votar por el que diga Uribe o Santos o Pastrana o Samper o Gaviria, como en una pesadilla en la que el horror se repite y se repite por toda la eternidad y en la que, sin importar qui\u00e9n gane la jefatura del Estado, siempre ganan \u201clos mismos\u201d y sus compa\u00f1eros de negocios en contra del progreso nacional.<\/div>\n<div><\/div>\n<div>El eje de la enga\u00f1ifa es el mismo que con \u00e9xito usaron en la elecci\u00f3n del 2014 y en varias de las anteriores: que el debate sobre el drama de la violencia y del proceso de paz impida hablar sobre los dem\u00e1s problemas nacionales \u2013pobreza y desempleo, dependencia, ambiente, crisis de la salud, la educaci\u00f3n, el agro y la industria y en especial la gran corrupci\u00f3n\u2013, para que sobre ellos poco a nada se discuta y, ante todo, no se juzgue la responsabilidad pol\u00edtica en estos desastres y los \u201cmismos con las mismas\u201d puedan presentarse con una capacidad de enga\u00f1o cero kil\u00f3metros, parapetados en la consabida lista de mercado de sus falsas soluciones y como si estuvi\u00e9ramos en el primer d\u00eda de la creaci\u00f3n.<\/div>\n<div><\/div>\n<div>Y no es que sobre el proceso de paz no pueda debatirse, pues esa es una controversia natural. Lo que se desenmascara es el truco de volverlo pelea de perros y gatos, de insultos y mentiras, para llenar de odio y de miedo al pa\u00eds, mientras los ide\u00f3logos de la maniobra ocultan que, si se except\u00faa el proceso de paz, en nada medular antagonizan las c\u00fapulas de la Unidad Nacional y el Centro Democr\u00e1tico, como lo atestiguan incontables hechos, al igual que sus votaciones conjuntas en el Senado y la C\u00e1mara en los \u00faltimos cuatro a\u00f1os.<\/div>\n<div><\/div>\n<div>En efecto, si se except\u00faan las leyes del proceso de paz y la reforma tributaria, todas las peores reformas legales del santismo \u2013incluido all\u00ed, como es obvio, el ahora escurridizo vargasllerismo\u2013 fueron aprobadas por el uribismo. Adem\u00e1s existe un hecho que cualquiera puede constatar: Santos continu\u00f3 la mala pol\u00edtica econ\u00f3mica de Uribe y no pocos de los altos funcionarios actuales, por ejemplo, han trabajado en los dos gobiernos. Y las p\u00e9simas decisiones sobre Reficar y Ecopetrol son compartidas, al igual que lo sucedido con Odebrecht-Corficolombiana, donde el uno firm\u00f3 el contrato de la Ruta del Sol II y el otro le hizo la adici\u00f3n al de Oca\u00f1a-Gamarra.<\/div>\n<div><\/div>\n<div>Como una posici\u00f3n diferente, la Coalici\u00f3n Colombia \u2013Polo Democr\u00e1tico, Alianza Verde y Compromiso Ciudadano, m\u00e1s todos los colombianos sin distingos sociales y pol\u00edticos que quieran darle un giro democr\u00e1tico al pa\u00eds\u2013, con Sergio Fajardo a la cabeza, no va a caer en la trampa de convertir las elecciones presidenciales en una repetici\u00f3n est\u00e9ril de la campa\u00f1a del S\u00ed y el No, como desean \u201clos mismos\u201d. Y tambi\u00e9n luchamos para que el pa\u00eds supere la astuta y extrema polarizaci\u00f3n que nos quieren imponer para reducir la controversia pol\u00edtica a la falacia de que quien no sea uribista es castro-chavista y quien no sea santista es paramilitar. Todo para que no puedan tratarse a fondo las causas de los problemas nacionales y no permitir poner en el primer plano el debate sobre c\u00f3mo derrotar el sistema de corrupci\u00f3n prevaleciente, el cual nos arrebata toda posibilidad de salir de la trampa de atraso y desigualdad social a la que nos tienen sometidos, por lo que han hecho o por lo que no han hecho, \u201clos mismos con las mismas\u201d, en especial desde el gobierno de C\u00e9sar Gaviria.<\/div>\n<div><\/div>\n<div>Por las caracter\u00edsticas de la Coalici\u00f3n Colombia y de Sergio Fajardo, puede afirmarse que esta es la mejor posibilidad de vencer a los candidatos de \u201clos mismos\u201d, como lo confirma el gran respaldo que les est\u00e1n dando tantos colombianos y los ataques de las barras bravas de los contrincantes.<\/div>\n","protected":false},"excerpt":{"rendered":"<p>Jorge Enrique Robledo, Bogot\u00e1, febrero 2 de 2018 Estas elecciones aparecen como las m\u00e1s enredadas de la historia de Colombia. Pero si se analizan los aspectos principales se entiende que la decisi\u00f3n se limita a escoger entre continuismo o cambio y a si nos resignamos a caer o no en la celada de escoger entre [&hellip;]<\/p>\n","protected":false},"author":1,"featured_media":14407,"comment_status":"open","ping_status":"open","sticky":false,"template":"","format":"standard","meta":{"advanced_seo_description":"","jetpack_seo_html_title":"","jetpack_seo_noindex":false,"_jetpack_memberships_contains_paid_content":false,"footnotes":""},"categories":[102,97,4,98],"tags":[],"class_list":["post-14406","post","type-post","status-publish","format-standard","has-post-thumbnail","hentry","category-economia","category-imperialismo-y-neoliberalismo","category-jorge-enrique-robledo","category-politica"],"jetpack_featured_media_url":"https:\/\/i0.wp.com\/moir.com.co\/web\/wp-content\/uploads\/2018\/02\/mismosconlasmismas.jpg?fit=768%2C403&ssl=1","jetpack-related-posts":[{"id":14161,"url":"https:\/\/moir.com.co\/web\/los-hechos-confirman-nuestra-peor-preocupacion-sobre-navelena-odebrecht-y-banco-agrario-robledo\/","url_meta":{"origin":14406,"position":0},"title":"Los hechos confirman nuestra peor preocupaci\u00f3n sobre Navelena Odebrecht y Banco Agrario: Robledo","author":"admin","date":"diciembre 22, 2017","format":false,"excerpt":"Oficina de prensa del senador Jorge Enrique Robledo, Bogot\u00e1, diciembre 21 de 2017 Contralor\u00eda General denuncia que CorMagdalena le pag\u00f3 a Navelena\u00a0Odebrecht $253.000 millones sin sustentos\u00a0aceptables. Con esa plata le pag\u00f3 Navelena Odebrecht los $156.000 millones al Banco Agrario \u201cEstamos ante la c\u00faspide la corrupci\u00f3n nacional. Es inaceptable que el\u2026","rel":"","context":"En \u00abEconom\u00eda\u00bb","block_context":{"text":"Econom\u00eda","link":"https:\/\/moir.com.co\/web\/category\/temas\/economia\/"},"img":{"alt_text":"","src":"https:\/\/i0.wp.com\/moir.com.co\/web\/wp-content\/uploads\/2017\/12\/bancoagrarioodebrecht.jpg?fit=768%2C407&ssl=1&resize=350%2C200","width":350,"height":200,"srcset":"https:\/\/i0.wp.com\/moir.com.co\/web\/wp-content\/uploads\/2017\/12\/bancoagrarioodebrecht.jpg?fit=768%2C407&ssl=1&resize=350%2C200 1x, https:\/\/i0.wp.com\/moir.com.co\/web\/wp-content\/uploads\/2017\/12\/bancoagrarioodebrecht.jpg?fit=768%2C407&ssl=1&resize=525%2C300 1.5x, https:\/\/i0.wp.com\/moir.com.co\/web\/wp-content\/uploads\/2017\/12\/bancoagrarioodebrecht.jpg?fit=768%2C407&ssl=1&resize=700%2C400 2x"},"classes":[]},{"id":14482,"url":"https:\/\/moir.com.co\/web\/video-esta-campana-es-para-que-no-vuelvan-a-ganar-los-mismos-robledo-en-ibague\/","url_meta":{"origin":14406,"position":1},"title":"Video: Esta campa\u00f1a es para que no vuelvan a ganar los mismos, Robledo en Ibagu\u00e9","author":"admin","date":"febrero 14, 2018","format":"video","excerpt":"Intervenci\u00f3n de Jorge Robledo en Ibagu\u00e9, reunido co taxistas, j\u00f3venes y medios de comunicaci\u00f3n regionales del Tolima. #VotoRobledoPolo1\u00a0Ibagu\u00e9, febrero 13 de 2018","rel":"","context":"En \u00abAgro\u00bb","block_context":{"text":"Agro","link":"https:\/\/moir.com.co\/web\/category\/temas\/agro\/"},"img":{"alt_text":"","src":"","width":0,"height":0},"classes":[]},{"id":13954,"url":"https:\/\/moir.com.co\/web\/si-es-posible-coalicion-colombia-obtiene-su-primer-triunfo-electoral-y-gana-la-alcaldia-de-yopal\/","url_meta":{"origin":14406,"position":2},"title":"\u00a1S\u00ed es posible! Coalici\u00f3n Colombia obtiene su primer triunfo electoral y gana la alcald\u00eda de Yopal","author":"admin","date":"noviembre 27, 2017","format":false,"excerpt":"Oficina de prensa del senador y candidato presidencial del Polo Jorge Enrique Robledo, Bogot\u00e1, noviembre 27 de 2017 Con el respaldo de Jorge Robledo, Sergio Fajardo y Claudia L\u00f3pez de la Coalici\u00f3n Colombia este domingo con 16.522 votos Leonardo Puentes fue elegido como nuevo alcalde de Yopal en las elecciones\u2026","rel":"","context":"En \u00abJorge Enrique Robledo\u00bb","block_context":{"text":"Jorge Enrique Robledo","link":"https:\/\/moir.com.co\/web\/category\/jorge-enrique-robledo\/"},"img":{"alt_text":"","src":"https:\/\/i0.wp.com\/moir.com.co\/web\/wp-content\/uploads\/2017\/11\/casanarecoalicionyopal.png?fit=768%2C510&ssl=1&resize=350%2C200","width":350,"height":200,"srcset":"https:\/\/i0.wp.com\/moir.com.co\/web\/wp-content\/uploads\/2017\/11\/casanarecoalicionyopal.png?fit=768%2C510&ssl=1&resize=350%2C200 1x, https:\/\/i0.wp.com\/moir.com.co\/web\/wp-content\/uploads\/2017\/11\/casanarecoalicionyopal.png?fit=768%2C510&ssl=1&resize=525%2C300 1.5x, https:\/\/i0.wp.com\/moir.com.co\/web\/wp-content\/uploads\/2017\/11\/casanarecoalicionyopal.png?fit=768%2C510&ssl=1&resize=700%2C400 2x"},"classes":[]},{"id":13147,"url":"https:\/\/moir.com.co\/web\/carta-a-antonio-caballero-sobre-las-elecciones-presidenciales\/","url_meta":{"origin":14406,"position":3},"title":"Carta a Antonio Caballero sobre las elecciones presidenciales","author":"admin","date":"agosto 18, 2017","format":false,"excerpt":"Jorge Enrique Robledo, Bogot\u00e1, agosto 16 de 2017 \"Es verdad que las cosas en Colombia est\u00e1n muy mal, pero que no lo ciegue el pesimismo. Porque este pa\u00eds\u00a0s\u00ed\u00a0tiene arreglo y no est\u00e1 condenado a ser gobernado hasta la eternidad por \u201clos mismos con las mismas\u201d, a quienes cada vez les\u2026","rel":"","context":"En \u00abJorge Enrique Robledo\u00bb","block_context":{"text":"Jorge Enrique Robledo","link":"https:\/\/moir.com.co\/web\/category\/jorge-enrique-robledo\/"},"img":{"alt_text":"","src":"https:\/\/i0.wp.com\/moir.com.co\/web\/wp-content\/uploads\/2016\/10\/robledo5vezelegidomejorsenador.jpg?fit=960%2C960&ssl=1&resize=350%2C200","width":350,"height":200,"srcset":"https:\/\/i0.wp.com\/moir.com.co\/web\/wp-content\/uploads\/2016\/10\/robledo5vezelegidomejorsenador.jpg?fit=960%2C960&ssl=1&resize=350%2C200 1x, https:\/\/i0.wp.com\/moir.com.co\/web\/wp-content\/uploads\/2016\/10\/robledo5vezelegidomejorsenador.jpg?fit=960%2C960&ssl=1&resize=525%2C300 1.5x, https:\/\/i0.wp.com\/moir.com.co\/web\/wp-content\/uploads\/2016\/10\/robledo5vezelegidomejorsenador.jpg?fit=960%2C960&ssl=1&resize=700%2C400 2x"},"classes":[]},{"id":14739,"url":"https:\/\/moir.com.co\/web\/como-vencer-a-los-mismos-con-las-mismas\/","url_meta":{"origin":14406,"position":4},"title":"C\u00f3mo vencer a los mismos con las mismas","author":"admin","date":"marzo 17, 2018","format":false,"excerpt":"Jorge Enrique Robledo, Bogot\u00e1, marzo 16 de 2018 Tal como se advirti\u00f3 en esta columna, el clientelismo y la corrupci\u00f3n se ense\u00f1orearon en las pasadas elecciones. Y como era de esperarse tambi\u00e9n, ya escogieron el chivo expiatorio que sacrificar\u00e1n en el altar de la hipocres\u00eda, para los mismos poder decir\u2026","rel":"","context":"En \u00abEconom\u00eda\u00bb","block_context":{"text":"Econom\u00eda","link":"https:\/\/moir.com.co\/web\/category\/temas\/economia\/"},"img":{"alt_text":"","src":"","width":0,"height":0},"classes":[]},{"id":14349,"url":"https:\/\/moir.com.co\/web\/en-reunion-con-gremios-robledo-destaco-la-importancia-de-crear-riqueza\/","url_meta":{"origin":14406,"position":5},"title":"En reuni\u00f3n con gremios, Robledo destac\u00f3 la importancia de crear riqueza","author":"admin","date":"enero 26, 2018","format":false,"excerpt":"Cr\u00f3nica del Quind\u00edo, Armenia, enero 26 de 2018 El senador advirti\u00f3 que es uno de los problemas m\u00e1s grandes que tiene el pa\u00eds, a lo que se le suman otros factores como la corrupci\u00f3n y la desigualdad. En su visita al Quind\u00edo, el senador Jorge Robledo, en compa\u00f1\u00eda de la\u00a0Coalici\u00f3n\u2026","rel":"","context":"En \u00abAgro\u00bb","block_context":{"text":"Agro","link":"https:\/\/moir.com.co\/web\/category\/temas\/agro\/"},"img":{"alt_text":"","src":"https:\/\/i0.wp.com\/moir.com.co\/web\/wp-content\/uploads\/2018\/01\/robledoeltiempo030118.jpeg?fit=640%2C428&ssl=1&resize=350%2C200","width":350,"height":200,"srcset":"https:\/\/i0.wp.com\/moir.com.co\/web\/wp-content\/uploads\/2018\/01\/robledoeltiempo030118.jpeg?fit=640%2C428&ssl=1&resize=350%2C200 1x, https:\/\/i0.wp.com\/moir.com.co\/web\/wp-content\/uploads\/2018\/01\/robledoeltiempo030118.jpeg?fit=640%2C428&ssl=1&resize=525%2C300 1.5x"},"classes":[]}],"jetpack_sharing_enabled":true,"_links":{"self":[{"href":"https:\/\/moir.com.co\/web\/wp-json\/wp\/v2\/posts\/14406","targetHints":{"allow":["GET"]}}],"collection":[{"href":"https:\/\/moir.com.co\/web\/wp-json\/wp\/v2\/posts"}],"about":[{"href":"https:\/\/moir.com.co\/web\/wp-json\/wp\/v2\/types\/post"}],"author":[{"embeddable":true,"href":"https:\/\/moir.com.co\/web\/wp-json\/wp\/v2\/users\/1"}],"replies":[{"embeddable":true,"href":"https:\/\/moir.com.co\/web\/wp-json\/wp\/v2\/comments?post=14406"}],"version-history":[{"count":1,"href":"https:\/\/moir.com.co\/web\/wp-json\/wp\/v2\/posts\/14406\/revisions"}],"predecessor-version":[{"id":14408,"href":"https:\/\/moir.com.co\/web\/wp-json\/wp\/v2\/posts\/14406\/revisions\/14408"}],"wp:featuredmedia":[{"embeddable":true,"href":"https:\/\/moir.com.co\/web\/wp-json\/wp\/v2\/media\/14407"}],"wp:attachment":[{"href":"https:\/\/moir.com.co\/web\/wp-json\/wp\/v2\/media?parent=14406"}],"wp:term":[{"taxonomy":"category","embeddable":true,"href":"https:\/\/moir.com.co\/web\/wp-json\/wp\/v2\/categories?post=14406"},{"taxonomy":"post_tag","embeddable":true,"href":"https:\/\/moir.com.co\/web\/wp-json\/wp\/v2\/tags?post=14406"}],"curies":[{"name":"wp","href":"https:\/\/api.w.org\/{rel}","templated":true}]}}